{"id":534050,"date":"2025-07-15T10:13:51","date_gmt":"2025-07-15T14:13:51","guid":{"rendered":"https:\/\/diarioelpopular.com\/?p=534050"},"modified":"2025-07-15T10:13:51","modified_gmt":"2025-07-15T14:13:51","slug":"dos-de-los-cinco-hijos-del-dictador-augusto-pinochet-entran-en-una-pugna-por-la-herencia-de-su-padre","status":"publish","type":"post","link":"https:\/\/diarioelpopular.com\/index.php\/2025\/07\/15\/dos-de-los-cinco-hijos-del-dictador-augusto-pinochet-entran-en-una-pugna-por-la-herencia-de-su-padre\/","title":{"rendered":"Dos de los cinco hijos del dictador Augusto Pinochet entran en una pugna por la herencia de su padre"},"content":{"rendered":"<div id=\"attachment_534051\" style=\"width: 1210px\" class=\"wp-caption alignnone\"><img loading=\"lazy\" decoding=\"async\" aria-describedby=\"caption-attachment-534051\" class=\"wp-image-534051 size-custom-big-size\" src=\"https:\/\/diarioelpopular.com\/wp-content\/uploads\/2025\/07\/Screen-Shot-2025-07-15-at-10.13.12-AM-1200x824.png\" alt=\"\" width=\"1200\" height=\"824\" srcset=\"https:\/\/diarioelpopular.com\/wp-content\/uploads\/2025\/07\/Screen-Shot-2025-07-15-at-10.13.12-AM-1200x824.png 1200w, https:\/\/diarioelpopular.com\/wp-content\/uploads\/2025\/07\/Screen-Shot-2025-07-15-at-10.13.12-AM-300x206.png 300w, https:\/\/diarioelpopular.com\/wp-content\/uploads\/2025\/07\/Screen-Shot-2025-07-15-at-10.13.12-AM-768x528.png 768w, https:\/\/diarioelpopular.com\/wp-content\/uploads\/2025\/07\/Screen-Shot-2025-07-15-at-10.13.12-AM-636x437.png 636w, https:\/\/diarioelpopular.com\/wp-content\/uploads\/2025\/07\/Screen-Shot-2025-07-15-at-10.13.12-AM-80x55.png 80w, https:\/\/diarioelpopular.com\/wp-content\/uploads\/2025\/07\/Screen-Shot-2025-07-15-at-10.13.12-AM-106x73.png 106w, https:\/\/diarioelpopular.com\/wp-content\/uploads\/2025\/07\/Screen-Shot-2025-07-15-at-10.13.12-AM.png 1024w\" sizes=\"auto, (max-width: 1200px) 100vw, 1200px\" \/><p id=\"caption-attachment-534051\" class=\"wp-caption-text\">General Augusto Pinochet en Santiago (Chile), el 21 de septiembre de 1973. Bettmann (Bettmann Archive\/Getty images)<\/p><\/div>\n<p>&nbsp;<\/p>\n<p>&nbsp;<\/p>\n<h4 class=\"a_st\"><em>&#8211; La menor del clan, Jacqueline Pinochet, se querella contra Marco Antonio Pinochet por apropiaci\u00f3n indebida y \u201cmaltrato habitual\u201d: dice que no puede visitar la tumba de sus padres ubicada dentro de una finca familiar<\/em><\/h4>\n<p>&nbsp;<\/p>\n<p class=\"\">La menor de los cinco hijos del dictador chileno Augusto Pinochet (1973-1990),\u00a0<a title=\"https:\/\/elpais.com\/chile\/2023-03-04\/la-hija-de-pinochet-exige-la-rebaja-de-una-deuda-tributaria-de-cuatro-millones-de-dolares.html\" href=\"https:\/\/elpais.com\/chile\/2023-03-04\/la-hija-de-pinochet-exige-la-rebaja-de-una-deuda-tributaria-de-cuatro-millones-de-dolares.html\" target=\"_self\" rel=\"\" data-link-track-dtm=\"\" data-mrf-link=\"https:\/\/elpais.com\/chile\/2023-03-04\/la-hija-de-pinochet-exige-la-rebaja-de-una-deuda-tributaria-de-cuatro-millones-de-dolares.html\">Jacqueline Marie Pinochet Hiriart<\/a>, de 60 a\u00f1os, ha presentado una querella en contra de su hermano Marco Antonio (66), lo que dio inicio a una pugna judicial por el usufructo de ocho propiedades que eran de sus padres, el excomandante en jefe del Ej\u00e9rcito, fallecido en 2006, y\u00a0<a title=\"https:\/\/elpais.com\/internacional\/2021-12-16\/muere-lucia-hiriart-viuda-del-dictador-chileno-augusto-pinochet.html\" href=\"https:\/\/elpais.com\/internacional\/2021-12-16\/muere-lucia-hiriart-viuda-del-dictador-chileno-augusto-pinochet.html\" target=\"_self\" rel=\"\" data-link-track-dtm=\"\" data-mrf-link=\"https:\/\/elpais.com\/internacional\/2021-12-16\/muere-lucia-hiriart-viuda-del-dictador-chileno-augusto-pinochet.html\">Luc\u00eda Hiriart<\/a>, quien muri\u00f3 2021.<\/p>\n<p class=\"\">Pinochet encabez\u00f3 el golpe de Estado en contra del socialista Salvador Allende el 11 de septiembre de 1973 y lider\u00f3 por 17 a\u00f1os una dictadura por la que todav\u00eda Chile busca a\u00a0<a title=\"https:\/\/elpais.com\/chile\/2024-08-17\/luis-emilio-recabarren-no-hay-dia-en-que-no-piense-en-mis-padres-en-mi-tio-y-en-mi-abuelo-desparecidos.html\" href=\"https:\/\/elpais.com\/chile\/2024-08-17\/luis-emilio-recabarren-no-hay-dia-en-que-no-piense-en-mis-padres-en-mi-tio-y-en-mi-abuelo-desparecidos.html\" target=\"_self\" rel=\"\" data-link-track-dtm=\"\" data-mrf-link=\"https:\/\/elpais.com\/chile\/2024-08-17\/luis-emilio-recabarren-no-hay-dia-en-que-no-piense-en-mis-padres-en-mi-tio-y-en-mi-abuelo-desparecidos.html\">m\u00e1s de 1.000 personas desaparecidas<\/a>.<\/p>\n<p class=\"\">A\u00a0<a title=\"https:\/\/elpais.com\/diario\/2007\/10\/05\/portada\/1191535204_850215.html\" href=\"https:\/\/elpais.com\/diario\/2007\/10\/05\/portada\/1191535204_850215.html\" target=\"_self\" rel=\"\" data-link-track-dtm=\"\" data-mrf-link=\"https:\/\/elpais.com\/diario\/2007\/10\/05\/portada\/1191535204_850215.html\">sus cinco hijos<\/a>\u00a0-Luc\u00eda, Augusto, Mar\u00eda Ver\u00f3nica, Marco Antonio y Jacqueline- les hered\u00f3 costosas propiedades, entre ellos una parcela en El Melocot\u00f3n, a unos 50 kil\u00f3metros de Santiago y una casa en la playa. Sin embargo, la justicia chilena decret\u00f3 sobre ellas la prohibici\u00f3n de su venta, pero no as\u00ed de su arriendo.<\/p>\n<p class=\"\">Quien se ha hecho cargo de su administraci\u00f3n, por mandato de su madre tras la muerte de Pinochet, ha sido Marco Antonio. Sin embargo, seg\u00fan la acci\u00f3n legal, ese encargo se extingui\u00f3 cuando falleci\u00f3 Hiriart.<\/p>\n<p class=\"\">As\u00ed, a casi cinco a\u00f1os de la muerte de la viuda del dictador, Jacqueline Pinochet present\u00f3 una acci\u00f3n legal en el Cuarto Juzgado de Garant\u00eda de Santiago, que investigar\u00e1 la Fiscal\u00eda metropolitana oriente, en la que imputa a su hermano de apropiarse indebidamente de las propiedades, seg\u00fan divulg\u00f3\u00a0<i>La Tercera<\/i>. Representada por el abogado Jorge Garc\u00eda, acus\u00f3 a Marco Antonio Pinochet de no haber rendido cuentas al respecto y, adem\u00e1s, dijo de \u00e9l que tiene una conducta de \u201cmaltrato habitual\u201d hacia ella.<\/p>\n<p class=\"\">Seg\u00fan la acci\u00f3n judicial, los ocho bienes inmuebles, tras el fallecimiento de los padres, \u201cingresaron a la masa hereditaria\u201d de los cinco hijos. Y agrega que Marco Antonio Pinochet, a quien se identifica como \u201cel querellado\u201d realiz\u00f3 \u201cdiversos actos de administraci\u00f3n y disposici\u00f3n, sin la autorizaci\u00f3n de ninguno de los miembros de la comunidad hereditaria y respecto de la totalidad de los bienes que constitu\u00edan la masa hereditaria, distrayendo hacia sus cuentas corrientes particulares los precios de venta y c\u00e1nones de arriendos de los diversos muebles e inmuebles que constitu\u00edan el haber\u201d.<\/p>\n<p>&nbsp;<\/p>\n<figure class=\"a_m a_m-h \">\n<p><div style=\"width: 424px\" class=\"wp-caption alignnone\"><img loading=\"lazy\" decoding=\"async\" class=\"_re lazyload a_m-h\" src=\"https:\/\/imagenes.elpais.com\/resizer\/v2\/LMNDAEFF6CJF6TNQG4QPG6CNLQ.jpg?auth=51dee023dd71d718ea05a0d2cf271d2cbecd89f2701af1d33894b16d9435b2e6&amp;width=414\" sizes=\"auto, (min-width:1199px) 1155px,(min-width:1001px) calc(100vw - 44px),(min-width:768px) 767px, 100vw\" srcset=\"https:\/\/imagenes.elpais.com\/resizer\/v2\/LMNDAEFF6CJF6TNQG4QPG6CNLQ.jpg?auth=51dee023dd71d718ea05a0d2cf271d2cbecd89f2701af1d33894b16d9435b2e6&amp;width=414 414w,https:\/\/imagenes.elpais.com\/resizer\/v2\/LMNDAEFF6CJF6TNQG4QPG6CNLQ.jpg?auth=51dee023dd71d718ea05a0d2cf271d2cbecd89f2701af1d33894b16d9435b2e6&amp;width=828 640w,https:\/\/imagenes.elpais.com\/resizer\/v2\/LMNDAEFF6CJF6TNQG4QPG6CNLQ.jpg?auth=51dee023dd71d718ea05a0d2cf271d2cbecd89f2701af1d33894b16d9435b2e6&amp;width=980 1000w,https:\/\/imagenes.elpais.com\/resizer\/v2\/LMNDAEFF6CJF6TNQG4QPG6CNLQ.jpg?auth=51dee023dd71d718ea05a0d2cf271d2cbecd89f2701af1d33894b16d9435b2e6&amp;width=1960 1960w\" alt=\"Augusto Pinochet, sentado junto a su esposa, Luc\u00eda Hiriart. De pie, de izquierda a derecha, sus hijos, Marco Antonio, Jacqueline, Ver\u00f3nica, Luc\u00eda y Augusto.\" width=\"414\" height=\"305\" \/><p class=\"wp-caption-text\">Augusto Pinochet, sentado junto a su esposa, Luc\u00eda Hiriart. De pie, de izquierda a derecha, sus hijos, Marco Antonio, Jacqueline, Ver\u00f3nica, Luc\u00eda y Augusto. Foto AP<\/p><\/div><figcaption class=\"a_m_p\" aria-hidden=\"true\"><\/figcaption><\/figure>\n<p>&nbsp;<\/p>\n<p class=\"\">Y, sobre los arriendos, Jacqueline Pinochet alega que no ha percibido dinero y ejemplifica en la querella que por concepto de alquiler su hermano ha percibido m\u00e1s de 160 millones de pesos (unos 165.000 d\u00f3lares) por un bien inmueble, generando perjuicios para ella y sus otros tres hermanos. Tambi\u00e9n se\u00f1ala que cuando ped\u00eda informaci\u00f3n al respecto obtuvo datos parciales o se le negaron los antecedentes. \u201cPese a los constantes requerimientos de informaci\u00f3n, estos siempre fueron rechazados, con insultos y descr\u00e9ditos de diversa naturaleza que por lo general apuntaban a la situaci\u00f3n familiar\u201d de Jacqueline Pinochet, y tambi\u00e9n respecto de sus \u201crelaciones interpersonales y el supuesto favoritismo [de parte de Pinochet] del que se le acusaba sin existir raz\u00f3n alguna para ello\u201d.<\/p>\n<p class=\"\">La querella agrega que el deterioro de las relaciones entre los hijos menores del dictador empeor\u00f3 despu\u00e9s de que muri\u00f3 Luc\u00eda Hiriart el 16 de diciembre de 2021. \u201cLa situaci\u00f3n se volvi\u00f3 pr\u00e1cticamente incontrolable, toda vez que se le neg\u00f3 [a Jacqueline Pinochet] toda posibilidad de acceso a informaci\u00f3n respecto de c\u00f3mo se estaban administrando &#8216;<i>de facto\u2019<\/i>\u00a0los bienes muebles e inmuebles que compon\u00edan la masa hereditaria&#8221;.<\/p>\n<p class=\"\">En el relato que realiza el abogado Garc\u00eda, \u201cel querellado despleg\u00f3 una serie de actos violentos con el solo objeto de aislar del grupo familiar a mi representada y finalmente evitar a toda costa cualquier posibilidad de que esta pudiese tener acceso a los bienes que componen la comunidad hereditaria como a los frutos provenientes de los actos de disposici\u00f3n realizados por el querellado, provocando graves perjuicios patrimoniales a esta como serios da\u00f1os emocionales\u201d. Y a\u00f1ade que Marco Antonio Pinochet \u201cno ha escatimado esfuerzos durante todos estos a\u00f1os en desplegar actos de diversa \u00edndole con el solo objeto de privar a mi representada de cualquier relaci\u00f3n con el n\u00facleo familiar\u201d.<\/p>\n<p class=\"\">Entre esos da\u00f1os emocionales descritos, seg\u00fan la acci\u00f3n legal, se describe que desde 2019 Marco Antonio Pinochet ha negado a su hermana el acceso a la hacienda familiar ubicada en la comuna de Santo Domingo, lote ubicado en el sector de Los Boldos, ubicado a unos 130 kil\u00f3metros de Santiago. Se trata de un lugar con varias caba\u00f1as donde el dictador y su esposa sol\u00edan descansar. En el terreno tambi\u00e9n hay una capilla donde est\u00e1n<a title=\"https:\/\/elpais.com\/diario\/2006\/12\/14\/internacional\/1166050814_850215.html\" href=\"https:\/\/elpais.com\/diario\/2006\/12\/14\/internacional\/1166050814_850215.html\" target=\"_self\" rel=\"\" data-link-track-dtm=\"\" data-mrf-link=\"https:\/\/elpais.com\/diario\/2006\/12\/14\/internacional\/1166050814_850215.html\">\u00a0las cenizas de la pareja<\/a>. Sin embargo, seg\u00fan la querella, desde hace seis a\u00f1os a Jacqueline Pinochet \u201cse le ha negado acceso, mediante amenazas y referencias a \u00f3rdenes directas del querellado a los cuidadores del lugar con objeto de privar cualquier acercamiento al lugar, coartando de forma arbitraria la posibilidad de visitarlos restos mortales de sus padres\u201d.<\/p>\n<h3 class=\"\">La hija y el libro de Pinochet<\/h3>\n<p class=\"\">La menor de los hijos de Pinochet era muy cercana a su padre, sin embargo, fueron Luc\u00eda, y en especial Marco Antonio, quienes tuvieron mayor protagonismo mientras el dictador estuvo\u00a0<a title=\"https:\/\/elpais.com\/internacional\/2018\/10\/16\/america\/1539652824_848459.html\" href=\"https:\/\/elpais.com\/internacional\/2018\/10\/16\/america\/1539652824_848459.html\" target=\"_self\" rel=\"\" data-link-track-dtm=\"\" data-mrf-link=\"https:\/\/elpais.com\/internacional\/2018\/10\/16\/america\/1539652824_848459.html\">detenido en Londres\u00a0<\/a>y luego, a\u00a0<a title=\"https:\/\/elpais.com\/diario\/2000\/03\/03\/internacional\/952038012_850215.html\" href=\"https:\/\/elpais.com\/diario\/2000\/03\/03\/internacional\/952038012_850215.html\" target=\"_self\" rel=\"\" data-link-track-dtm=\"\" data-mrf-link=\"https:\/\/elpais.com\/diario\/2000\/03\/03\/internacional\/952038012_850215.html\">su regreso a Chile<\/a>\u00a0en marzo del a\u00f1o 2000, enfrent\u00f3 varios procesos judiciales por violaciones a los derechos humanos.<\/p>\n<p class=\"\">A finales de diciembre de 2024, Jaqueline Pinochet public\u00f3 una autobiograf\u00eda,\u00a0<i>La sombra del general<\/i>\u00a0(editorial Zuram\u00e9rica), en la que habla de su vida personal y de la relaci\u00f3n con su padre, quien la llamaba\u00a0<i>Jacquel.\u00a0<\/i><\/p>\n<p class=\"\">El adelanto de ese libro lo public\u00f3<i>\u00a0El Mercurio,<\/i>\u00a0y en el texto que relata varios pasajes, desde un punto de vista persona: de c\u00f3mo se vivi\u00f3\u00a0<a title=\"https:\/\/elpais.com\/chile\/2023-09-02\/cristobal-jimeno-al-abogado-que-busca-justicia-por-la-muerte-de-su-padre-asesor-de-salvador-allende.html\" href=\"https:\/\/elpais.com\/chile\/2023-09-02\/cristobal-jimeno-al-abogado-que-busca-justicia-por-la-muerte-de-su-padre-asesor-de-salvador-allende.html\" target=\"_self\" rel=\"\" data-link-track-dtm=\"\" data-mrf-link=\"https:\/\/elpais.com\/chile\/2023-09-02\/cristobal-jimeno-al-abogado-que-busca-justicia-por-la-muerte-de-su-padre-asesor-de-salvador-allende.html\">el golpe de Estado<\/a>\u00a0que lider\u00f3 Pinochet en 1973 al interior de su familia; el\u00a0<a title=\"https:\/\/elpais.com\/cultura\/2020-11-19\/matar-a-pinochet-el-atentado-al-dictador-contado-por-la-generacion-que-acabo-con-su-legado.html\" href=\"https:\/\/elpais.com\/cultura\/2020-11-19\/matar-a-pinochet-el-atentado-al-dictador-contado-por-la-generacion-que-acabo-con-su-legado.html\" target=\"_self\" rel=\"\" data-link-track-dtm=\"\" data-mrf-link=\"https:\/\/elpais.com\/cultura\/2020-11-19\/matar-a-pinochet-el-atentado-al-dictador-contado-por-la-generacion-que-acabo-con-su-legado.html\">atentado a su padre<\/a>\u00a0que encabez\u00f3 el Frente Patri\u00f3tico Manuel Rodr\u00edguez en 1986, cuando sal\u00eda de El Melocot\u00f3n rumbo a Santiago;\u00a0<a title=\"https:\/\/elpais.com\/elpais\/2020\/10\/23\/album\/1603483853_996398.html\" href=\"https:\/\/elpais.com\/elpais\/2020\/10\/23\/album\/1603483853_996398.html\" target=\"_self\" rel=\"\" data-link-track-dtm=\"\" data-mrf-link=\"https:\/\/elpais.com\/elpais\/2020\/10\/23\/album\/1603483853_996398.html\">el triunfo de la opci\u00f3n NO<\/a>\u00a0en el plebiscito de 1988 -que dio inicio a\u00a0<a title=\"https:\/\/elpais.com\/chile\/2025-07-06\/ernesto-ottone-sobre-jeannette-jara-hoy-el-anticomunismo-en-chile-es-una-palabra-que-usa-como-algo-muy-instrumental.html\" href=\"https:\/\/elpais.com\/chile\/2025-07-06\/ernesto-ottone-sobre-jeannette-jara-hoy-el-anticomunismo-en-chile-es-una-palabra-que-usa-como-algo-muy-instrumental.html\" target=\"_self\" rel=\"\" data-link-track-dtm=\"\" data-mrf-link=\"https:\/\/elpais.com\/chile\/2025-07-06\/ernesto-ottone-sobre-jeannette-jara-hoy-el-anticomunismo-en-chile-es-una-palabra-que-usa-como-algo-muy-instrumental.html\">una salida democr\u00e1tica a Chile<\/a>-, la detenci\u00f3n en Londres y el masivo funeral de Pinochet.<\/p>\n","protected":false},"excerpt":{"rendered":"<p>&nbsp; &nbsp; &#8211; La menor del clan, Jacqueline Pinochet, se querella contra Marco Antonio Pinochet por apropiaci\u00f3n indebida y \u201cmaltrato habitual\u201d: dice que no puede&hellip;<\/p>\n","protected":false},"author":99,"featured_media":534051,"comment_status":"open","ping_status":"open","sticky":false,"template":"","format":"standard","meta":{"footnotes":""},"categories":[23,11354],"tags":[],"class_list":["post-534050","post","type-post","status-publish","format-standard","has-post-thumbnail","hentry","category-latinoamerica","category-sucesos"],"_links":{"self":[{"href":"https:\/\/diarioelpopular.com\/index.php\/wp-json\/wp\/v2\/posts\/534050","targetHints":{"allow":["GET"]}}],"collection":[{"href":"https:\/\/diarioelpopular.com\/index.php\/wp-json\/wp\/v2\/posts"}],"about":[{"href":"https:\/\/diarioelpopular.com\/index.php\/wp-json\/wp\/v2\/types\/post"}],"author":[{"embeddable":true,"href":"https:\/\/diarioelpopular.com\/index.php\/wp-json\/wp\/v2\/users\/99"}],"replies":[{"embeddable":true,"href":"https:\/\/diarioelpopular.com\/index.php\/wp-json\/wp\/v2\/comments?post=534050"}],"version-history":[{"count":1,"href":"https:\/\/diarioelpopular.com\/index.php\/wp-json\/wp\/v2\/posts\/534050\/revisions"}],"predecessor-version":[{"id":534052,"href":"https:\/\/diarioelpopular.com\/index.php\/wp-json\/wp\/v2\/posts\/534050\/revisions\/534052"}],"wp:featuredmedia":[{"embeddable":true,"href":"https:\/\/diarioelpopular.com\/index.php\/wp-json\/wp\/v2\/media\/534051"}],"wp:attachment":[{"href":"https:\/\/diarioelpopular.com\/index.php\/wp-json\/wp\/v2\/media?parent=534050"}],"wp:term":[{"taxonomy":"category","embeddable":true,"href":"https:\/\/diarioelpopular.com\/index.php\/wp-json\/wp\/v2\/categories?post=534050"},{"taxonomy":"post_tag","embeddable":true,"href":"https:\/\/diarioelpopular.com\/index.php\/wp-json\/wp\/v2\/tags?post=534050"}],"curies":[{"name":"wp","href":"https:\/\/api.w.org\/{rel}","templated":true}]}}