{"id":534054,"date":"2025-07-15T10:33:02","date_gmt":"2025-07-15T14:33:02","guid":{"rendered":"https:\/\/diarioelpopular.com\/?p=534054"},"modified":"2025-07-15T10:33:02","modified_gmt":"2025-07-15T14:33:02","slug":"4-claves-sobre-lo-que-esta-pasando-en-torre-pacheco-la-ciudad-espanola-en-la-que-grupos-de-ultraderecha-persiguieron-a-migrantes-norteafricanos","status":"publish","type":"post","link":"https:\/\/diarioelpopular.com\/index.php\/2025\/07\/15\/4-claves-sobre-lo-que-esta-pasando-en-torre-pacheco-la-ciudad-espanola-en-la-que-grupos-de-ultraderecha-persiguieron-a-migrantes-norteafricanos\/","title":{"rendered":"4 claves sobre lo que est\u00e1 pasando en Torre Pacheco, la ciudad espa\u00f1ola en la que grupos de ultraderecha persiguieron a migrantes norteafricanos"},"content":{"rendered":"<div id=\"attachment_534055\" style=\"width: 646px\" class=\"wp-caption alignnone\"><img loading=\"lazy\" decoding=\"async\" aria-describedby=\"caption-attachment-534055\" class=\"wp-image-534055 size-custom-full-size\" src=\"https:\/\/diarioelpopular.com\/wp-content\/uploads\/2025\/07\/Screen-Shot-2025-07-15-at-10.32.21-AM-636x356.png\" alt=\"\" width=\"636\" height=\"356\" srcset=\"https:\/\/diarioelpopular.com\/wp-content\/uploads\/2025\/07\/Screen-Shot-2025-07-15-at-10.32.21-AM-636x356.png 636w, https:\/\/diarioelpopular.com\/wp-content\/uploads\/2025\/07\/Screen-Shot-2025-07-15-at-10.32.21-AM-300x168.png 300w, https:\/\/diarioelpopular.com\/wp-content\/uploads\/2025\/07\/Screen-Shot-2025-07-15-at-10.32.21-AM-768x430.png 768w, https:\/\/diarioelpopular.com\/wp-content\/uploads\/2025\/07\/Screen-Shot-2025-07-15-at-10.32.21-AM-130x73.png 130w, https:\/\/diarioelpopular.com\/wp-content\/uploads\/2025\/07\/Screen-Shot-2025-07-15-at-10.32.21-AM.png 864w\" sizes=\"auto, (max-width: 636px) 100vw, 636px\" \/><p id=\"caption-attachment-534055\" class=\"wp-caption-text\">La polic\u00eda detiene a varios j\u00f3venes en Torre Pacheco, Murcia.<\/p><\/div>\n<p>&nbsp;<\/p>\n<p>&nbsp;<\/p>\n<div class=\"bbc-19j92fr ebmt73l0\" dir=\"ltr\">\n<ul>\n<li class=\"bbc-hhl7in e17g058b0\" dir=\"ltr\"><em><b>&#8220;Por la noche la gente tiene miedo, los ni\u00f1os no se sienten seguros en casa&#8221;.<\/b><\/em><\/li>\n<\/ul>\n<\/div>\n<div class=\"bbc-19j92fr ebmt73l0\" dir=\"ltr\">\n<p dir=\"ltr\">\n<p class=\"bbc-hhl7in e17g058b0\" dir=\"ltr\">Nabil Moreno es el presidente de la comunidad musulmana en Torre Pacheco, una localidad de la regi\u00f3n de Murcia, en el sureste de Espa\u00f1a, donde se llevan produciendo disturbios xen\u00f3fobos y racistas desde el pasado viernes, los peores de las \u00faltimas d\u00e9cadas en el pa\u00eds.<\/p>\n<\/div>\n<div class=\"bbc-19j92fr ebmt73l0\" dir=\"ltr\">\n<p class=\"bbc-hhl7in e17g058b0\" dir=\"ltr\">&#8220;Yo llevo viviendo aqu\u00ed 25 a\u00f1os y nunca he tenido problemas con mis vecinos, que son muy amables y simp\u00e1ticos&#8221;, relata Moreno. Los que est\u00e1n protagonizando los altercados, dice, vienen de fuera.<\/p>\n<\/div>\n<div class=\"bbc-19j92fr ebmt73l0\" dir=\"ltr\">\n<p class=\"bbc-hhl7in e17g058b0\" dir=\"ltr\">Grupos de ultraderecha, organizados por redes sociales y desplazados muchos de ellos desde distintos puntos de Espa\u00f1a, han protagonizado en las \u00faltimas noches lo que el ministro del Interior espa\u00f1ol ha calificado de &#8220;cacer\u00edas de inmigrantes&#8221;.<\/p>\n<\/div>\n<div class=\"bbc-19j92fr ebmt73l0\" dir=\"ltr\">\n<p class=\"bbc-hhl7in e17g058b0\" dir=\"ltr\">Armados con palos o barras de hierro, y ocultando muchos de ellos sus rostros, estos grupos violentos han recorrido durante varias noches Torre Pacheco, en especial el barrio de San Antonio, de mayor\u00eda migrante, en busca de magreb\u00edes, o sea, personas de origen norteafricano.<\/p>\n<\/div>\n<div class=\"bbc-19j92fr ebmt73l0\" dir=\"ltr\">\n<p class=\"bbc-hhl7in e17g058b0\" dir=\"ltr\">All\u00ed les esperaban grupos de j\u00f3venes magreb\u00edes o de segunda generaci\u00f3n que les plantaron cara.<\/p>\n<\/div>\n<div class=\"bbc-19j92fr ebmt73l0\" dir=\"ltr\">\n<p class=\"bbc-hhl7in e17g058b0\" dir=\"ltr\">Los disturbios se han saldado, por el momento, con al menos cinco heridos y ocho detenidos, aunque la situaci\u00f3n sigue siendo muy vol\u00e1til y podr\u00eda prolongarse durante los pr\u00f3ximos d\u00edas, en los que los grupos de ultraderecha han convocado m\u00e1s acciones.<\/p>\n<\/div>\n<div class=\"bbc-19j92fr ebmt73l0\" dir=\"ltr\">\n<p class=\"bbc-hhl7in e17g058b0\" dir=\"ltr\">Torre Pacheco tiene unos 40.000 habitantes, un tercio de ellos inmigrantes. La poblaci\u00f3n ha aumentado r\u00e1pidamente en los \u00faltimos a\u00f1os debido al auge de la agricultura intensiva, en la que trabajan muchos de los vecinos que origen extranjero.<\/p>\n<\/div>\n<div class=\"bbc-19j92fr ebmt73l0\" dir=\"ltr\">\n<h2 id=\"1-El-detonante\" class=\"bbc-1lgzob2 eglt09e0\" tabindex=\"-1\">1. El detonante<\/h2>\n<\/div>\n<div class=\"bbc-19j92fr ebmt73l0\" dir=\"ltr\">\n<p class=\"bbc-hhl7in e17g058b0\" dir=\"ltr\">En el origen de estas acciones violentas est\u00e1 la brutal agresi\u00f3n el pasado 9 de julio a un anciano de Torre Pacheco por parte de un grupo de j\u00f3venes.<\/p>\n<\/div>\n<div class=\"bbc-19j92fr ebmt73l0\" dir=\"ltr\">\n<p class=\"bbc-hhl7in e17g058b0\" dir=\"ltr\">La v\u00edctima, que se ha dado a conocer tan solo como Domingo, paseaba a primera hora de la ma\u00f1ana, como cada d\u00eda, hasta el cementerio, cuando se cruz\u00f3 con tres j\u00f3venes: seg\u00fan declar\u00f3, uno que estaba con un m\u00f3vil, otro que gritaba cosas &#8220;en un idioma extranjero&#8221;, y un tercero que se abalanz\u00f3 sobre \u00e9l y comenz\u00f3 a pegarle.<\/p>\n<\/div>\n<div class=\"bbc-19j92fr ebmt73l0\" dir=\"ltr\">\n<p class=\"bbc-hhl7in e17g058b0\" dir=\"ltr\">Todo sucedi\u00f3 muy r\u00e1pido, seg\u00fan cont\u00f3 en su denuncia. El hombre, de 68 a\u00f1os, asegura que no se acuerda de mucho.<\/p>\n<p dir=\"ltr\">\n<\/div>\n<figure class=\"bbc-1qn0xuy\">\n<div class=\"bbc-1gbs0ve\">\n<div style=\"width: 1034px\" class=\"wp-caption alignnone\"><img loading=\"lazy\" decoding=\"async\" class=\"bbc-139onq\" src=\"https:\/\/ichef.bbci.co.uk\/ace\/ws\/640\/cpsprodpb\/8181\/live\/16af7990-60d3-11f0-b5c5-012c5796682d.jpg.webp\" alt=\"El l\u00edder de Vox, Santiago Abascal, en una rueda de prensa con la imagen del anciano agredido de fondo.\" width=\"1024\" height=\"683\" \/><p class=\"wp-caption-text\">Fuente de la imagen,Alejandro Martinez Velez\/Europa Press via Getty Images.\u00a0 El l\u00edder de Vox, Santiago Abascal, en una rueda de prensa con la imagen del adulto mayor agredido de fondo.<\/p><\/div>\n<p class=\"bbc-by8ykd\" role=\"text\">\n<\/div>\n<\/figure>\n<div class=\"bbc-19j92fr ebmt73l0\" dir=\"ltr\">\n<p class=\"bbc-hhl7in e17g058b0\" dir=\"ltr\">Seg\u00fan el diario regional La Opini\u00f3n de Murcia, no intentaron robarle, por lo que se cree que el objetivo de la agresi\u00f3n pod\u00eda ser simplemente grabarlo para subirlo a las redes sociales.<\/p>\n<\/div>\n<div class=\"bbc-19j92fr ebmt73l0\" dir=\"ltr\">\n<p class=\"bbc-hhl7in e17g058b0\" dir=\"ltr\">La imagen del hombre tras la golpiza gener\u00f3 una gran conmoci\u00f3n.<\/p>\n<\/div>\n<div class=\"bbc-19j92fr ebmt73l0\" dir=\"ltr\">\n<p class=\"bbc-hhl7in e17g058b0\" dir=\"ltr\">El incidente fue utilizado entonces por grupos de ultraderecha en redes sociales para azuzar el odio contra la poblaci\u00f3n de origen marroqu\u00ed, viralizando videos de otras agresiones que hac\u00edan pasar por la sufrida por el vecino de Torre Pacheco -el propio Domingo ha confirmado que no se trata de \u00e9l-, e incluso compartiendo im\u00e1genes y datos personales de cinco hombres a los que identificaban, sin ning\u00fan tipo de pruebas, como los supuestos agresores.<\/p>\n<\/div>\n<div class=\"bbc-19j92fr ebmt73l0\" dir=\"ltr\">\n<p class=\"bbc-hhl7in e17g058b0\" dir=\"ltr\">Varios grupos fueron form\u00e1ndose en redes como Telegram, donde el canal ultra &#8220;Deport Them Now Spain&#8221; convoc\u00f3 una &#8220;cacer\u00eda&#8221; los d\u00edas 15, 16 y 17 de julio para dar con los autores de la agresi\u00f3n y &#8220;reunirlos con Al\u00e1&#8221;. Y si otros marroqu\u00edes no colaboraban con la identificaci\u00f3n de los agresores, aseguraban, &#8220;ellos se convertir\u00e1n autom\u00e1ticamente en culpables y pagar\u00e1n por lo ocurrido&#8221;, seg\u00fan inform\u00f3 el portal de noticia Eldiario.es.<\/p>\n<\/div>\n<div class=\"bbc-19j92fr ebmt73l0\" dir=\"ltr\">\n<p class=\"bbc-hhl7in e17g058b0\" dir=\"ltr\">Formaciones de ultraderecha como el partido Vox vinculan desde hace a\u00f1os la delincuencia con la inmigraci\u00f3n.<\/p>\n<\/div>\n<div class=\"bbc-19j92fr ebmt73l0\" dir=\"ltr\">\n<p class=\"bbc-hhl7in e17g058b0\" dir=\"ltr\">Su l\u00edder, Santiago Abascal, comparti\u00f3 un video en sus redes sociales este s\u00e1bado, cuando ya hab\u00edan empezado los episodios de violencia en Torre Pacheco pero sin mencionarlos expl\u00edcitamente, en el que aseguraba que &#8220;Espa\u00f1a padece una invasi\u00f3n migratoria brutal&#8221;.<\/p>\n<\/div>\n<div class=\"bbc-19j92fr ebmt73l0\" dir=\"ltr\">\n<p class=\"bbc-hhl7in e17g058b0\" dir=\"ltr\">Delante de una pintura que parec\u00eda reflejar una escena de una batalla de la Reconquista espa\u00f1ola (campa\u00f1as militares que buscaron terminar con la dominaci\u00f3n musulmana de ocho siglos en la pen\u00ednsula ib\u00e9rica), dijo sobre la migraci\u00f3n: &#8220;Nos ha robado las fronteras, nos ha robado la paz y nos ha robado la prosperidad&#8221;.<\/p>\n<\/div>\n<div class=\"bbc-19j92fr ebmt73l0\" dir=\"ltr\">\n<p class=\"bbc-hhl7in e17g058b0\" dir=\"ltr\">Abascal asegur\u00f3 tambi\u00e9n que las dos principales formaciones pol\u00edticas de Espa\u00f1a, el Partido Socialista (PSOE, actualmente en el gobierno) y el Partido Popular (PP), &#8220;son los responsables de todas las violencias&#8221; y exig\u00eda &#8220;deportaciones inmediatas&#8221;.<\/p>\n<\/div>\n<div class=\"bbc-19j92fr ebmt73l0\" dir=\"ltr\">\n<h2 id=\"2-Persecuciones-xen\u00f3fobas\" class=\"bbc-1lgzob2 eglt09e0\" tabindex=\"-1\">2. Persecuciones xen\u00f3fobas<\/h2>\n<\/div>\n<div class=\"bbc-19j92fr ebmt73l0\" dir=\"ltr\">\n<p class=\"bbc-hhl7in e17g058b0\" dir=\"ltr\">En repulsa a la agresi\u00f3n sufrida por Domingo, el alcalde convoc\u00f3 el pasado viernes una concentraci\u00f3n en la Plaza del Ayuntamiento con el lema &#8220;Torre Pacheco, libre de violencia, libre de delincuencia&#8221;, a la que asistieron cientos de vecinos, entre ellos tambi\u00e9n muchos de origen magreb\u00ed como Nabil Moreno, que llevan muchos a\u00f1os viviendo en la zona.<\/p>\n<\/div>\n<div class=\"bbc-19j92fr ebmt73l0\" dir=\"ltr\">\n<p class=\"bbc-hhl7in e17g058b0\" dir=\"ltr\">La manifestaci\u00f3n fue pac\u00edfica y sin incidentes, pero al final de la tarde empezaron los disturbios.<\/p>\n<\/div>\n<div class=\"bbc-19j92fr ebmt73l0\" dir=\"ltr\">\n<p class=\"bbc-hhl7in e17g058b0\" dir=\"ltr\">Decenas de j\u00f3venes radicales, algunos de ellos oriundos de Torre Pacheco, pero muchos venidos de otras provincias lim\u00edtrofes o de otras partes de Espa\u00f1a, se lanzaron a la b\u00fasqueda de los posibles agresores al grito de &#8220;moros hijos de puta&#8221;, &#8220;viva Franco&#8221; o &#8220;a vuestro pa\u00eds&#8221;.<\/p>\n<p dir=\"ltr\">\n<\/div>\n<figure class=\"bbc-1qn0xuy\">\n<div class=\"bbc-1gbs0ve\">\n<div style=\"width: 830px\" class=\"wp-caption alignnone\"><img loading=\"lazy\" decoding=\"async\" class=\"bbc-139onq\" src=\"https:\/\/ichef.bbci.co.uk\/ace\/ws\/640\/cpsprodpb\/f534\/live\/8383b190-60d2-11f0-b428-cb3de5783b16.jpg.webp\" alt=\"Varios j\u00f3venes se cubren la cara durante los disturbios de Torre Pacheco.\" width=\"820\" height=\"461\" \/><p class=\"wp-caption-text\">Fuente de la imagen,Olmo Blanco\/Getty Images.\u00a0 Los grupos ultras llamaron a nuevas convocatorias para este 15, 16 y 17 de julio.<\/p><\/div>\n<p class=\"bbc-by8ykd\" role=\"text\">\n<\/div>\n<\/figure>\n<div class=\"bbc-19j92fr ebmt73l0\" dir=\"ltr\">\n<p dir=\"ltr\">\n<p class=\"bbc-hhl7in e17g058b0\" dir=\"ltr\">Durante la noche del viernes y del s\u00e1bado, grupos de radicales atacaron veh\u00edculos y comercios de vecinos de origen magreb\u00ed, tambi\u00e9n a algunos periodistas, al tiempo que quemaron contenedores de basura y lanzaron piedras y botellas.<\/p>\n<\/div>\n<div class=\"bbc-19j92fr ebmt73l0\" dir=\"ltr\">\n<p class=\"bbc-hhl7in e17g058b0\" dir=\"ltr\">&#8220;Estamos hartos de la delincuencia, yo el primero, pero no podemos atajarla con violencia&#8221;, se\u00f1al\u00f3 este fin de semana el alcalde de Torre Pacheco, Pedro \u00c1ngel Roca, del conservador Partido Popular, en la cuenta de X del ayuntamiento.<\/p>\n<\/div>\n<div class=\"bbc-19j92fr ebmt73l0\" dir=\"ltr\">\n<p class=\"bbc-hhl7in e17g058b0\" dir=\"ltr\">Los disturbios m\u00e1s violentos se produjeron en el barrio de San Antonio, donde la mayor parte de la poblaci\u00f3n es migrante, y donde grupos de j\u00f3venes marroqu\u00edes encapuchados y tambi\u00e9n armados los estaban esperando.<\/p>\n<\/div>\n<div class=\"bbc-19j92fr ebmt73l0\" dir=\"ltr\">\n<p class=\"bbc-hhl7in e17g058b0\" dir=\"ltr\">Las im\u00e1genes de los enfrentamientos que los vecinos han colgado en las redes sociales muestran la violencia de las agresiones, muchas de ellas aleatorias, con v\u00edctimas que simplemente se cruzaban en su camino.<\/p>\n<\/div>\n<div class=\"bbc-19j92fr ebmt73l0\" dir=\"ltr\">\n<p class=\"bbc-hhl7in e17g058b0\" dir=\"ltr\">Las fuerzas de seguridad -Guardia Civil y Polic\u00eda Local- se ve\u00edan a ratos desbordadas por los incidentes, aunque lograron mayormente separar a los bandos y evitar una escalada mayor.<\/p>\n<\/div>\n<div class=\"bbc-19j92fr ebmt73l0\" dir=\"ltr\">\n<p class=\"bbc-hhl7in e17g058b0\" dir=\"ltr\">El domingo las entradas de la localidad fueron blindadas por la Guardia Civil, que impidi\u00f3 el acceso al centro de grupos de fuera que ven\u00edan a causar disturbios y que disolvi\u00f3 a los grupos de j\u00f3venes marroqu\u00edes que encontraba por la calle para evitar nuevos enfrentamientos.<\/p>\n<\/div>\n<div class=\"bbc-19j92fr ebmt73l0\" dir=\"ltr\">\n<p class=\"bbc-hhl7in e17g058b0\" dir=\"ltr\">Fuera del centro del pueblo, sin embargo, un grupo violento logr\u00f3 ingresar a un restaurante de kebab. Las im\u00e1genes de las c\u00e1maras de seguridad muestran como varios encapuchados entran a la fuerza y en pocos segundos destrozan el local ante sus aterrorizados trabajadores.<\/p>\n<\/div>\n<div class=\"bbc-19j92fr ebmt73l0\" dir=\"ltr\">\n<h2 id=\"3-Tensi\u00f3n-pol\u00edtica\" class=\"bbc-1lgzob2 eglt09e0\" tabindex=\"-1\">3. Tensi\u00f3n pol\u00edtica<\/h2>\n<\/div>\n<div class=\"bbc-19j92fr ebmt73l0\" dir=\"ltr\">\n<p class=\"bbc-hhl7in e17g058b0\" dir=\"ltr\">Hasta el momento se han realizado ocho detenciones, dos de ellas de personas relacionadas con la agresi\u00f3n a Domingo, inform\u00f3 el ministro del Interior espa\u00f1ol, Fernando Grande-Marlaska, en una entrevista con la Cadena Ser.<\/p>\n<\/div>\n<div class=\"bbc-19j92fr ebmt73l0\" dir=\"ltr\">\n<p class=\"bbc-hhl7in e17g058b0\" dir=\"ltr\">El ministro vincul\u00f3 esas &#8220;cacer\u00edas&#8221; de inmigrantes &#8220;con los discursos de Vox&#8221; que criminalizan a los migrantes.<\/p>\n<\/div>\n<div class=\"bbc-19j92fr ebmt73l0\" dir=\"ltr\">\n<p class=\"bbc-hhl7in e17g058b0\" dir=\"ltr\">&#8220;No s\u00e9 si traemos crispaci\u00f3n o no, pero antes la crispaci\u00f3n que la paz de los cementerios, antes la crispaci\u00f3n que los espa\u00f1oles callados ante la inmigraci\u00f3n ilegal, ante las violaciones, ante los robos, ante los machetazos. Si decir la verdad trae crispaci\u00f3n, pues habr\u00e1 crispaci\u00f3n&#8221;, afirm\u00f3 este lunes el l\u00edder de Vox.<\/p>\n<p dir=\"ltr\">\n<\/div>\n<figure class=\"bbc-1qn0xuy\">\n<div class=\"bbc-1gbs0ve\">\n<div style=\"width: 1034px\" class=\"wp-caption alignnone\"><img loading=\"lazy\" decoding=\"async\" class=\"bbc-139onq\" src=\"https:\/\/ichef.bbci.co.uk\/ace\/ws\/640\/cpsprodpb\/556c\/live\/1b0f82e0-60d4-11f0-a40e-a1af2950b220.jpg.webp\" alt=\"Jos\u00e9 \u00c1ngel Antelo en un mitin en Torre Pacheco.\" width=\"1024\" height=\"804\" \/><p class=\"wp-caption-text\">Fuente de la imagen,Olmo Blanco\/Getty Images.\u00a0 Algunos han visto en el mitin que el presidente de Vox en la regi\u00f3n de Murcia dio este fin de semana en Torre Pacheco un intento de azuzar la tensi\u00f3n xen\u00f3foba.<\/p><\/div>\n<p class=\"bbc-by8ykd\" role=\"text\">\n<\/div>\n<\/figure>\n<div class=\"bbc-19j92fr ebmt73l0\" dir=\"ltr\">\n<p dir=\"ltr\">\n<p class=\"bbc-hhl7in e17g058b0\" dir=\"ltr\">D\u00edas antes de que se iniciaran los disturbios de Torre Pacheco, la diputada del partido de ultraderecha Roc\u00edo de Meer defendi\u00f3 la expulsi\u00f3n de &#8220;millones de inmigrantes&#8221; si no se &#8220;adaptan&#8221; a la cultura espa\u00f1ola, sin distinguir entre migrantes legales o ilegales, de primera o segunda generaci\u00f3n o si han cometido delito alguno.<\/p>\n<\/div>\n<div class=\"bbc-19j92fr ebmt73l0\" dir=\"ltr\">\n<p class=\"bbc-hhl7in e17g058b0\" dir=\"ltr\">En pleno fin de semana de disturbios, el l\u00edder de Vox en la regi\u00f3n de Murcia, Jos\u00e9 \u00c1ngel Antelo, se desplaz\u00f3 el s\u00e1bado a Torre Pacheco para hablar de las medidas de su partido ante la inmigraci\u00f3n ilegal en un acto llamado &#8220;Defi\u00e9ndete de la inseguridad&#8221;.<\/p>\n<\/div>\n<div class=\"bbc-19j92fr ebmt73l0\" dir=\"ltr\">\n<p class=\"bbc-hhl7in e17g058b0\" dir=\"ltr\">Antelo ha sido denunciado ante la Fiscal\u00eda por un supuesto delito de odio por el PSOE de Murcia, mientras que el partido de izquierda Podemos ha dicho que har\u00e1 lo propio con Santiago Abascal.<\/p>\n<\/div>\n<div class=\"bbc-19j92fr ebmt73l0\" dir=\"ltr\">\n<p class=\"bbc-hhl7in e17g058b0\" dir=\"ltr\">Aupados por las pol\u00edticas de Donald Trump en Estados Unidos, &#8220;Vox est\u00e1 en su momento y aprovecha cualquier cosa, cualquier incidente, para ir con toda la artiller\u00eda pesada&#8221;, se\u00f1ala Elisa Reche, directora de Eldiario.es en la Regi\u00f3n de Murcia.<\/p>\n<\/div>\n<div class=\"bbc-19j92fr ebmt73l0\" dir=\"ltr\">\n<p class=\"bbc-hhl7in e17g058b0\" dir=\"ltr\">Con este tipo de discursos, la periodista teme que a partir de ahora se pueda empezar a normalizar &#8220;esa violencia m\u00e1s extrema, m\u00e1s expl\u00edcita y racista&#8221; que se ha desencadenado en Torre Pacheco.<\/p>\n<\/div>\n<div class=\"bbc-19j92fr ebmt73l0\" dir=\"ltr\">\n<p class=\"bbc-hhl7in e17g058b0\" dir=\"ltr\">Vox fue la formaci\u00f3n m\u00e1s votada en la localidad en las \u00faltimas elecciones legislativas de 2019, llev\u00e1ndose m\u00e1s del 38% de los sufragios. Tambi\u00e9n fue el partido que se llev\u00f3 m\u00e1s apoyos en la regi\u00f3n de Murcia, donde obtuvo m\u00e1s del 28% de las papeletas.<\/p>\n<\/div>\n<div class=\"bbc-19j92fr ebmt73l0\" dir=\"ltr\">\n<h2 id=\"4-J\u00f3venes-desarraigados\" class=\"bbc-1lgzob2 eglt09e0\" tabindex=\"-1\">4. J\u00f3venes desarraigados<\/h2>\n<\/div>\n<div class=\"bbc-19j92fr ebmt73l0\" dir=\"ltr\">\n<p class=\"bbc-hhl7in e17g058b0\" dir=\"ltr\">Torre Pacheco cuenta con una poblaci\u00f3n que supera los 40.000 habitantes, pero hace solo un par de d\u00e9cadas apenas eran 15.000.<\/p>\n<\/div>\n<div class=\"bbc-19j92fr ebmt73l0\" dir=\"ltr\">\n<p class=\"bbc-hhl7in e17g058b0\" dir=\"ltr\">El aumento de los cultivos de regad\u00edo en esta \u00e1rida regi\u00f3n, propiciados por el trasvase de agua entre el caudaloso r\u00edo Tajo y el r\u00edo Segura hace 45 a\u00f1os, ha generado una pr\u00f3spera huerta que requiere de una abundante mano de obra para recoger los cultivos.<\/p>\n<\/div>\n<div class=\"bbc-19j92fr ebmt73l0\" dir=\"ltr\">\n<p class=\"bbc-hhl7in e17g058b0\" dir=\"ltr\">La gran mayor\u00eda de esos puestos de trabajo, que muchos espa\u00f1oles no quieren hacer, los han ocupado inmigrantes, en su enorme mayor\u00eda procedentes del Magreb, la regi\u00f3n que ocupa el noroeste de \u00c1frica.<\/p>\n<p dir=\"ltr\">\n<\/div>\n<figure class=\"bbc-1qn0xuy\">\n<div class=\"bbc-1gbs0ve\">\n<div style=\"width: 3510px\" class=\"wp-caption alignnone\"><img loading=\"lazy\" decoding=\"async\" class=\"bbc-139onq\" src=\"https:\/\/ichef.bbci.co.uk\/ace\/ws\/640\/cpsprodpb\/28ba\/live\/f6ec57b0-60d5-11f0-a40e-a1af2950b220.jpg.webp\" alt=\"Dos trabajadores en el campo de Murcia.\" width=\"3500\" height=\"2333\" \/><p class=\"wp-caption-text\">Fuente de la imagen,Reuters.\u00a0 La agricultura murciana depende de la mano de obra migrante.<\/p><\/div>\n<p class=\"bbc-by8ykd\" role=\"text\">\n<\/div>\n<\/figure>\n<div class=\"bbc-19j92fr ebmt73l0\" dir=\"ltr\">\n<p dir=\"ltr\">\n<p class=\"bbc-hhl7in e17g058b0\" dir=\"ltr\">All\u00ed trabajan muchos migrantes regularizados, algunos que llevan d\u00e9cadas en Espa\u00f1a, pero tambi\u00e9n otros que no cuentan con papeles y que viven en la marginaci\u00f3n.<\/p>\n<\/div>\n<div class=\"bbc-19j92fr ebmt73l0\" dir=\"ltr\">\n<p class=\"bbc-hhl7in e17g058b0\" dir=\"ltr\">&#8220;El pueblo necesita migrantes y nosotros necesitamos a ese pueblo porque es donde tenemos trabajo, nuestra vida, nuestro futuro. Este pa\u00eds nos ha ofrecido lo que no nos dio nuestro pa\u00eds, as\u00ed que no vamos a morder la mano que nos dio el pan&#8221;, argumenta Nabil Moreno.<\/p>\n<\/div>\n<div class=\"bbc-19j92fr ebmt73l0\" dir=\"ltr\">\n<p class=\"bbc-hhl7in e17g058b0\" dir=\"ltr\">\u00c9l lleva m\u00e1s de 25 a\u00f1os en Espa\u00f1a, un pa\u00eds que califica de &#8220;muy abierto y muy amable&#8221;, y donde ha formado una familia.<\/p>\n<\/div>\n<div class=\"bbc-19j92fr ebmt73l0\" dir=\"ltr\">\n<p class=\"bbc-hhl7in e17g058b0\" dir=\"ltr\">Sin embargo, Moreno ya vivi\u00f3 otro momento de tensi\u00f3n en el a\u00f1o 2000, cuando los disturbios racistas en el pueblo de El Ejido, en la provincia andaluza de Almer\u00eda, tras el asesinato de tres vecinos, pusieron en tensi\u00f3n a gran parte de las comunidades de origen magreb\u00ed en el pa\u00eds.<\/p>\n<\/div>\n<div class=\"bbc-19j92fr ebmt73l0\" dir=\"ltr\">\n<p class=\"bbc-hhl7in e17g058b0\" dir=\"ltr\">Para Nabil Moreno, sin embargo, el problema no est\u00e1 en los migrantes que acaban de llegar, &#8220;sino en los j\u00f3venes nacidos aqu\u00ed, que se sienten abandonados, no se identifican ni como espa\u00f1oles ni como marroqu\u00edes&#8221;.<\/p>\n<\/div>\n<div class=\"bbc-19j92fr ebmt73l0\" dir=\"ltr\">\n<p class=\"bbc-hhl7in e17g058b0\" dir=\"ltr\">Algunos chavales de esa segunda generaci\u00f3n se han vuelto conflictivos, seg\u00fan Moreno.<\/p>\n<\/div>\n<div class=\"bbc-19j92fr ebmt73l0\" dir=\"ltr\">\n<p class=\"bbc-hhl7in e17g058b0\" dir=\"ltr\">Muchos son &#8220;ninis&#8221;, vocablo que en Espa\u00f1a se utiliza para designar a j\u00f3venes que ni trabajan ni estudian.<\/p>\n<\/div>\n<div class=\"bbc-19j92fr ebmt73l0\" dir=\"ltr\">\n<p class=\"bbc-hhl7in e17g058b0\" dir=\"ltr\">&#8220;Est\u00e1n 24 horas en la calle, as\u00ed que, normalmente, est\u00e1n buscando conflictos. Sienten el racismo, les dicen que se vayan a su pa\u00eds pero cuando van de vacaciones a Marruecos los tratan como inmigrantes y muchos no hablan \u00e1rabe. Son j\u00f3venes que est\u00e1n muy enfadados, son muy rebeldes, es muy dif\u00edcil calmarles, porque el odio que tienen dentro no es de ahora, viene de muchos a\u00f1os&#8221;, se\u00f1ala el presidente de la comunidad musulmana de Torre Pacheco.<\/p>\n<\/div>\n","protected":false},"excerpt":{"rendered":"<p>&nbsp; &nbsp; &#8220;Por la noche la gente tiene miedo, los ni\u00f1os no se sienten seguros en casa&#8221;. Nabil Moreno es el presidente de la comunidad&hellip;<\/p>\n","protected":false},"author":99,"featured_media":534055,"comment_status":"open","ping_status":"open","sticky":false,"template":"","format":"standard","meta":{"footnotes":""},"categories":[24],"tags":[],"class_list":["post-534054","post","type-post","status-publish","format-standard","has-post-thumbnail","hentry","category-mundo"],"_links":{"self":[{"href":"https:\/\/diarioelpopular.com\/index.php\/wp-json\/wp\/v2\/posts\/534054","targetHints":{"allow":["GET"]}}],"collection":[{"href":"https:\/\/diarioelpopular.com\/index.php\/wp-json\/wp\/v2\/posts"}],"about":[{"href":"https:\/\/diarioelpopular.com\/index.php\/wp-json\/wp\/v2\/types\/post"}],"author":[{"embeddable":true,"href":"https:\/\/diarioelpopular.com\/index.php\/wp-json\/wp\/v2\/users\/99"}],"replies":[{"embeddable":true,"href":"https:\/\/diarioelpopular.com\/index.php\/wp-json\/wp\/v2\/comments?post=534054"}],"version-history":[{"count":1,"href":"https:\/\/diarioelpopular.com\/index.php\/wp-json\/wp\/v2\/posts\/534054\/revisions"}],"predecessor-version":[{"id":534056,"href":"https:\/\/diarioelpopular.com\/index.php\/wp-json\/wp\/v2\/posts\/534054\/revisions\/534056"}],"wp:featuredmedia":[{"embeddable":true,"href":"https:\/\/diarioelpopular.com\/index.php\/wp-json\/wp\/v2\/media\/534055"}],"wp:attachment":[{"href":"https:\/\/diarioelpopular.com\/index.php\/wp-json\/wp\/v2\/media?parent=534054"}],"wp:term":[{"taxonomy":"category","embeddable":true,"href":"https:\/\/diarioelpopular.com\/index.php\/wp-json\/wp\/v2\/categories?post=534054"},{"taxonomy":"post_tag","embeddable":true,"href":"https:\/\/diarioelpopular.com\/index.php\/wp-json\/wp\/v2\/tags?post=534054"}],"curies":[{"name":"wp","href":"https:\/\/api.w.org\/{rel}","templated":true}]}}