{"id":534128,"date":"2025-07-17T09:43:47","date_gmt":"2025-07-17T13:43:47","guid":{"rendered":"https:\/\/diarioelpopular.com\/?p=534128"},"modified":"2025-07-17T09:43:47","modified_gmt":"2025-07-17T13:43:47","slug":"buscan-a-sujeto-tras-agresion-por-odio-racial-en-el-oeste-de-la-ciudad","status":"publish","type":"post","link":"https:\/\/diarioelpopular.com\/index.php\/2025\/07\/17\/buscan-a-sujeto-tras-agresion-por-odio-racial-en-el-oeste-de-la-ciudad\/","title":{"rendered":"Buscan a sujeto tras agresi\u00f3n por odio racial en el oeste de la ciudad"},"content":{"rendered":"<div id=\"attachment_534129\" style=\"width: 646px\" class=\"wp-caption alignnone\"><img loading=\"lazy\" decoding=\"async\" aria-describedby=\"caption-attachment-534129\" class=\"wp-image-534129 size-custom-full-size\" src=\"https:\/\/diarioelpopular.com\/wp-content\/uploads\/2025\/07\/Screen-Shot-2025-07-17-at-9.37.49-AM-636x479.png\" alt=\"La polic\u00eda busca a este hombre de piel clara, de aproximadamente 1,73 m de altura y entre 20 y 30 a\u00f1os. Foto: Polic\u00eda de Toronto.\" width=\"636\" height=\"479\" srcset=\"https:\/\/diarioelpopular.com\/wp-content\/uploads\/2025\/07\/Screen-Shot-2025-07-17-at-9.37.49-AM-636x479.png 636w, https:\/\/diarioelpopular.com\/wp-content\/uploads\/2025\/07\/Screen-Shot-2025-07-17-at-9.37.49-AM-300x226.png 300w, https:\/\/diarioelpopular.com\/wp-content\/uploads\/2025\/07\/Screen-Shot-2025-07-17-at-9.37.49-AM-768x578.png 768w, https:\/\/diarioelpopular.com\/wp-content\/uploads\/2025\/07\/Screen-Shot-2025-07-17-at-9.37.49-AM-97x73.png 97w, https:\/\/diarioelpopular.com\/wp-content\/uploads\/2025\/07\/Screen-Shot-2025-07-17-at-9.37.49-AM.png 842w\" sizes=\"auto, (max-width: 636px) 100vw, 636px\" \/><p id=\"caption-attachment-534129\" class=\"wp-caption-text\">La polic\u00eda busca a este energ\u00fameno de piel clara. Foto: Polic\u00eda de Toronto.<\/p><\/div>\n<p>&nbsp;<\/p>\n<p>&nbsp;<\/p>\n<p><em><strong>La polic\u00eda anda tras la pista de un sujeto acusado de una agresi\u00f3n por odio racial en el oeste de la ciudad.<\/strong><\/em><\/p>\n<p><img loading=\"lazy\" decoding=\"async\" class=\"alignnone size-custom-full-size wp-image-534130\" src=\"https:\/\/diarioelpopular.com\/wp-content\/uploads\/2025\/07\/Screen-Shot-2025-07-17-at-9.37.26-AM-636x485.png\" alt=\"\" width=\"636\" height=\"485\" srcset=\"https:\/\/diarioelpopular.com\/wp-content\/uploads\/2025\/07\/Screen-Shot-2025-07-17-at-9.37.26-AM-636x485.png 636w, https:\/\/diarioelpopular.com\/wp-content\/uploads\/2025\/07\/Screen-Shot-2025-07-17-at-9.37.26-AM-300x229.png 300w, https:\/\/diarioelpopular.com\/wp-content\/uploads\/2025\/07\/Screen-Shot-2025-07-17-at-9.37.26-AM-768x586.png 768w, https:\/\/diarioelpopular.com\/wp-content\/uploads\/2025\/07\/Screen-Shot-2025-07-17-at-9.37.26-AM-96x73.png 96w, https:\/\/diarioelpopular.com\/wp-content\/uploads\/2025\/07\/Screen-Shot-2025-07-17-at-9.37.26-AM.png 834w\" sizes=\"auto, (max-width: 636px) 100vw, 636px\" \/><\/p>\n<p>&nbsp;<\/p>\n<p>La Polic\u00eda de Toronto inform\u00f3 que respondi\u00f3 a una llamada por agresi\u00f3n el 27 de junio alrededor de las 4 a. m. en la zona de Bloor St. W. y Symington Ave., donde la v\u00edctima transitaba en su bicicleta cuando el sospechoso lo empuj\u00f3 tir\u00e1ndolo al suelo.<\/p>\n<p>Luego el atacante agredi\u00f3 al ciclista mientras le gritaba insultos anti-negros, lo amenaz\u00f3 y luego le quit\u00f3 la bicicleta.<\/p>\n<p>La v\u00edctima fue trasladada a un hospital, donde recibi\u00f3 atenci\u00f3n m\u00e9dica por lesiones que no pusieron en peligro su vida.<\/p>\n<p>La polic\u00eda inform\u00f3 que busca a un individuo de piel clara, de aproximadamente 1,73 m y entre 20 y 30 a\u00f1os. Vest\u00eda una gorra de b\u00e9isbol negra hacia atr\u00e1s, camisa blanca, pantalones oscuros y zapatos blancos.<\/p>\n<p>Cualquier persona con informaci\u00f3n puede contactar a la polic\u00eda al 416-808-3500 o a Crime Stoppers de forma an\u00f3nima al 416-222-8477 o a trav\u00e9s de 222tips.com.<\/p>\n","protected":false},"excerpt":{"rendered":"<p>&nbsp; &nbsp; La polic\u00eda anda tras la pista de un sujeto acusado de una agresi\u00f3n por odio racial en el oeste de la ciudad. &nbsp;&hellip;<\/p>\n","protected":false},"author":99,"featured_media":534129,"comment_status":"open","ping_status":"open","sticky":false,"template":"","format":"standard","meta":{"footnotes":""},"categories":[11364],"tags":[],"class_list":["post-534128","post","type-post","status-publish","format-standard","has-post-thumbnail","hentry","category-toronto-gta"],"_links":{"self":[{"href":"https:\/\/diarioelpopular.com\/index.php\/wp-json\/wp\/v2\/posts\/534128","targetHints":{"allow":["GET"]}}],"collection":[{"href":"https:\/\/diarioelpopular.com\/index.php\/wp-json\/wp\/v2\/posts"}],"about":[{"href":"https:\/\/diarioelpopular.com\/index.php\/wp-json\/wp\/v2\/types\/post"}],"author":[{"embeddable":true,"href":"https:\/\/diarioelpopular.com\/index.php\/wp-json\/wp\/v2\/users\/99"}],"replies":[{"embeddable":true,"href":"https:\/\/diarioelpopular.com\/index.php\/wp-json\/wp\/v2\/comments?post=534128"}],"version-history":[{"count":1,"href":"https:\/\/diarioelpopular.com\/index.php\/wp-json\/wp\/v2\/posts\/534128\/revisions"}],"predecessor-version":[{"id":534131,"href":"https:\/\/diarioelpopular.com\/index.php\/wp-json\/wp\/v2\/posts\/534128\/revisions\/534131"}],"wp:featuredmedia":[{"embeddable":true,"href":"https:\/\/diarioelpopular.com\/index.php\/wp-json\/wp\/v2\/media\/534129"}],"wp:attachment":[{"href":"https:\/\/diarioelpopular.com\/index.php\/wp-json\/wp\/v2\/media?parent=534128"}],"wp:term":[{"taxonomy":"category","embeddable":true,"href":"https:\/\/diarioelpopular.com\/index.php\/wp-json\/wp\/v2\/categories?post=534128"},{"taxonomy":"post_tag","embeddable":true,"href":"https:\/\/diarioelpopular.com\/index.php\/wp-json\/wp\/v2\/tags?post=534128"}],"curies":[{"name":"wp","href":"https:\/\/api.w.org\/{rel}","templated":true}]}}