{"id":534293,"date":"2025-07-22T08:30:12","date_gmt":"2025-07-22T12:30:12","guid":{"rendered":"https:\/\/diarioelpopular.com\/?p=534293"},"modified":"2025-07-22T08:30:12","modified_gmt":"2025-07-22T12:30:12","slug":"policia-busca-a-maleante-tras-incidente-motivado-por-odio-en-el-metro","status":"publish","type":"post","link":"https:\/\/diarioelpopular.com\/index.php\/2025\/07\/22\/policia-busca-a-maleante-tras-incidente-motivado-por-odio-en-el-metro\/","title":{"rendered":"Polic\u00eda busca a maleante tras incidente motivado por odio en el metro"},"content":{"rendered":"<div id=\"attachment_534294\" style=\"width: 310px\" class=\"wp-caption alignnone\"><img loading=\"lazy\" decoding=\"async\" aria-describedby=\"caption-attachment-534294\" class=\"wp-image-534294 size-medium\" src=\"https:\/\/diarioelpopular.com\/wp-content\/uploads\/2025\/07\/Screen-Shot-2025-07-22-at-8.15.53-AM-300x226.png\" alt=\"\" width=\"300\" height=\"226\" srcset=\"https:\/\/diarioelpopular.com\/wp-content\/uploads\/2025\/07\/Screen-Shot-2025-07-22-at-8.15.53-AM-300x226.png 300w, https:\/\/diarioelpopular.com\/wp-content\/uploads\/2025\/07\/Screen-Shot-2025-07-22-at-8.15.53-AM-97x73.png 97w, https:\/\/diarioelpopular.com\/wp-content\/uploads\/2025\/07\/Screen-Shot-2025-07-22-at-8.15.53-AM.png 448w\" sizes=\"auto, (max-width: 300px) 100vw, 300px\" \/><p id=\"caption-attachment-534294\" class=\"wp-caption-text\">La polic\u00eda lo busca un incidente motivado por el odio en el metro. (Folleto de la Polic\u00eda de Toronto)<\/p><\/div>\n<p>&nbsp;<\/p>\n<p>&nbsp;<\/p>\n<ul>\n<li><strong><em>La Polic\u00eda de Toronto afirma estar investigando un crimen de odio en el metro de la ciudad despu\u00e9s de que un mat\u00f3n profiriera comentarios despectivos y escupiera a otro pasajero.<\/em><\/strong><\/li>\n<\/ul>\n<p>&nbsp;<\/p>\n<p>&#8220;El energ\u00fameno sali\u00f3 del tren en la estaci\u00f3n Wellesley y camin\u00f3 hacia el este por la calle Wellesley&#8221;, seg\u00fan un comunicado.<\/p>\n<p>La polic\u00eda declar\u00f3 el lunes que el crimen no fue provocado y ocurri\u00f3 alrededor de las 00:40 del 16 de junio.<\/p>\n<p>Luego de la investigaci\u00f3n y vigilancia de las c\u00e1maras de seguridad, polic\u00eda public\u00f3 una imagen del mat\u00f3n, de unos 30 a\u00f1os, 1,78 metros de altura y complexi\u00f3n mediana.<\/p>\n<p><em><strong>Contact\u00f3 a la v\u00edctima, contraviniendo una orden judicial y es arrestado<\/strong><\/em><\/p>\n<div id=\"attachment_534295\" style=\"width: 646px\" class=\"wp-caption alignnone\"><img loading=\"lazy\" decoding=\"async\" aria-describedby=\"caption-attachment-534295\" class=\"wp-image-534295 size-custom-full-size\" src=\"https:\/\/diarioelpopular.com\/wp-content\/uploads\/2025\/07\/Screen-Shot-2025-07-22-at-8.27.24-AM-636x478.png\" alt=\"\" width=\"636\" height=\"478\" srcset=\"https:\/\/diarioelpopular.com\/wp-content\/uploads\/2025\/07\/Screen-Shot-2025-07-22-at-8.27.24-AM-636x478.png 636w, https:\/\/diarioelpopular.com\/wp-content\/uploads\/2025\/07\/Screen-Shot-2025-07-22-at-8.27.24-AM-300x226.png 300w, https:\/\/diarioelpopular.com\/wp-content\/uploads\/2025\/07\/Screen-Shot-2025-07-22-at-8.27.24-AM-768x577.png 768w, https:\/\/diarioelpopular.com\/wp-content\/uploads\/2025\/07\/Screen-Shot-2025-07-22-at-8.27.24-AM-97x73.png 97w, https:\/\/diarioelpopular.com\/wp-content\/uploads\/2025\/07\/Screen-Shot-2025-07-22-at-8.27.24-AM.png 846w\" sizes=\"auto, (max-width: 636px) 100vw, 636px\" \/><p id=\"caption-attachment-534295\" class=\"wp-caption-text\">Abdullah Al Mamun<\/p><\/div>\n<p>&nbsp;<\/p>\n<p>La polic\u00eda ha acusado al individuo que incumpli\u00f3 una orden de liberaci\u00f3n al contactar a la v\u00edctima en varias ocasiones.<\/p>\n<p>La polic\u00eda inform\u00f3 que los agentes acudieron el lunes, alrededor de las 00:30, tras recibir una llamada sobre un sujeto que, luego, se estableci\u00f3 que incumpli\u00f3 su orden de liberaci\u00f3n, en la zona de las avenidas Danforth-Woodbine. \u201cEl sospechoso contact\u00f3 a la v\u00edctima en varias ocasiones\u201d, dijo la polic\u00eda. \u201cEl sujeto est\u00e1 bajo condici\u00f3n de no contactar a la v\u00edctima\u201d.<\/p>\n<p>Abdullah Al Mamun, de 23 a\u00f1os y residente de Toronto, fue arrestado el lunes y acusado de 12 cargos por incumplimiento de una orden de liberaci\u00f3n, seg\u00fan la polic\u00eda.<\/p>\n<p><em><strong>Sujeto es arrestado y acusado de robo a mano armada<\/strong><\/em><\/p>\n<div id=\"attachment_534296\" style=\"width: 646px\" class=\"wp-caption alignnone\"><img loading=\"lazy\" decoding=\"async\" aria-describedby=\"caption-attachment-534296\" class=\"wp-image-534296 size-custom-full-size\" src=\"https:\/\/diarioelpopular.com\/wp-content\/uploads\/2025\/07\/Screen-Shot-2025-07-22-at-8.28.27-AM-636x478.png\" alt=\"\" width=\"636\" height=\"478\" srcset=\"https:\/\/diarioelpopular.com\/wp-content\/uploads\/2025\/07\/Screen-Shot-2025-07-22-at-8.28.27-AM-636x478.png 636w, https:\/\/diarioelpopular.com\/wp-content\/uploads\/2025\/07\/Screen-Shot-2025-07-22-at-8.28.27-AM-300x226.png 300w, https:\/\/diarioelpopular.com\/wp-content\/uploads\/2025\/07\/Screen-Shot-2025-07-22-at-8.28.27-AM-768x577.png 768w, https:\/\/diarioelpopular.com\/wp-content\/uploads\/2025\/07\/Screen-Shot-2025-07-22-at-8.28.27-AM-97x73.png 97w, https:\/\/diarioelpopular.com\/wp-content\/uploads\/2025\/07\/Screen-Shot-2025-07-22-at-8.28.27-AM.png 846w\" sizes=\"auto, (max-width: 636px) 100vw, 636px\" \/><p id=\"caption-attachment-534296\" class=\"wp-caption-text\">Lachlan Rabut<\/p><\/div>\n<p>&nbsp;<\/p>\n<p>Un delincuente de Hamilton de 21 a\u00f1os, que ya estaba sujeto a condiciones de liberaci\u00f3n bajo fianza, enfrenta ahora, un cargo de robo tras el asalto a una tienda de conveniencia en la zona de East Mountain.<\/p>\n<p>La polic\u00eda de Hamilton inform\u00f3 que el arresto se produjo tras un robo a mano armada ocurrido la madrugada del pasado mi\u00e9rcoles en una tienda ubicada en Fennell Ave. E., cerca de Upper Ottawa St., en la que un bandido entr\u00f3 al negocio con un arma de fuego oculta y exigi\u00f3 dinero en efectivo a un empleado antes de huir.<\/p>\n<p>No se reportaron lesiones f\u00edsicas a la polic\u00eda.<\/p>\n<p>Lachlan Rabut est\u00e1 acusado de robo con arma de fuego e incumplimiento de una orden de liberaci\u00f3n.<\/p>\n","protected":false},"excerpt":{"rendered":"<p>&nbsp; &nbsp; La Polic\u00eda de Toronto afirma estar investigando un crimen de odio en el metro de la ciudad despu\u00e9s de que un mat\u00f3n profiriera&hellip;<\/p>\n","protected":false},"author":99,"featured_media":534294,"comment_status":"open","ping_status":"open","sticky":false,"template":"","format":"standard","meta":{"footnotes":""},"categories":[11364],"tags":[],"class_list":["post-534293","post","type-post","status-publish","format-standard","has-post-thumbnail","hentry","category-toronto-gta"],"_links":{"self":[{"href":"https:\/\/diarioelpopular.com\/index.php\/wp-json\/wp\/v2\/posts\/534293","targetHints":{"allow":["GET"]}}],"collection":[{"href":"https:\/\/diarioelpopular.com\/index.php\/wp-json\/wp\/v2\/posts"}],"about":[{"href":"https:\/\/diarioelpopular.com\/index.php\/wp-json\/wp\/v2\/types\/post"}],"author":[{"embeddable":true,"href":"https:\/\/diarioelpopular.com\/index.php\/wp-json\/wp\/v2\/users\/99"}],"replies":[{"embeddable":true,"href":"https:\/\/diarioelpopular.com\/index.php\/wp-json\/wp\/v2\/comments?post=534293"}],"version-history":[{"count":1,"href":"https:\/\/diarioelpopular.com\/index.php\/wp-json\/wp\/v2\/posts\/534293\/revisions"}],"predecessor-version":[{"id":534297,"href":"https:\/\/diarioelpopular.com\/index.php\/wp-json\/wp\/v2\/posts\/534293\/revisions\/534297"}],"wp:featuredmedia":[{"embeddable":true,"href":"https:\/\/diarioelpopular.com\/index.php\/wp-json\/wp\/v2\/media\/534294"}],"wp:attachment":[{"href":"https:\/\/diarioelpopular.com\/index.php\/wp-json\/wp\/v2\/media?parent=534293"}],"wp:term":[{"taxonomy":"category","embeddable":true,"href":"https:\/\/diarioelpopular.com\/index.php\/wp-json\/wp\/v2\/categories?post=534293"},{"taxonomy":"post_tag","embeddable":true,"href":"https:\/\/diarioelpopular.com\/index.php\/wp-json\/wp\/v2\/tags?post=534293"}],"curies":[{"name":"wp","href":"https:\/\/api.w.org\/{rel}","templated":true}]}}