{"id":534320,"date":"2025-07-22T09:42:26","date_gmt":"2025-07-22T13:42:26","guid":{"rendered":"https:\/\/diarioelpopular.com\/?p=534320"},"modified":"2025-07-22T09:42:26","modified_gmt":"2025-07-22T13:42:26","slug":"almar-latour-ceo-de-dow-jones-el-grupo-editor-de-the-wall-street-journal-seguimos-peleando-por-la-libertad-de-prensa","status":"publish","type":"post","link":"https:\/\/diarioelpopular.com\/index.php\/2025\/07\/22\/almar-latour-ceo-de-dow-jones-el-grupo-editor-de-the-wall-street-journal-seguimos-peleando-por-la-libertad-de-prensa\/","title":{"rendered":"Almar Latour, CEO de Dow Jones, el grupo editor de \u2018The Wall Street Journal\u2019: \u201cSeguimos peleando por la libertad de prensa\u201d"},"content":{"rendered":"<div id=\"attachment_534321\" style=\"width: 1210px\" class=\"wp-caption alignnone\"><img loading=\"lazy\" decoding=\"async\" aria-describedby=\"caption-attachment-534321\" class=\"wp-image-534321 size-custom-big-size\" src=\"https:\/\/diarioelpopular.com\/wp-content\/uploads\/2025\/07\/Screen-Shot-2025-07-22-at-9.41.49-AM-1200x818.png\" alt=\"\" width=\"1200\" height=\"818\" srcset=\"https:\/\/diarioelpopular.com\/wp-content\/uploads\/2025\/07\/Screen-Shot-2025-07-22-at-9.41.49-AM-1200x818.png 1200w, https:\/\/diarioelpopular.com\/wp-content\/uploads\/2025\/07\/Screen-Shot-2025-07-22-at-9.41.49-AM-300x205.png 300w, https:\/\/diarioelpopular.com\/wp-content\/uploads\/2025\/07\/Screen-Shot-2025-07-22-at-9.41.49-AM-768x524.png 768w, https:\/\/diarioelpopular.com\/wp-content\/uploads\/2025\/07\/Screen-Shot-2025-07-22-at-9.41.49-AM-636x434.png 636w, https:\/\/diarioelpopular.com\/wp-content\/uploads\/2025\/07\/Screen-Shot-2025-07-22-at-9.41.49-AM-80x55.png 80w, https:\/\/diarioelpopular.com\/wp-content\/uploads\/2025\/07\/Screen-Shot-2025-07-22-at-9.41.49-AM-107x73.png 107w, https:\/\/diarioelpopular.com\/wp-content\/uploads\/2025\/07\/Screen-Shot-2025-07-22-at-9.41.49-AM.png 1024w\" sizes=\"auto, (max-width: 1200px) 100vw, 1200px\" \/><p id=\"caption-attachment-534321\" class=\"wp-caption-text\">Almar Latour, CEO de Dow Jones, en Manhattan, el 1 de julio de 2025. Corrie Aune<\/p><\/div>\n<p>&nbsp;<\/p>\n<p>&nbsp;<\/p>\n<h4 class=\"a_st\"><em>Cuando el prestigioso peri\u00f3dico est\u00e1 en el centro del hurac\u00e1n por el \u2018caso Epstein\u2019, la respuesta de su empresa ha sido asegurar que conf\u00eda plenamente en \u201cel rigor y la precisi\u00f3n\u201d de sus periodistas<\/em><\/h4>\n<p>&nbsp;<\/p>\n<p class=\"\">Como CEO de Dow Jones, el grupo editor de<i>\u00a0The Wall Street Journal<\/i>, Almar Latour dirige una de las plataformas de informaci\u00f3n m\u00e1s influyentes del planeta y ahora mismo est\u00e1 en el ojo de ese tipo de huracanes que amenazan con arrasar con todo.<\/p>\n<p class=\"\">Tras la publicaci\u00f3n de una carta entre Donald Trump y el pederasta Jeffrey Epstein, \u00e9ste, ha demandado al conglomerado medi\u00e1tico de Rupert Murdoch, ha sido asegurar que tienen plena confianza en \u201cel rigor y la precisi\u00f3n\u201d de sus informes y afirmar que va a defenderse en\u00e9rgicamente contra cualquier demanda. Ante todo, la estrategia de Latour es la misma: no perder la compostura, contrario a Trump. Periodista de formaci\u00f3n, Latour (Welten, 54 a\u00f1os) no naci\u00f3 en suelo americano, pero lo entiende mejor que muchos nativos. Hoy, ese joven que dej\u00f3 Holanda sigue siendo como John Wayne en <i>El hombre tranquilo<\/i>: \u201cCon calma\u201d es su respuesta, no solo a las preguntas, sino a los momentos m\u00e1s dif\u00edciles de su carrera.<\/p>\n<p class=\"\">Latour se uni\u00f3 al\u00a0<i>Journal<\/i>\u00a0en 1995 como asistente de redacci\u00f3n en Washington, pasando luego por las redacciones de Londres y Nueva York. En 2007 lider\u00f3 el primer equipo de tecnolog\u00eda y transformaci\u00f3n digital del peri\u00f3dico hacia un modelo de suscripci\u00f3n\u00a0<i>online<\/i>. Y el 21 de julio de 2020, m\u00e1s de 280 redactores del diario le enviaron una carta por la \u201cfalta de verificaci\u00f3n de hechos y transparencia\u201d en la secci\u00f3n de opini\u00f3n, en protesta por haber incluido datos que contradec\u00edan el trabajo de la redacci\u00f3n. Ese episodio sacudi\u00f3 al peri\u00f3dico como nunca. Latour, y su calma, convirtieron aquel momento cr\u00edtico en un punto de inflexi\u00f3n en el que se implementaron acciones internas que diferenciaran claramente las noticias y las opiniones.<\/p>\n<p class=\"\">En su despacho, como un trofeo, una pila de ejemplares junto a la ventana. Son los diarios publicados durante los 491 d\u00edas que el periodista<a title=\"https:\/\/elpais.com\/internacional\/2024-07-19\/la-justicia-rusa-condena-al-periodista-estadounidense-evan-gershkovich-a-16-anos-de-carcel.html\" href=\"https:\/\/elpais.com\/internacional\/2024-07-19\/la-justicia-rusa-condena-al-periodista-estadounidense-evan-gershkovich-a-16-anos-de-carcel.html\" target=\"_self\" rel=\"\" data-link-track-dtm=\"\" data-mrf-link=\"https:\/\/elpais.com\/internacional\/2024-07-19\/la-justicia-rusa-condena-al-periodista-estadounidense-evan-gershkovich-a-16-anos-de-carcel.html\">\u00a0Evan Gershkovich fue secuestrado<\/a>\u00a0por los rusos mientras cubr\u00eda la guerra de Ucrania. Aunque ha pasado un a\u00f1o, se le sigue entrecortando la voz cuando recuerda el momento en que fue liberado.<\/p>\n<p class=\"\">Hoy,\u00a0<i>The Wall Street Journal<\/i>, con m\u00e1s de 4 millones de suscripciones, convive con todos los retos e incertidumbres con los que pelea el periodismo en todo el mundo. Esta entrevista, que fue realizada antes de que Trump demandara al\u00a0<i>Journal<\/i>, es una pausa en medio del v\u00e9rtigo diario y una conversaci\u00f3n con un hombre humilde y tranquilo que no quiere desvelar su titular m\u00e1s deseado y prefiere decir que hay\u00a0<a title=\"https:\/\/elpais.com\/ciencia\/2024-07-26\/la-nasa-encuentra-en-marte-intrigantes-senales-de-posible-vida-microscopica-en-el-pasado.html\" href=\"https:\/\/elpais.com\/ciencia\/2024-07-26\/la-nasa-encuentra-en-marte-intrigantes-senales-de-posible-vida-microscopica-en-el-pasado.html\" target=\"_self\" rel=\"\" data-link-track-dtm=\"\" data-mrf-link=\"https:\/\/elpais.com\/ciencia\/2024-07-26\/la-nasa-encuentra-en-marte-intrigantes-senales-de-posible-vida-microscopica-en-el-pasado.html\">vida en Marte<\/a>.<\/p>\n<p class=\"\"><b>Pregunta.\u00a0<\/b>\u00bfQu\u00e9 queda dentro de usted de aquel joven que dej\u00f3 Holanda por Estados Unidos?<\/p>\n<p class=\"\"><b>Respuesta.<\/b>\u00a0Welton es un pueblito, con una iglesia en la calle principal y mucho verde, y sigue muy presente en mi coraz\u00f3n. Nunca, realmente, me ha dejado. Es parte fundamental de m\u00ed. Creo que muchas de las pasiones que tuve all\u00ed, desde muy joven, influyen en c\u00f3mo soy hoy. Mi madre me compr\u00f3 una suscripci\u00f3n a dos peri\u00f3dicos: uno local y otro nacional, y recuerdo devorar las noticias. Esa pasi\u00f3n sigue viva. Siempre he tenido la mirada puesta en el mundo. Mi madre naci\u00f3 en Indonesia, mi abuelo vivi\u00f3 en Estados Unidos, y eso sigue siendo una parte muy importante de m\u00ed. Tambi\u00e9n fui ese ni\u00f1o que tuvo el primer ordenador de todo el vecindario. Me encantaba la tecnolog\u00eda, y a\u00fan me apasiona. As\u00ed que las grandes constantes de la vida, creo que siguen ah\u00ed. Aquel ni\u00f1o seguramente a\u00fan me reconocer\u00eda. Creo que nos llevar\u00edamos muy bien.<\/p>\n<p class=\"\"><b>P.\u00a0<\/b>\u00bfY c\u00f3mo reaccionaron sus padres al dejar Europa?<\/p>\n<p class=\"\"><b>R.\u00a0<\/b>Hablaba de EE UU desde muy peque\u00f1o. Incluso en primaria, escrib\u00ed trabajos sobre Lincoln, Disney\u2026 mi obsesi\u00f3n no fue una sorpresa para ellos. Desde muy temprano dije: \u201cQuiero hacer esto\u201d. No fue algo planeado. Ni siquiera fue una decisi\u00f3n consciente a largo plazo. Las cosas se fueron dando. Creo que lo \u00fanico que dej\u00e9 atr\u00e1s al salir de mi querida Holanda fue una vida previsible.<\/p>\n<p class=\"\"><b>P.\u00a0<\/b>\u00bfA\u00fan se siente un inmigrante?<\/p>\n<p class=\"\"><b>R.<\/b>\u00a0He vivido en tantos pa\u00edses que s\u00e9 lo que significa no ser de un lugar. Es una sensaci\u00f3n muy particular. Me he sentido hu\u00e9sped, y eso requiere mucha humildad: hacia el idioma, la cultura y a no tener una red de apoyo.<\/p>\n<p class=\"\"><b>P.<\/b>\u00a0\u00bfRecuerda sentirse vulnerable?<\/p>\n<p class=\"\"><b>R.\u00a0<\/b>\u00a1Claro! Tom\u00e9 una de las decisiones m\u00e1s importantes apenas llegu\u00e9 a EE UU. Vine por un a\u00f1o sab\u00e1tico y al bajar del autob\u00fas me dijeron: \u201cAll\u00ed est\u00e1 la residencia de estudiantes internacionales, y aqu\u00ed la de los estadounidenses. T\u00fa vas a la internacional\u201d. Y pens\u00e9 que claramente no iba a quedarme en la residencia internacional. Vine a EE UU para ser estadounidense. Eso significaba estar rodeado de personas que hablaban r\u00e1pido, con un vocabulario muy distinto. Tuve que ponerme al d\u00eda. En Holanda me encantaba escribir, me sent\u00eda sofisticado. De repente, qued\u00e9 reducido a alguien que necesitaba ayuda para explicar lo m\u00e1s b\u00e1sico. Fue una escuela de aprendizaje incre\u00edble. Y despu\u00e9s de ese a\u00f1o, sent\u00ed que pod\u00eda funcionar plenamente en ingl\u00e9s. Eso me abri\u00f3 un mundo completamente nuevo. Y me hizo ser humilde. Eso es clave como periodista, empresario o pol\u00edtico: hacer preguntas hasta tener respuestas, y reconocer cu\u00e1ndo a\u00fan no est\u00e1s listo y seguir avanzando. De esa manera de ser, sigo sacando mucha energ\u00eda para el d\u00eda a d\u00eda.<\/p>\n<p>&nbsp;<\/p>\n<figure class=\"a_m a_m-h \">\n<p><div style=\"width: 424px\" class=\"wp-caption alignnone\"><img loading=\"lazy\" decoding=\"async\" class=\"_re lazyload a_m-h\" src=\"https:\/\/imagenes.elpais.com\/resizer\/v2\/ODL56MUP2BHANBOEJVTEVAMUDE.jpg?auth=1152fdda3ea74b10451fee7898ca2b074c1b1f57d2b448526572b504bb6cdd47&amp;width=414\" sizes=\"auto, (min-width:1199px) 1155px,(min-width:1001px) calc(100vw - 44px),(min-width:768px) 767px, 100vw\" srcset=\"https:\/\/imagenes.elpais.com\/resizer\/v2\/ODL56MUP2BHANBOEJVTEVAMUDE.jpg?auth=1152fdda3ea74b10451fee7898ca2b074c1b1f57d2b448526572b504bb6cdd47&amp;width=414 414w,https:\/\/imagenes.elpais.com\/resizer\/v2\/ODL56MUP2BHANBOEJVTEVAMUDE.jpg?auth=1152fdda3ea74b10451fee7898ca2b074c1b1f57d2b448526572b504bb6cdd47&amp;width=828 640w,https:\/\/imagenes.elpais.com\/resizer\/v2\/ODL56MUP2BHANBOEJVTEVAMUDE.jpg?auth=1152fdda3ea74b10451fee7898ca2b074c1b1f57d2b448526572b504bb6cdd47&amp;width=980 1000w,https:\/\/imagenes.elpais.com\/resizer\/v2\/ODL56MUP2BHANBOEJVTEVAMUDE.jpg?auth=1152fdda3ea74b10451fee7898ca2b074c1b1f57d2b448526572b504bb6cdd47&amp;width=1960 1960w\" alt=\"Almar Latour\" width=\"414\" height=\"276\" \/><p class=\"wp-caption-text\">Almar Latour, editor del &#8216;Wall Street Journal&#8217;, en Manhattan.\u00a0 \u00a0 Foto Corrie Aune<\/p><\/div><figcaption class=\"a_m_p\" aria-hidden=\"true\"><\/figcaption><\/figure>\n<p>&nbsp;<\/p>\n<p class=\"\"><b>P.\u00a0<\/b>\u00bfSigue siendo periodista o CEO?<\/p>\n<p class=\"\"><b>R.\u00a0<\/b>Mi cargo oficial es el que es, lo cual va m\u00e1s all\u00e1 del periodismo, pero sigue siendo vital manejar al mismo tiempo la informaci\u00f3n veraz y datos verificados. Describo mi trabajo como \u201chacer periodismo con otros medios\u201d. Me concentro en c\u00f3mo hacer que el periodismo del grupo sea sostenible. Me involucro en las decisiones \u00e9ticas importantes, en las inversiones, en la elecci\u00f3n de editores. Todos los d\u00edas paso horas\u00a0<a title=\"https:\/\/elpais.com\/comunicacion\/2023-06-14\/las-redes-sociales-ganan-terreno-en-el-consumo-de-noticias-y-tiktok-sigue-su-ascenso-entre-los-jovenes.html\" href=\"https:\/\/elpais.com\/comunicacion\/2023-06-14\/las-redes-sociales-ganan-terreno-en-el-consumo-de-noticias-y-tiktok-sigue-su-ascenso-entre-los-jovenes.html\" target=\"_self\" rel=\"\" data-link-track-dtm=\"\" data-mrf-link=\"https:\/\/elpais.com\/comunicacion\/2023-06-14\/las-redes-sociales-ganan-terreno-en-el-consumo-de-noticias-y-tiktok-sigue-su-ascenso-entre-los-jovenes.html\">consumiendo noticias<\/a>. La curiosidad y la esencia de ser periodista a\u00fan me hace mejor l\u00edder empresarial.<\/p>\n<p class=\"\"><b>P.\u00a0<\/b>\u00bfC\u00f3mo gestiona el equilibrio entre el poder corporativo y el trabajo (y preocupaciones) del periodista m\u00e1s joven del\u00a0<i>Journal<\/i>?<\/p>\n<p class=\"\"><b>R.\u00a0<\/b>Camino por la redacci\u00f3n. Hablo con todos, especialmente con los nuevos. Siempre les digo: en una semana, dime qu\u00e9 te parece absurdo y qu\u00e9 te inspira de la empresa. Yo empec\u00e9 como becario, y me dedicaba a repartir el correo. Todav\u00eda tengo relaci\u00f3n con gente de aquella \u00e9poca. Ah\u00ed conoces a las personas, su car\u00e1cter, qui\u00e9n es amable y qui\u00e9n no.<\/p>\n<p class=\"\"><b>P.\u00a0<\/b>Las cifras de negocio de Dow Jones son abrumadoras.<\/p>\n<p class=\"\"><b>R.\u00a0<\/b>Dow Jones logr\u00f3 en los \u00faltimos ingresos trimestrales 575 millones de d\u00f3lares, impulsados por un aumento en los ingresos por circulaci\u00f3n y un crecimiento en el negocio de informaci\u00f3n profesional, con un incremento del 11% en la unidad de Riesgo y Cumplimiento y del 10% en Dow Jones Energy. Durante el \u00faltimo trimestre, los productos para consumidores superaron los 6 millones de suscripciones.<\/p>\n<p class=\"\"><b>P.\u00a0<\/b>\u00bfQu\u00e9 llamadas telef\u00f3nicas son m\u00e1s dif\u00edciles de gestionar: las referentes a lo que se publica en el\u00a0<i>Journal\u00a0<\/i>o las del negocio de Dow Jones?<\/p>\n<p class=\"\"><b>R.<\/b>\u00a0Por naturaleza soy un hombre que mantiene la calma. En estos tiempos, es muy f\u00e1cil sucumbir a la histeria. Intento ser pragm\u00e1tico ante las situaciones complicadas y tenemos protocolos muy claros para saber c\u00f3mo afrontarlas.<\/p>\n<p class=\"\"><b>P.<\/b>\u00a0\u00bfC\u00f3mo maneja su relaci\u00f3n con los presidentes de Estados Unidos, el anterior y el actual?<\/p>\n<p class=\"\"><b>R.\u00a0<\/b>En una era en la que claramente el discurso pol\u00edtico ha cambiado (aqu\u00ed y en el resto del mundo), me aseguro de que mantengamos la cabeza fr\u00eda, la imparcialidad y nos enfoquemos en los hechos.<\/p>\n<p class=\"\"><b>P.\u00a0<\/b>\u00bfQu\u00e9 fue lo m\u00e1s duro durante el a\u00f1o que Evan Gershkovich\u00a0<a title=\"https:\/\/elpais.com\/internacional\/2024-06-26\/el-corresponsal-estadounidense-evan-gershkovich-encarcelado-en-rusia-comparece-ante-la-justicia.html\" href=\"https:\/\/elpais.com\/internacional\/2024-06-26\/el-corresponsal-estadounidense-evan-gershkovich-encarcelado-en-rusia-comparece-ante-la-justicia.html\" target=\"_self\" rel=\"\" data-link-track-dtm=\"\" data-mrf-link=\"https:\/\/elpais.com\/internacional\/2024-06-26\/el-corresponsal-estadounidense-evan-gershkovich-encarcelado-en-rusia-comparece-ante-la-justicia.html\">fue detenido en Rusia<\/a>?<\/p>\n<p class=\"\"><b>R.\u00a0<\/b>Ver a sus padres fue horrible. Como padre, sent\u00ed su dolor. Eso me dio energ\u00eda para liderar la campa\u00f1a por su liberaci\u00f3n. Tambi\u00e9n me record\u00f3 a mi colega Daniel Pearl, secuestrado y asesinado a manos de extremistas isl\u00e1micos en Karachi, Pakist\u00e1n, en 2002. Estaba investigando v\u00ednculos entre terroristas cuando fue capturado. Su muerte fue filmada y utilizada como propaganda. Yo lo conoc\u00eda. As\u00ed que cuando, en 2023, Evan fue detenido por el r\u00e9gimen ruso, supe que pod\u00eda acabar mal. Pero me mantuve sereno. Siempre intento dividir el gran problema en partes peque\u00f1as y asignar equipos a cada una. Durante ese tiempo, casi no pens\u00e9 en nada m\u00e1s.<\/p>\n<p class=\"\"><b>P.\u00a0<\/b>\u00bfY c\u00f3mo mantuvo la atenci\u00f3n p\u00fablica (y pol\u00edtica) en el caso de Gershkovich para que no cayera en el olvido?<\/p>\n<p class=\"\"><b>R.<\/b>\u00a0Decidimos ser ruidosos. Esto no era solo un problema de Evan o del\u00a0<i>Journal<\/i>, sino del periodismo mundial. Cuando las autoridades rusas publicaron un comunicado con todos los detalles, ya no tuvimos la opci\u00f3n de ser discretos. Hab\u00eda que defender los principios. Incluso hoy seguimos peleando por la libertad de prensa. Es parte de nuestra instituci\u00f3n m\u00e1s que nunca.<\/p>\n<p class=\"\"><b>P.\u00a0<\/b>\u00bfCu\u00e1ndo supo que Gershkovich iba a ser liberado?<\/p>\n<p class=\"\"><b>R.\u00a0<\/b>Finalmente, fue liberado el\u202f1 de agosto de 2024\u202fdurante un intercambio de\u202fprisioneros\u202fentre EE UU y Rusia, en el aeropuerto de Ankara, Turqu\u00eda. Semanas antes de que le dejaran libre, supimos que las negociaciones eran serias y nos pidieron desde el gobierno ser m\u00e1s silenciosos. No lo cre\u00ed del todo, porque segu\u00eda pensando que todo pod\u00eda torcerse de repente. Recuerdo estar desayunando con sus padres en Washington antes de ir a la Casa Blanca. Estaban alegres, pero a\u00fan incr\u00e9dulos. Luego los llevamos en un coche, los dejamos en la Casa Blanca y all\u00ed hablaron con Evan por tel\u00e9fono una vez que ya hab\u00eda sido liberado. Fue uno de los momentos m\u00e1s felices de mi vida. M\u00e1s tarde, en la pista del aeropuerto, tras abrazar a su madre y familia, Evan vino hacia m\u00ed y me dijo: \u201c\u00a1Ah, t\u00fa eres Almar! Mi madre me escribi\u00f3 mucho sobre ti\u201d. Nunca hab\u00edamos hablado antes en persona, pero no necesit\u00e9 que me dijera nada m\u00e1s.<\/p>\n<p class=\"\"><b>P.\u00a0<\/b>\u00bfQu\u00e9 le quita el sue\u00f1o hoy?<\/p>\n<p class=\"\"><b>R.<\/b>\u00a0Sin duda, la inteligencia artificial. La forma en que buscamos informaci\u00f3n ya est\u00e1 cambiando:\u00a0<a title=\"https:\/\/elpais.com\/tecnologia\/2025-07-11\/el-fin-del-reinado-de-google-la-ia-amenaza-al-buscador-estrella.html\" href=\"https:\/\/elpais.com\/tecnologia\/2025-07-11\/el-fin-del-reinado-de-google-la-ia-amenaza-al-buscador-estrella.html\" target=\"_self\" rel=\"\" data-link-track-dtm=\"\" data-mrf-link=\"https:\/\/elpais.com\/tecnologia\/2025-07-11\/el-fin-del-reinado-de-google-la-ia-amenaza-al-buscador-estrella.html\">del buscador al\u00a0<i>chat<\/i><\/a>. Esto va a cambiar el ecosistema informativo, los modelos de negocio, la publicidad, las suscripciones \u2026 Todo. Ya hemos visto noticias falsas creadas por inteligencia artificial imitando art\u00edculos del\u00a0<i>Journal<\/i>, hechas por simpatizantes rusos, editadas perfectamente como si fueran nuestras. Necesitamos de manera urgente combinar la informaci\u00f3n veraz con nuevas formas de presentarla. Es en lo que estoy ahora centrado: nuevos modelos eficaces y fiables. Ah\u00ed est\u00e1 la clave. Creo que el periodismo podr\u00eda vivir un renacimiento si hacemos esto bien.<\/p>\n<p class=\"\"><b>P.\u00a0<\/b>\u00bfTeme que la tecnolog\u00eda reemplace a los periodistas?<\/p>\n<p class=\"\"><b>R.\u00a0<\/b>No es una elecci\u00f3n entre humanos y tecnolog\u00eda. Debemos invertir en habilidades humanas, redirigirlas si es necesario, y usar la tecnolog\u00eda como herramienta. La mejor informaci\u00f3n surge cuando la tecnolog\u00eda, los datos y el reportero se combinan. Eso lo llamamos \u201cinteligencia aut\u00e9ntica\u201d: el humano gu\u00eda, la tecnolog\u00eda apoya. Sin duda estamos viviendo un momento geopol\u00edtico apasionante pero peligroso, aunque estrat\u00e9gicamente, soy optimista. Lo que hemos aprendido es que cuanto m\u00e1s inviertes en periodismo y periodistas de calidad y acceso a la \u00faltima tecnolog\u00eda, m\u00e1s \u00e9xitos cosechamos.<\/p>\n<p class=\"\"><b>P.\u00a0<\/b>\u00bfPor qu\u00e9 no escribe m\u00e1s art\u00edculos?<\/p>\n<p class=\"\"><b>R.\u00a0<\/b>Escrib\u00ed uno hace poco titulado \u201c<a title=\"https:\/\/www.wsj.com\/opinion\/brand-america-never-goes-out-of-style-dont-bet-against-us-cultural-influence-1ea789ac\" href=\"https:\/\/www.wsj.com\/opinion\/brand-america-never-goes-out-of-style-dont-bet-against-us-cultural-influence-1ea789ac\" target=\"_blank\" rel=\"noopener\" data-link-track-dtm=\"\" data-mrf-link=\"https:\/\/www.wsj.com\/opinion\/brand-america-never-goes-out-of-style-dont-bet-against-us-cultural-influence-1ea789ac\"><i>Brand America Never Goes Out of Style<\/i><\/a>\u201d intentando contar que, a\u00fan frente a los desaf\u00edos internos o externos, el \u201csue\u00f1o americano\u201d sigue vivo: una promesa de oportunidades, de hacer realidad lo imposible y sobre todo de reinventarse justo cuando menos se espera. Pero si te soy sincero, al principio, dej\u00e9 de escribir al pasar a la gesti\u00f3n para no competir con mis colegas. Nunca he sido muy fan de los jefes que quieren lucirse y competir con sus propios redactores.<\/p>\n<p class=\"\"><b>P.\u00a0<\/b>\u00bfPor eso no postea en X?<\/p>\n<p class=\"\"><b>R.\u00a0<\/b>B\u00e1sicamente. No debo meterme en pol\u00edtica y trato de evitar esas idas y venidas de opiniones de hoy en d\u00eda. No aporto nada. Qui\u00e9n sabe lo que pasar\u00e1 en el futuro.<\/p>\n<p class=\"\"><b>P.<\/b>\u00a0\u00bfQu\u00e9 titular le gustar\u00eda ver en el\u00a0<i>Journal<\/i>\u00a0antes de morir?<\/p>\n<p class=\"\"><b>R.\u00a0<\/b>Es una pregunta trampa&#8230; Que hay vida en Marte.<\/p>\n","protected":false},"excerpt":{"rendered":"<p>&nbsp; &nbsp; Cuando el prestigioso peri\u00f3dico est\u00e1 en el centro del hurac\u00e1n por el \u2018caso Epstein\u2019, la respuesta de su empresa ha sido asegurar que&hellip;<\/p>\n","protected":false},"author":99,"featured_media":534321,"comment_status":"open","ping_status":"open","sticky":false,"template":"","format":"standard","meta":{"footnotes":""},"categories":[24],"tags":[],"class_list":["post-534320","post","type-post","status-publish","format-standard","has-post-thumbnail","hentry","category-mundo"],"_links":{"self":[{"href":"https:\/\/diarioelpopular.com\/index.php\/wp-json\/wp\/v2\/posts\/534320","targetHints":{"allow":["GET"]}}],"collection":[{"href":"https:\/\/diarioelpopular.com\/index.php\/wp-json\/wp\/v2\/posts"}],"about":[{"href":"https:\/\/diarioelpopular.com\/index.php\/wp-json\/wp\/v2\/types\/post"}],"author":[{"embeddable":true,"href":"https:\/\/diarioelpopular.com\/index.php\/wp-json\/wp\/v2\/users\/99"}],"replies":[{"embeddable":true,"href":"https:\/\/diarioelpopular.com\/index.php\/wp-json\/wp\/v2\/comments?post=534320"}],"version-history":[{"count":1,"href":"https:\/\/diarioelpopular.com\/index.php\/wp-json\/wp\/v2\/posts\/534320\/revisions"}],"predecessor-version":[{"id":534322,"href":"https:\/\/diarioelpopular.com\/index.php\/wp-json\/wp\/v2\/posts\/534320\/revisions\/534322"}],"wp:featuredmedia":[{"embeddable":true,"href":"https:\/\/diarioelpopular.com\/index.php\/wp-json\/wp\/v2\/media\/534321"}],"wp:attachment":[{"href":"https:\/\/diarioelpopular.com\/index.php\/wp-json\/wp\/v2\/media?parent=534320"}],"wp:term":[{"taxonomy":"category","embeddable":true,"href":"https:\/\/diarioelpopular.com\/index.php\/wp-json\/wp\/v2\/categories?post=534320"},{"taxonomy":"post_tag","embeddable":true,"href":"https:\/\/diarioelpopular.com\/index.php\/wp-json\/wp\/v2\/tags?post=534320"}],"curies":[{"name":"wp","href":"https:\/\/api.w.org\/{rel}","templated":true}]}}