{"id":534329,"date":"2025-07-23T09:41:43","date_gmt":"2025-07-23T13:41:43","guid":{"rendered":"https:\/\/diarioelpopular.com\/?p=534329"},"modified":"2025-07-23T09:41:43","modified_gmt":"2025-07-23T13:41:43","slug":"los-trabajadores-temporales-representan-el-19-de-la-fuerza-laboral-del-sector-privado-canadiense","status":"publish","type":"post","link":"https:\/\/diarioelpopular.com\/index.php\/2025\/07\/23\/los-trabajadores-temporales-representan-el-19-de-la-fuerza-laboral-del-sector-privado-canadiense\/","title":{"rendered":"Los trabajadores temporales representan el 19% de la fuerza laboral del sector privado canadiense."},"content":{"rendered":"<p><img loading=\"lazy\" decoding=\"async\" class=\"alignnone size-custom-full-size wp-image-534330\" src=\"https:\/\/diarioelpopular.com\/wp-content\/uploads\/2025\/07\/Screen-Shot-2025-07-23-at-9.40.22-AM-636x485.png\" alt=\"\" width=\"636\" height=\"485\" srcset=\"https:\/\/diarioelpopular.com\/wp-content\/uploads\/2025\/07\/Screen-Shot-2025-07-23-at-9.40.22-AM-636x485.png 636w, https:\/\/diarioelpopular.com\/wp-content\/uploads\/2025\/07\/Screen-Shot-2025-07-23-at-9.40.22-AM-300x229.png 300w, https:\/\/diarioelpopular.com\/wp-content\/uploads\/2025\/07\/Screen-Shot-2025-07-23-at-9.40.22-AM-768x585.png 768w, https:\/\/diarioelpopular.com\/wp-content\/uploads\/2025\/07\/Screen-Shot-2025-07-23-at-9.40.22-AM-96x73.png 96w, https:\/\/diarioelpopular.com\/wp-content\/uploads\/2025\/07\/Screen-Shot-2025-07-23-at-9.40.22-AM.png 840w\" sizes=\"auto, (max-width: 636px) 100vw, 636px\" \/><\/p>\n<p>&nbsp;<\/p>\n<p>&nbsp;<\/p>\n<ul>\n<li><em><strong>Una nota informativa publicada recientemente situ\u00f3 el n\u00famero de residentes temporales en Canad\u00e1 en 3.049.277.<\/strong><\/em><\/li>\n<\/ul>\n<p>&nbsp;<\/p>\n<p>Los trabajadores temporales extranjeros representan poco menos del 19% de la fuerza laboral del sector privado canadiense.<\/p>\n<p>Esto seg\u00fan una nota informativa del Ministerio de Inmigraci\u00f3n del 1 de mayo, seg\u00fan la cobertura de Blacklock&#8217;s Reporter.<\/p>\n<p>\u201cSi bien los residentes temporales enriquecen la econom\u00eda y el tejido social de Canad\u00e1, nos hemos comprometido a reducir el crecimiento de la inmigraci\u00f3n temporal para alinear mejor las necesidades de nuestro mercado laboral, la oferta de vivienda y la capacidad comunitaria\u201d, afirma la nota informativa, titulada &#8220;Reducci\u00f3n de Residentes Temporales&#8221;.<\/p>\n<p>En enero, la Encuesta de Poblaci\u00f3n Activa de Statistics Canada situ\u00f3 la fuerza laboral del sector privado canadiense en casi 16,5 millones de personas.<\/p>\n<p>La nota situ\u00f3 el n\u00famero de residentes temporales en poco m\u00e1s de 3 millones, una cifra que incluye a m\u00e1s de 129.000 personas que permanecieron ilegalmente en el pa\u00eds despu\u00e9s del vencimiento de sus visas.<\/p>\n<p>Esa cifra se desglos\u00f3 a\u00fan m\u00e1s en alrededor de 1,5 millones de titulares de permisos de trabajo, incluidos 644.000 titulares de permisos de estudio, 164.000 familiares sin permisos propios y m\u00e1s de 280.000 solicitantes de asilo con permisos de trabajo.<\/p>\n","protected":false},"excerpt":{"rendered":"<p>&nbsp; &nbsp; Una nota informativa publicada recientemente situ\u00f3 el n\u00famero de residentes temporales en Canad\u00e1 en 3.049.277. &nbsp; Los trabajadores temporales extranjeros representan poco menos&hellip;<\/p>\n","protected":false},"author":99,"featured_media":534330,"comment_status":"open","ping_status":"open","sticky":false,"template":"","format":"standard","meta":{"footnotes":""},"categories":[21,11191],"tags":[],"class_list":["post-534329","post","type-post","status-publish","format-standard","has-post-thumbnail","hentry","category-canada","category-top-news"],"_links":{"self":[{"href":"https:\/\/diarioelpopular.com\/index.php\/wp-json\/wp\/v2\/posts\/534329","targetHints":{"allow":["GET"]}}],"collection":[{"href":"https:\/\/diarioelpopular.com\/index.php\/wp-json\/wp\/v2\/posts"}],"about":[{"href":"https:\/\/diarioelpopular.com\/index.php\/wp-json\/wp\/v2\/types\/post"}],"author":[{"embeddable":true,"href":"https:\/\/diarioelpopular.com\/index.php\/wp-json\/wp\/v2\/users\/99"}],"replies":[{"embeddable":true,"href":"https:\/\/diarioelpopular.com\/index.php\/wp-json\/wp\/v2\/comments?post=534329"}],"version-history":[{"count":1,"href":"https:\/\/diarioelpopular.com\/index.php\/wp-json\/wp\/v2\/posts\/534329\/revisions"}],"predecessor-version":[{"id":534331,"href":"https:\/\/diarioelpopular.com\/index.php\/wp-json\/wp\/v2\/posts\/534329\/revisions\/534331"}],"wp:featuredmedia":[{"embeddable":true,"href":"https:\/\/diarioelpopular.com\/index.php\/wp-json\/wp\/v2\/media\/534330"}],"wp:attachment":[{"href":"https:\/\/diarioelpopular.com\/index.php\/wp-json\/wp\/v2\/media?parent=534329"}],"wp:term":[{"taxonomy":"category","embeddable":true,"href":"https:\/\/diarioelpopular.com\/index.php\/wp-json\/wp\/v2\/categories?post=534329"},{"taxonomy":"post_tag","embeddable":true,"href":"https:\/\/diarioelpopular.com\/index.php\/wp-json\/wp\/v2\/tags?post=534329"}],"curies":[{"name":"wp","href":"https:\/\/api.w.org\/{rel}","templated":true}]}}