{"id":534341,"date":"2025-07-23T10:17:20","date_gmt":"2025-07-23T14:17:20","guid":{"rendered":"https:\/\/diarioelpopular.com\/?p=534341"},"modified":"2025-07-23T10:17:20","modified_gmt":"2025-07-23T14:17:20","slug":"policia-busca-a-sujeto-vinculado-a-agresion-sexual-en-el-centro","status":"publish","type":"post","link":"https:\/\/diarioelpopular.com\/index.php\/2025\/07\/23\/policia-busca-a-sujeto-vinculado-a-agresion-sexual-en-el-centro\/","title":{"rendered":"Polic\u00eda busca a sujeto vinculado a agresi\u00f3n sexual en el centro"},"content":{"rendered":"<div id=\"attachment_534342\" style=\"width: 646px\" class=\"wp-caption alignnone\"><img loading=\"lazy\" decoding=\"async\" aria-describedby=\"caption-attachment-534342\" class=\"wp-image-534342 size-custom-full-size\" src=\"https:\/\/diarioelpopular.com\/wp-content\/uploads\/2025\/07\/Screen-Shot-2025-07-23-at-10.06.32-AM-636x481.png\" alt=\"\" width=\"636\" height=\"481\" srcset=\"https:\/\/diarioelpopular.com\/wp-content\/uploads\/2025\/07\/Screen-Shot-2025-07-23-at-10.06.32-AM-636x481.png 636w, https:\/\/diarioelpopular.com\/wp-content\/uploads\/2025\/07\/Screen-Shot-2025-07-23-at-10.06.32-AM-300x227.png 300w, https:\/\/diarioelpopular.com\/wp-content\/uploads\/2025\/07\/Screen-Shot-2025-07-23-at-10.06.32-AM-768x581.png 768w, https:\/\/diarioelpopular.com\/wp-content\/uploads\/2025\/07\/Screen-Shot-2025-07-23-at-10.06.32-AM-96x73.png 96w, https:\/\/diarioelpopular.com\/wp-content\/uploads\/2025\/07\/Screen-Shot-2025-07-23-at-10.06.32-AM.png 838w\" sizes=\"auto, (max-width: 636px) 100vw, 636px\" \/><p id=\"caption-attachment-534342\" class=\"wp-caption-text\">La Polic\u00eda de Toronto solicita la colaboraci\u00f3n ciudadana para identificar a este afresor despu\u00e9s de que una mujer fuera agredida sexualmente en el Distrito de la Moda. Foto: Polic\u00eda de Toronto.<\/p><\/div>\n<p>&nbsp;<\/p>\n<p>&nbsp;<\/p>\n<ul>\n<li><em><strong>La polic\u00eda solicita la colaboraci\u00f3n ciudadana para identificar a un agresor acusado de agredir sexualmente a una mujer en el Distrito de la Moda.<\/strong><\/em><\/li>\n<\/ul>\n<p>&nbsp;<\/p>\n<p>La Polic\u00eda de Toronto inform\u00f3 que respondi\u00f3 a una llamada por agresi\u00f3n sexual tras un incidente ocurrido el pasado 10 de junio alrededor de las 2:00 a. m. en la zona de las calles King-Portland, donde la v\u00edctima se encontraba en un establecimiento departiendoa con amigos.<\/p>\n<p>La polic\u00eda dijo que el sujeto, grabado en las c\u00e1maras de vigilancia, sigui\u00f3 a la v\u00edctima hasta el ba\u00f1o y la agredi\u00f3 sexualmente.<\/p>\n<p>La polic\u00eda insta a cualquier persona con informaci\u00f3n a llamar al 416-808-7474.<\/p>\n<p><em><strong>Arrestado por da\u00f1os a propiedad<\/strong><\/em><\/p>\n<p>Un sujeto de Toronto de 53 a\u00f1os est\u00e1 acusado de da\u00f1o a la propiedad tras un incidente motivado por odio la semana pasada en un caf\u00e9 de North York.<\/p>\n<p>La Polic\u00eda de Toronto inform\u00f3 que respondi\u00f3 a una disputa el viernes alrededor de las 8:30 p. m. En la zona oeste de la calle Yonge y la avenida Sheppard, un sospechoso entr\u00f3 a una cafeter\u00eda y comenz\u00f3 a interrumpir a los clientes en la terraza.<\/p>\n<p>El antisocial pregunt\u00f3 por la etnia del due\u00f1o del negocio antes de hacer una serie de comentarios despectivos hacia el personal. Discuti\u00f3 con el personal tras negarse a salir del restaurante, seg\u00fan inform\u00f3 la polic\u00eda.<\/p>\n<p>Jason Stevens se entreg\u00f3 a la polic\u00eda el s\u00e1bado y fue acusado de da\u00f1os a la propiedad (interferir con el uso, disfrute o funcionamiento legal de la propiedad).<\/p>\n<p>&#8220;Esta investigaci\u00f3n se est\u00e1 considerando como un delito motivado por el odio&#8221;, declar\u00f3 la agente Laurie McCann.<\/p>\n<p><em><strong>Sujeto acusado de delitos sexuales contra menores de edad<\/strong><\/em><\/p>\n<p>Un sujeto de 47 a\u00f1os de Port Perry se enfrenta a una serie de delitos sexuales contra menores relacionados con plataformas de redes sociales.<\/p>\n<p>La Polic\u00eda de Toronto inform\u00f3 que, entre el 2 de abril y el 15 de julio, el arrestado oper\u00f3 en varias plataformas de redes sociales bajo los nombres de &#8220;Johnny Cage&#8221; o &#8220;Johnny Styles&#8221; e intent\u00f3 atraer a varios menores de 16 a\u00f1os.<\/p>\n<p>Joel Banbury fue arrestado el 15 de julio y acusado de incitaci\u00f3n a tocamientos sexuales, intento de agresi\u00f3n sexual y otros delitos.<\/p>\n<p>&nbsp;<\/p>\n","protected":false},"excerpt":{"rendered":"<p>&nbsp; &nbsp; La polic\u00eda solicita la colaboraci\u00f3n ciudadana para identificar a un agresor acusado de agredir sexualmente a una mujer en el Distrito de la&hellip;<\/p>\n","protected":false},"author":99,"featured_media":534342,"comment_status":"open","ping_status":"open","sticky":false,"template":"","format":"standard","meta":{"footnotes":""},"categories":[11364],"tags":[],"class_list":["post-534341","post","type-post","status-publish","format-standard","has-post-thumbnail","hentry","category-toronto-gta"],"_links":{"self":[{"href":"https:\/\/diarioelpopular.com\/index.php\/wp-json\/wp\/v2\/posts\/534341","targetHints":{"allow":["GET"]}}],"collection":[{"href":"https:\/\/diarioelpopular.com\/index.php\/wp-json\/wp\/v2\/posts"}],"about":[{"href":"https:\/\/diarioelpopular.com\/index.php\/wp-json\/wp\/v2\/types\/post"}],"author":[{"embeddable":true,"href":"https:\/\/diarioelpopular.com\/index.php\/wp-json\/wp\/v2\/users\/99"}],"replies":[{"embeddable":true,"href":"https:\/\/diarioelpopular.com\/index.php\/wp-json\/wp\/v2\/comments?post=534341"}],"version-history":[{"count":1,"href":"https:\/\/diarioelpopular.com\/index.php\/wp-json\/wp\/v2\/posts\/534341\/revisions"}],"predecessor-version":[{"id":534343,"href":"https:\/\/diarioelpopular.com\/index.php\/wp-json\/wp\/v2\/posts\/534341\/revisions\/534343"}],"wp:featuredmedia":[{"embeddable":true,"href":"https:\/\/diarioelpopular.com\/index.php\/wp-json\/wp\/v2\/media\/534342"}],"wp:attachment":[{"href":"https:\/\/diarioelpopular.com\/index.php\/wp-json\/wp\/v2\/media?parent=534341"}],"wp:term":[{"taxonomy":"category","embeddable":true,"href":"https:\/\/diarioelpopular.com\/index.php\/wp-json\/wp\/v2\/categories?post=534341"},{"taxonomy":"post_tag","embeddable":true,"href":"https:\/\/diarioelpopular.com\/index.php\/wp-json\/wp\/v2\/tags?post=534341"}],"curies":[{"name":"wp","href":"https:\/\/api.w.org\/{rel}","templated":true}]}}