{"id":534345,"date":"2025-07-23T10:32:52","date_gmt":"2025-07-23T14:32:52","guid":{"rendered":"https:\/\/diarioelpopular.com\/?p=534345"},"modified":"2025-07-23T10:32:52","modified_gmt":"2025-07-23T14:32:52","slug":"la-pesadilla-de-los-hermanos-mexicanos-gonzalez-detenidos-en-alligator-alcatraz-por-una-multa-de-transito-estan-violando-sus-derechos","status":"publish","type":"post","link":"https:\/\/diarioelpopular.com\/index.php\/2025\/07\/23\/la-pesadilla-de-los-hermanos-mexicanos-gonzalez-detenidos-en-alligator-alcatraz-por-una-multa-de-transito-estan-violando-sus-derechos\/","title":{"rendered":"La pesadilla de los hermanos mexicanos Gonz\u00e1lez, detenidos en Alligator Alcatraz por una multa de tr\u00e1nsito: \u201cEst\u00e1n violando sus derechos\u201d"},"content":{"rendered":"<div id=\"attachment_534346\" style=\"width: 646px\" class=\"wp-caption alignnone\"><img loading=\"lazy\" decoding=\"async\" aria-describedby=\"caption-attachment-534346\" class=\"wp-image-534346 size-custom-full-size\" src=\"https:\/\/diarioelpopular.com\/wp-content\/uploads\/2025\/07\/Screen-Shot-2025-07-23-at-10.32.15-AM-636x359.png\" alt=\"\" width=\"636\" height=\"359\" srcset=\"https:\/\/diarioelpopular.com\/wp-content\/uploads\/2025\/07\/Screen-Shot-2025-07-23-at-10.32.15-AM-636x359.png 636w, https:\/\/diarioelpopular.com\/wp-content\/uploads\/2025\/07\/Screen-Shot-2025-07-23-at-10.32.15-AM-300x169.png 300w, https:\/\/diarioelpopular.com\/wp-content\/uploads\/2025\/07\/Screen-Shot-2025-07-23-at-10.32.15-AM-768x434.png 768w, https:\/\/diarioelpopular.com\/wp-content\/uploads\/2025\/07\/Screen-Shot-2025-07-23-at-10.32.15-AM-1200x677.png 1200w, https:\/\/diarioelpopular.com\/wp-content\/uploads\/2025\/07\/Screen-Shot-2025-07-23-at-10.32.15-AM-129x73.png 129w, https:\/\/diarioelpopular.com\/wp-content\/uploads\/2025\/07\/Screen-Shot-2025-07-23-at-10.32.15-AM.png 1024w\" sizes=\"auto, (max-width: 636px) 100vw, 636px\" \/><p id=\"caption-attachment-534346\" class=\"wp-caption-text\">Carlos Mart\u00edn y Oscar Alejandro Gonz\u00e1lez. RR SS<\/p><\/div>\n<p>&nbsp;<\/p>\n<p>&nbsp;<\/p>\n<h4 class=\"a_st\"><em><strong>&#8211; El padre de los afectados asegura que desde su arresto hace dos semanas no han podido ver ni a su abogada. Son 14 los mexicanos detenidos en el centro para migrantes de Trump<\/strong><\/em><\/h4>\n<p>&nbsp;<\/p>\n<p class=\"\">Una simple infracci\u00f3n de tr\u00e1nsito se ha convertido en una pesadilla para los mexicanos Carlos Mart\u00edn Gonz\u00e1lez, de 26 a\u00f1os, y su hermano \u00d3scar Alejandro, de 30, apresados el 7 de julio. Carlos conduc\u00eda por la tur\u00edstica ciudad de Orlando, en Florida, cuando fue detenido por la polic\u00eda, que tambi\u00e9n captur\u00f3 a su hermano cuando acudi\u00f3 a ayudarlo.<\/p>\n<p class=\"\">Carlos contaba con una visa de turista para estar legalmente en Estados Unidos, mientras que su hermano est\u00e1 casado con una ciudadana estadounidense. Ambos fueron trasladados hasta el temido centro de detenci\u00f3n temporal para inmigrantes en los Everglades, los humedales localizados al oeste de Miami, que el fiscal general de Florida, James Uthmeier, ha bautizado como <a title=\"https:\/\/elpais.com\/us\/migracion\/2025-06-25\/alligator-alcatraz-florida-levanta-un-centro-de-detencion-de-inmigrantes-en-los-everglades.html\" href=\"https:\/\/elpais.com\/us\/migracion\/2025-06-25\/alligator-alcatraz-florida-levanta-un-centro-de-detencion-de-inmigrantes-en-los-everglades.html\" target=\"_self\" rel=\"\" data-link-track-dtm=\"\" data-mrf-link=\"https:\/\/elpais.com\/us\/migracion\/2025-06-25\/alligator-alcatraz-florida-levanta-un-centro-de-detencion-de-inmigrantes-en-los-everglades.html\">Alligator Alcatraz<\/a>.<\/p>\n<p class=\"\">Hasta ahora no han podido ver a su abogada. \u201cSe est\u00e1n violando todos sus derechos civiles\u201d, afirma su padre, Mart\u00edn Gonz\u00e1lez.<\/p>\n<p class=\"\">\u00c9l viaj\u00f3 el 10 de julio desde Ciudad de M\u00e9xico a Orlando para ver a sus hijos. Desde entonces no ha podido tener contacto directo con ellos, aunque la familia ha podido hablar por tel\u00e9fono. \u201cNi la abogada ni el personal del consulado, nadie los ha podido ver. Tengo comunicaci\u00f3n con ellos porque me llaman y me dicen que est\u00e1n bien, pero no m\u00e1s. Esto es ilegal y se est\u00e1n violando todos sus derechos civiles aqu\u00ed en Estados Unidos, pero ni la abogada ni las autoridades han podido hacer algo. Quisi\u00e9ramos que nos dieran alguna respuesta a esta situaci\u00f3n para poder agilizar su regreso a casa, pero no hay respuestas por parte del Gobierno, ni del de la Florida\u201d, explica el padre por entrevista telef\u00f3nica.<\/p>\n<p class=\"\">Gonz\u00e1lez cuenta que su hijo Carlos entr\u00f3 como turista a Estados Unidos para visitar a su hermano, tras la muerte de su madre, en octubre. El joven visit\u00f3 Nueva York y tambi\u00e9n estuvo en la F\u00f3rmula 1, en Miami, antes de ser detenido. A \u00d3scar Alejandro se le hab\u00eda vencido su permiso de permanencia en el pa\u00eds, aunque est\u00e1 casado con una ciudadana estadounidense. Gonz\u00e1lez cuenta que en el momento de la detenci\u00f3n los oficiales de tr\u00e1nsito les requisaron sus documentos y tel\u00e9fonos m\u00f3viles. \u201cEst\u00e1n encerrados y no permiten entrar a nadie\u201d, afirma el padre.<\/p>\n<p class=\"\">Juan Sabines, c\u00f3nsul mexicano en Orlando, ha advertido de continuas \u201cviolaciones a los derechos civiles\u201d de sus paisanos. El caso de los Gonz\u00e1lez ha escalado hasta la Secretar\u00eda de Relaciones Exteriores, que la noche del lunes emiti\u00f3 un <a title=\"https:\/\/x.com\/sre_mx\/status\/1947411316987007280?s=46&amp;t=NrYw6JH0SMvzClNYWm_GkA\" href=\"https:\/\/x.com\/sre_mx\/status\/1947411316987007280?s=46&amp;t=NrYw6JH0SMvzClNYWm_GkA\" target=\"_blank\" rel=\"noopener\" data-link-track-dtm=\"\" data-mrf-link=\"https:\/\/x.com\/sre_mx\/status\/1947411316987007280?s=46&amp;t=NrYw6JH0SMvzClNYWm_GkA\">comunicado<\/a>\u00a0en el que informa de que los hermanos cuentan ya con apoyo legal. \u201cUna abogada del Programa de Asistencia Jur\u00eddica a Personas Mexicanas (PALE) est\u00e1 apoyando con ambos casos, mientras los consulados mantienen permanente comunicaci\u00f3n con los familiares, para informarles sobre los avances relacionados con su detenci\u00f3n y las pr\u00f3ximas visitas programadas, mientras se da soluci\u00f3n a su situaci\u00f3n\u201d, ha dicho Canciller\u00eda. Esa instituci\u00f3n no respondi\u00f3 a una solicitud de entrevista.<\/p>\n<p>&nbsp;<\/p>\n<figure class=\"a_m a_m-h \">\n<p><div style=\"width: 424px\" class=\"wp-caption alignnone\"><img loading=\"lazy\" decoding=\"async\" class=\"_re lazyload a_m-h\" src=\"https:\/\/imagenes.elpais.com\/resizer\/v2\/ASBPBV3LO5GTRHGPPI3F6JKLVI.jpeg?auth=8734aad878961c11f80042f4945c8112eb6d9621ef42f83ac570f15d743d0084&amp;width=414\" sizes=\"auto, (min-width:1199px) 1155px,(min-width:1001px) calc(100vw - 44px),(min-width:768px) 767px, 100vw\" srcset=\"https:\/\/imagenes.elpais.com\/resizer\/v2\/ASBPBV3LO5GTRHGPPI3F6JKLVI.jpeg?auth=8734aad878961c11f80042f4945c8112eb6d9621ef42f83ac570f15d743d0084&amp;width=414 414w,https:\/\/imagenes.elpais.com\/resizer\/v2\/ASBPBV3LO5GTRHGPPI3F6JKLVI.jpeg?auth=8734aad878961c11f80042f4945c8112eb6d9621ef42f83ac570f15d743d0084&amp;width=828 640w,https:\/\/imagenes.elpais.com\/resizer\/v2\/ASBPBV3LO5GTRHGPPI3F6JKLVI.jpeg?auth=8734aad878961c11f80042f4945c8112eb6d9621ef42f83ac570f15d743d0084&amp;width=980 1000w,https:\/\/imagenes.elpais.com\/resizer\/v2\/ASBPBV3LO5GTRHGPPI3F6JKLVI.jpeg?auth=8734aad878961c11f80042f4945c8112eb6d9621ef42f83ac570f15d743d0084&amp;width=1960 1960w\" alt=\"Mart\u00edn Gonz\u00e1lez, padre de Carlos y \u00d3scar, recibido por Juan Sabines (izquierda), el 21 de julio de 2025.\" width=\"414\" height=\"277\" \/><p class=\"wp-caption-text\">Mart\u00edn Gonz\u00e1lez, padre de Carlos y \u00d3scar, recibido por Juan Sabines (izquierda), el 21 de julio de 2025. Foto Juan Sabines (RR SS)<\/p><\/div><figcaption class=\"a_m_p\" aria-hidden=\"true\"><\/figcaption><\/figure>\n<p>&nbsp;<\/p>\n<p class=\"\">M\u00e1s\u00a0<a title=\"https:\/\/x.com\/Juansabinesg\/status\/1947399986951688598\" href=\"https:\/\/x.com\/Juansabinesg\/status\/1947399986951688598\" target=\"_blank\" rel=\"noopener\" data-link-track-dtm=\"\" data-mrf-link=\"https:\/\/x.com\/Juansabinesg\/status\/1947399986951688598\">expl\u00edcito ha sido el c\u00f3nsul Sabines<\/a>, quien ha seguido de cerca el caso y apoya de forma personal a Mart\u00edn Gonz\u00e1lez. El diplom\u00e1tico inform\u00f3 que por instrucciones de la presidente Claudia Sheinbaum, el consulado les asign\u00f3 representaci\u00f3n legal con la abogada Andrea Reyes, integrante de la American Immigration Lawyers Association (AILA), una asociaci\u00f3n estadounidense de m\u00e1s de 17.000 abogados y profesores de Derecho que practican y ense\u00f1an leyes de inmigraci\u00f3n.<\/p>\n<p class=\"\">\u201cDurante una llamada, la abogada nos advirti\u00f3 sobre violaciones a los derechos civiles de ambos connacionales, ya que la prisi\u00f3n donde se encuentran no pertenece al Gobierno federal [del que depende el Servicio de Inmigraci\u00f3n y Control de Aduanas, ICE], sino al Estado de Florida, por lo que a\u00fan no cuentan con n\u00famero de \u201c<i>alien<\/i>\u201d [n\u00famero de registro] ni de caso, impidi\u00e9ndoles el acceso a una defensa adecuada y a un juicio justo&#8221;, ha alertado Sabines. \u201cAnte esta situaci\u00f3n, exigimos el acceso inmediato de su abogada y, por las condiciones observadas, sugerir\u00e9 a las autoridades mexicanas considerar la emisi\u00f3n de una alerta de viaje para turistas mexicanos a Orlando. Este caso ser\u00e1 acompa\u00f1ado por nuestro Consulado en Miami, ya que esa prisi\u00f3n corresponde a su jurisdicci\u00f3n\u201d, ha agregado.<\/p>\n<p class=\"\">La constante persecuci\u00f3n y asedio de oficiales del<mark class=\"hl_yellow\">\u00a0ICE<\/mark> ha hecho que las autoridades de M\u00e9xico tomen medidas de protecci\u00f3n para sus connacionales en el pa\u00eds, a pesar de que <a title=\"https:\/\/elpais.com\/mexico\/2025-07-21\/el-personal-de-los-consulados-mexicanos-afronta-la-defensa-de-los-migrantes-en-estados-unidos-al-limite-de-la-pobreza.html\" href=\"https:\/\/elpais.com\/mexico\/2025-07-21\/el-personal-de-los-consulados-mexicanos-afronta-la-defensa-de-los-migrantes-en-estados-unidos-al-limite-de-la-pobreza.html\" target=\"_self\" rel=\"\" data-link-track-dtm=\"\" data-mrf-link=\"https:\/\/elpais.com\/mexico\/2025-07-21\/el-personal-de-los-consulados-mexicanos-afronta-la-defensa-de-los-migrantes-en-estados-unidos-al-limite-de-la-pobreza.html\">el personal de los consulados mexicanos afronta la defensa de los migrantes al l\u00edmite de la pobreza<\/a>: los empleados del Servicio Exterior tienen el mismo sueldo que en 1998 y sortean el d\u00eda a d\u00eda con ayudas sociales y extenuantes jornadas de trabajo.<\/p>\n<p class=\"\">La presidente Sheinbaum ha informado durante su conferencia de prensa matutina que <a title=\"https:\/\/www.gob.mx\/presidencia\/es\/articulos\/version-estenografica-conferencia-de-prensa-de-la-presidenta-claudia-sheinbaum-pardo-del-22-de-julio-de-2025?idiom=es\" href=\"https:\/\/www.gob.mx\/presidencia\/es\/articulos\/version-estenografica-conferencia-de-prensa-de-la-presidenta-claudia-sheinbaum-pardo-del-22-de-julio-de-2025?idiom=es\" target=\"_blank\" rel=\"noopener\" data-link-track-dtm=\"\" data-mrf-link=\"https:\/\/www.gob.mx\/presidencia\/es\/articulos\/version-estenografica-conferencia-de-prensa-de-la-presidenta-claudia-sheinbaum-pardo-del-22-de-julio-de-2025?idiom=es\">hay 14 mexicanos internados en el centro para migrantes de Florida<\/a>\u00a0y afirm\u00f3 que \u201cse est\u00e1n haciendo todas las gestiones para que sean repatriados de inmediato\u201d. La mandataria tambi\u00e9n inform\u00f3 de que \u201cse envi\u00f3 nota diplom\u00e1tica, y desde la Embajada de M\u00e9xico en Estados Unidos y de los consulados se est\u00e1 insistiendo en que sean integrados a M\u00e9xico, de la manera m\u00e1s pronta posible\u201d.<\/p>\n<p class=\"\">Sheinbaum\u00a0<a title=\"https:\/\/elpais.com\/mexico\/2025-06-17\/sheinbaum-y-trump-comparten-otra-buena-llamada-por-telefono.html\" href=\"https:\/\/elpais.com\/mexico\/2025-06-17\/sheinbaum-y-trump-comparten-otra-buena-llamada-por-telefono.html\" target=\"_self\" rel=\"\" data-link-track-dtm=\"\" data-mrf-link=\"https:\/\/elpais.com\/mexico\/2025-06-17\/sheinbaum-y-trump-comparten-otra-buena-llamada-por-telefono.html\">ha tenido que navegar con cautela<\/a> las tensas relaciones con Donald Trump, con quien ha tenido que negociar el peso de aranceles a los productos mexicanos.<\/p>\n<p class=\"\">La constante persecuci\u00f3n a los ciudadanos de M\u00e9xico es uno de los temas m\u00e1s espinosos de la relaci\u00f3n bilateral, que la presidente maneja dentro de los l\u00edmites de la diplomacia. \u201cEstamos permanentemente con los consulados. Cuando sali\u00f3 lo de que iban a enviar a personas migrantes a Guant\u00e1namo, mandamos una nota diplom\u00e1tica. Y en el momento que publicaron que estaba este centro de detenci\u00f3n [de Florida], mandamos otra nota para que cualquier mexicano sea deportado de inmediato y que no tenga que pasar tiempo en este centro\u201d, inform\u00f3. \u201cEst\u00e1 el consulado viendo si hay violaciones a los derechos humanos. Si es as\u00ed, se sigue el protocolo que debe de seguirse; pero lo que hemos solicitado es que se deporte de inmediato para poderlos repatriar\u201d, afirm\u00f3 Sheinbaum.<\/p>\n<p class=\"\">Mientras la diplomacia presiona para que los j\u00f3venes regresen a M\u00e9xico, Mart\u00edn Gonz\u00e1lez se mueve en Florida con apoyo de las autoridades mexicanas para sacar de la c\u00e1rcel a sus hijos. \u201cNo hemos obtenido los resultados que quisi\u00e9ramos, pero ha sido much\u00edsimo el apoyo del consulado\u201d, afirma. \u201cSeguimos presionando, tratando de mover toda la maquinaria para que les den un caso a mis hijos y ya poderlos regresar su patria. En alg\u00fan momento tendr\u00e1n que ceder para poder desarrollar su defensa legal, saber de qu\u00e9 los est\u00e1n este acusando\u201d, exige el padre.<\/p>\n","protected":false},"excerpt":{"rendered":"<p>&nbsp; &nbsp; &#8211; El padre de los afectados asegura que desde su arresto hace dos semanas no han podido ver ni a su abogada. Son&hellip;<\/p>\n","protected":false},"author":99,"featured_media":534346,"comment_status":"open","ping_status":"open","sticky":false,"template":"","format":"standard","meta":{"footnotes":""},"categories":[24],"tags":[],"class_list":["post-534345","post","type-post","status-publish","format-standard","has-post-thumbnail","hentry","category-mundo"],"_links":{"self":[{"href":"https:\/\/diarioelpopular.com\/index.php\/wp-json\/wp\/v2\/posts\/534345","targetHints":{"allow":["GET"]}}],"collection":[{"href":"https:\/\/diarioelpopular.com\/index.php\/wp-json\/wp\/v2\/posts"}],"about":[{"href":"https:\/\/diarioelpopular.com\/index.php\/wp-json\/wp\/v2\/types\/post"}],"author":[{"embeddable":true,"href":"https:\/\/diarioelpopular.com\/index.php\/wp-json\/wp\/v2\/users\/99"}],"replies":[{"embeddable":true,"href":"https:\/\/diarioelpopular.com\/index.php\/wp-json\/wp\/v2\/comments?post=534345"}],"version-history":[{"count":1,"href":"https:\/\/diarioelpopular.com\/index.php\/wp-json\/wp\/v2\/posts\/534345\/revisions"}],"predecessor-version":[{"id":534347,"href":"https:\/\/diarioelpopular.com\/index.php\/wp-json\/wp\/v2\/posts\/534345\/revisions\/534347"}],"wp:featuredmedia":[{"embeddable":true,"href":"https:\/\/diarioelpopular.com\/index.php\/wp-json\/wp\/v2\/media\/534346"}],"wp:attachment":[{"href":"https:\/\/diarioelpopular.com\/index.php\/wp-json\/wp\/v2\/media?parent=534345"}],"wp:term":[{"taxonomy":"category","embeddable":true,"href":"https:\/\/diarioelpopular.com\/index.php\/wp-json\/wp\/v2\/categories?post=534345"},{"taxonomy":"post_tag","embeddable":true,"href":"https:\/\/diarioelpopular.com\/index.php\/wp-json\/wp\/v2\/tags?post=534345"}],"curies":[{"name":"wp","href":"https:\/\/api.w.org\/{rel}","templated":true}]}}