{"id":534348,"date":"2025-07-23T10:44:05","date_gmt":"2025-07-23T14:44:05","guid":{"rendered":"https:\/\/diarioelpopular.com\/?p=534348"},"modified":"2025-07-23T10:44:39","modified_gmt":"2025-07-23T14:44:39","slug":"detencion-por-ice-una-pesadilla-dice-la-familia-de-una-canadiense","status":"publish","type":"post","link":"https:\/\/diarioelpopular.com\/index.php\/2025\/07\/23\/detencion-por-ice-una-pesadilla-dice-la-familia-de-una-canadiense\/","title":{"rendered":"Detenci\u00f3n por ICE, una pesadilla, dice la familia de canadiense detenida"},"content":{"rendered":"<p><img loading=\"lazy\" decoding=\"async\" class=\"alignnone size-custom-full-size wp-image-534349\" src=\"https:\/\/diarioelpopular.com\/wp-content\/uploads\/2025\/07\/04e5d9091ce041d68a679b935e2facea-636x848.jpg\" alt=\"\" width=\"636\" height=\"848\" srcset=\"https:\/\/diarioelpopular.com\/wp-content\/uploads\/2025\/07\/04e5d9091ce041d68a679b935e2facea-636x848.jpg 636w, https:\/\/diarioelpopular.com\/wp-content\/uploads\/2025\/07\/04e5d9091ce041d68a679b935e2facea-225x300.jpg 225w, https:\/\/diarioelpopular.com\/wp-content\/uploads\/2025\/07\/04e5d9091ce041d68a679b935e2facea-55x73.jpg 55w, https:\/\/diarioelpopular.com\/wp-content\/uploads\/2025\/07\/04e5d9091ce041d68a679b935e2facea.jpg 640w\" sizes=\"auto, (max-width: 636px) 100vw, 636px\" \/><\/p>\n<p>&nbsp;<\/p>\n<ul>\n<li><em><strong>Paula Callejas, nacida en Montreal, de padres colombianos, intentaba expandir su negocio de trajes de ba\u00f1o en Florida tras tomarse un tiempo libre para cuidar a su padre enfermo en Canad\u00e1 antes de su fallecimiento. En lugar de celebrar su l\u00ednea de moda, la canadiense fue detenida por el Servicio de Inmigraci\u00f3n y Control de Aduanas de Estados Unidos (ICE).<\/strong><\/em><\/li>\n<\/ul>\n<p>&nbsp;<\/p>\n<p>La familia de la mujer de 45 a\u00f1os afirm\u00f3 que sus finanzas se encuentran en una situaci\u00f3n dif\u00edcil mientras intentan sortear los confusos y complejos sistemas legales y de inmigraci\u00f3n de Estados Unidos.<\/p>\n<p>\u201cEra muy fuerte, muy fuerte\u201d, dijo su madre, Mar\u00eda Estella Cano. \u201cAhora llora todos los d\u00edas y dice que no puede m\u00e1s\u201d.<\/p>\n<p>Donald Trump, ha intensificado los esfuerzos de deportaci\u00f3n desde su regreso a la Casa Blanca en enero, tras una campa\u00f1a exitosa con la promesa de tomar medidas dr\u00e1sticas contra la inmigraci\u00f3n ilegal.<\/p>\n<p>La represi\u00f3n migratoria incluye acciones controvertidas como el acoso a estudiantes por protestar, as\u00ed como el env\u00edo de personas a una prisi\u00f3n de mala reputaci\u00f3n en El Salvador. Se ha registrado un aumento en las redadas del Servicio de Inmigraci\u00f3n y Control de Aduanas de Estados Unidos (ICE) en restaurantes y granjas, en medio de dram\u00e1ticos enfrentamientos con los manifestantes.<\/p>\n<p>Si bien el equipo de Trump ha afirmado que su objetivo principal son los delincuentes, tambi\u00e9n afirm\u00f3 que cualquier persona que se encuentre en el pa\u00eds sin autorizaci\u00f3n ser\u00e1 deportada.<\/p>\n<p>Callejas naci\u00f3 y creci\u00f3 en Montreal despu\u00e9s de que su familia emigrara de Colombia. Comenz\u00f3 su l\u00ednea de trajes de ba\u00f1o en Canad\u00e1 alrededor de 2012 y estaba cobrando impulso, pero cuando su padre enferm\u00f3, hizo una pausa en sus sue\u00f1os para cuidarlo.<\/p>\n<p>Tras su fallecimiento en 2020, Callejas reanud\u00f3 sus esfuerzos para crear una empresa de trajes de ba\u00f1o. Su familia coment\u00f3 que realiz\u00f3 algunos desfiles en Florida a lo largo de los a\u00f1os y vio que hab\u00eda una oportunidad real para que su l\u00ednea de moda se desarrollara en el estado. Incluso fue invitada a participar en la Semana de la Nataci\u00f3n de Miami el a\u00f1o pasado.<\/p>\n<p>Compr\u00f3 una propiedad en Florida, seg\u00fan su madre, y vivi\u00f3 una vida modesta mientras trabajaba en el desarrollo de la marca.<\/p>\n<p>La familia afirm\u00f3 creer que Callejas se encontraba en Estados Unidos con una visa de no inmigrante para personas con habilidades especiales que venc\u00eda en marzo. Indicaron que solicit\u00f3 una extensi\u00f3n en febrero, pero le fue denegada por una raz\u00f3n t\u00e9cnica relacionada con el color de la tinta utilizada para firmar el documento.<\/p>\n<p>La familia indic\u00f3 que Callejas volvi\u00f3 a solicitarla, pensando que el problema estaba resuelto.<\/p>\n<p>El 28 de marzo, Callejas fue arrestada por agresi\u00f3n despu\u00e9s de haber tenido un altercado con su entonces novio. La familia afirma que Callejas mantiene su inocencia y afirm\u00f3 que se estaba defendiendo.<\/p>\n<p>Tras pagar la fianza, Callejas fue puesta bajo custodia del Servicio de Inmigraci\u00f3n y Control de Aduanas (ICE).<\/p>\n<p>Un portavoz del ICE afirm\u00f3 que Callejas ingres\u00f3 a Estados Unidos con una visa de visitante de no inmigrante y viol\u00f3 los t\u00e9rminos de su admisi\u00f3n. El ICE indic\u00f3 que permanecer\u00e1 bajo custodia hasta que se completen sus tr\u00e1mites migratorios.<\/p>\n<p>Cano afirm\u00f3 que la detenci\u00f3n de su hija ha sido una pesadilla para la familia. \u201cCada vez que abro los ojos, no es la vida real\u201d, dijo Cano, conteniendo las l\u00e1grimas.<\/p>\n<p>La familia dijo que Callejas ha sido transferida a al menos tres centros diferentes. Se est\u00e1n agotando los recursos mientras intentan conseguir representaci\u00f3n legal. Dijeron que les cost\u00f3 US$5,000 solo a un abogado presentar la documentaci\u00f3n. A medida que Callejas pasa m\u00e1s tiempo detenida, su salud mental tambi\u00e9n se ve afectada, dijo la familia.<\/p>\n<p>Cano dijo que cuando se resuelva eso, quieren que Callejas salga de Estados Unidos por voluntad propia para que pueda completar su solicitud de visa desde Canad\u00e1 y continuar su sue\u00f1o de tener una l\u00ednea de trajes de ba\u00f1o.<\/p>\n<p>Asuntos Globales de Canad\u00e1 dijo que no pod\u00eda proporcionar informaci\u00f3n sobre casos espec\u00edficos debido a cuestiones de privacidad.<\/p>\n<p>El departamento dijo el 27 de junio que ten\u00eda conocimiento de unos 55 canadienses detenidos por el ICE. El n\u00famero de casos se ha mantenido relativamente estable en los \u00faltimos meses, indic\u00f3, sin embargo, fluct\u00faa a medida que se resuelven y surgen nuevos casos.<\/p>\n<p>Johnny Noviello, ciudadano canadiense de 49 a\u00f1os, falleci\u00f3 bajo custodia del ICE en el sur de Florida en junio.<\/p>\n<p>Noviello se encontraba detenido en espera de su deportaci\u00f3n de Estados Unidos, informaron las autoridades. Ingres\u00f3 a Estados Unidos en 1988 con una visa legal y obtuvo la residencia permanente legal en 1991. Fue declarado culpable de tr\u00e1fico de drogas y otros cargos en 2023 y sentenciado a un a\u00f1o de prisi\u00f3n, informaron las autoridades.<\/p>\n<p>Noviello fue detenido por agentes del ICE en su oficina de libertad condicional el mes pasado y se le impuso la posibilidad de deportaci\u00f3n debido a su condena por drogas, informaron las autoridades.<\/p>\n<p>La ministra de Asuntos Exteriores, Anita Anand, declar\u00f3 en redes sociales en ese momento que &#8220;los funcionarios consulares canadienses est\u00e1n solicitando urgentemente m\u00e1s informaci\u00f3n a los funcionarios estadounidenses&#8221;.<\/p>\n","protected":false},"excerpt":{"rendered":"<p>&nbsp; Paula Callejas, nacida en Montreal, de padres colombianos, intentaba expandir su negocio de trajes de ba\u00f1o en Florida tras tomarse un tiempo libre para&hellip;<\/p>\n","protected":false},"author":99,"featured_media":534349,"comment_status":"open","ping_status":"open","sticky":false,"template":"","format":"standard","meta":{"footnotes":""},"categories":[24],"tags":[],"class_list":["post-534348","post","type-post","status-publish","format-standard","has-post-thumbnail","hentry","category-mundo"],"_links":{"self":[{"href":"https:\/\/diarioelpopular.com\/index.php\/wp-json\/wp\/v2\/posts\/534348","targetHints":{"allow":["GET"]}}],"collection":[{"href":"https:\/\/diarioelpopular.com\/index.php\/wp-json\/wp\/v2\/posts"}],"about":[{"href":"https:\/\/diarioelpopular.com\/index.php\/wp-json\/wp\/v2\/types\/post"}],"author":[{"embeddable":true,"href":"https:\/\/diarioelpopular.com\/index.php\/wp-json\/wp\/v2\/users\/99"}],"replies":[{"embeddable":true,"href":"https:\/\/diarioelpopular.com\/index.php\/wp-json\/wp\/v2\/comments?post=534348"}],"version-history":[{"count":2,"href":"https:\/\/diarioelpopular.com\/index.php\/wp-json\/wp\/v2\/posts\/534348\/revisions"}],"predecessor-version":[{"id":534351,"href":"https:\/\/diarioelpopular.com\/index.php\/wp-json\/wp\/v2\/posts\/534348\/revisions\/534351"}],"wp:featuredmedia":[{"embeddable":true,"href":"https:\/\/diarioelpopular.com\/index.php\/wp-json\/wp\/v2\/media\/534349"}],"wp:attachment":[{"href":"https:\/\/diarioelpopular.com\/index.php\/wp-json\/wp\/v2\/media?parent=534348"}],"wp:term":[{"taxonomy":"category","embeddable":true,"href":"https:\/\/diarioelpopular.com\/index.php\/wp-json\/wp\/v2\/categories?post=534348"},{"taxonomy":"post_tag","embeddable":true,"href":"https:\/\/diarioelpopular.com\/index.php\/wp-json\/wp\/v2\/tags?post=534348"}],"curies":[{"name":"wp","href":"https:\/\/api.w.org\/{rel}","templated":true}]}}