{"id":534368,"date":"2025-07-24T09:27:25","date_gmt":"2025-07-24T13:27:25","guid":{"rendered":"https:\/\/diarioelpopular.com\/?p=534368"},"modified":"2025-07-24T09:27:25","modified_gmt":"2025-07-24T13:27:25","slug":"policia-investiga-otra-agresion-en-parque-acuatico-de-brampton","status":"publish","type":"post","link":"https:\/\/diarioelpopular.com\/index.php\/2025\/07\/24\/policia-investiga-otra-agresion-en-parque-acuatico-de-brampton\/","title":{"rendered":"Polic\u00eda investiga otra agresi\u00f3n en parque acu\u00e1tico de Brampton"},"content":{"rendered":"<p><img loading=\"lazy\" decoding=\"async\" class=\"alignnone size-custom-full-size wp-image-534369\" src=\"https:\/\/diarioelpopular.com\/wp-content\/uploads\/2025\/07\/Screen-Shot-2025-07-24-at-9.26.56-AM-636x359.png\" alt=\"\" width=\"636\" height=\"359\" srcset=\"https:\/\/diarioelpopular.com\/wp-content\/uploads\/2025\/07\/Screen-Shot-2025-07-24-at-9.26.56-AM-636x359.png 636w, https:\/\/diarioelpopular.com\/wp-content\/uploads\/2025\/07\/Screen-Shot-2025-07-24-at-9.26.56-AM-300x169.png 300w, https:\/\/diarioelpopular.com\/wp-content\/uploads\/2025\/07\/Screen-Shot-2025-07-24-at-9.26.56-AM-768x433.png 768w, https:\/\/diarioelpopular.com\/wp-content\/uploads\/2025\/07\/Screen-Shot-2025-07-24-at-9.26.56-AM-129x73.png 129w, https:\/\/diarioelpopular.com\/wp-content\/uploads\/2025\/07\/Screen-Shot-2025-07-24-at-9.26.56-AM.png 862w\" sizes=\"auto, (max-width: 636px) 100vw, 636px\" \/><\/p>\n<p>&nbsp;<\/p>\n<ul>\n<li><em><strong>La Polic\u00eda Regional de Peel (PRP) investiga una agresi\u00f3n ocurrida en un parque acu\u00e1tico de Brampton el mi\u00e9rcoles por la noche.<\/strong><\/em><\/li>\n<\/ul>\n<p>&nbsp;<\/p>\n<p>Los agentes acudieron a Wet&#8217;n&#8217;Wild, ubicado en la zona este de Finch Avenue y Steeles Avenue, poco antes de las 18:30.<\/p>\n<p>La polic\u00eda inform\u00f3 que se desat\u00f3 un altercado que result\u00f3 en la agresi\u00f3n de una persona. No se han realizado arrestos. Se desconoce el estado de la v\u00edctima.<\/p>\n<p>Un portavoz de la PRP indic\u00f3 que los agentes tambi\u00e9n acudieron al parque acu\u00e1tico de Brampton el 11 de julio, cuando se desat\u00f3 un altercado entre dos grupos de personas, lo que deriv\u00f3 en otra agresi\u00f3n.<\/p>\n<p>&#8220;No se reportaron lesiones f\u00edsicas graves ni se presentaron cargos penales&#8221;, declar\u00f3 la polic\u00eda.<\/p>\n<p>Una persona que afirm\u00f3 haber estado en Wet&#8217;n&#8217;Wild el 11 de julio dej\u00f3 una rese\u00f1a en Google que dec\u00eda: &#8220;La situaci\u00f3n se descontrol\u00f3 r\u00e1pidamente&#8221;.<\/p>\n<p>\u201cLa gente discut\u00eda, se desataron peleas y, finalmente, todos empezaron a correr presas del p\u00e1nico. Fue una situaci\u00f3n insegura y muy estresante\u201d, dec\u00eda la rese\u00f1a. \u201cToda la experiencia fue frustrante, aterradora y, claramente, mal gestionada. Definitivamente no fue lo que esper\u00e1bamos de Wet\u2019n\u2019Wild\u201d.<\/p>\n<p>Un portavoz del parque acu\u00e1tico respondi\u00f3: \u201cLa seguridad de los visitantes es nuestra prioridad principal\u201d y reconoci\u00f3 que est\u00e1n \u201crevisando los eventos, en sus c\u00e1maras de seguridad, con la Polic\u00eda Regional de Peel\u201d.<\/p>\n","protected":false},"excerpt":{"rendered":"<p>&nbsp; La Polic\u00eda Regional de Peel (PRP) investiga una agresi\u00f3n ocurrida en un parque acu\u00e1tico de Brampton el mi\u00e9rcoles por la noche. &nbsp; Los agentes&hellip;<\/p>\n","protected":false},"author":99,"featured_media":534369,"comment_status":"open","ping_status":"open","sticky":false,"template":"","format":"standard","meta":{"footnotes":""},"categories":[11364],"tags":[],"class_list":["post-534368","post","type-post","status-publish","format-standard","has-post-thumbnail","hentry","category-toronto-gta"],"_links":{"self":[{"href":"https:\/\/diarioelpopular.com\/index.php\/wp-json\/wp\/v2\/posts\/534368","targetHints":{"allow":["GET"]}}],"collection":[{"href":"https:\/\/diarioelpopular.com\/index.php\/wp-json\/wp\/v2\/posts"}],"about":[{"href":"https:\/\/diarioelpopular.com\/index.php\/wp-json\/wp\/v2\/types\/post"}],"author":[{"embeddable":true,"href":"https:\/\/diarioelpopular.com\/index.php\/wp-json\/wp\/v2\/users\/99"}],"replies":[{"embeddable":true,"href":"https:\/\/diarioelpopular.com\/index.php\/wp-json\/wp\/v2\/comments?post=534368"}],"version-history":[{"count":1,"href":"https:\/\/diarioelpopular.com\/index.php\/wp-json\/wp\/v2\/posts\/534368\/revisions"}],"predecessor-version":[{"id":534370,"href":"https:\/\/diarioelpopular.com\/index.php\/wp-json\/wp\/v2\/posts\/534368\/revisions\/534370"}],"wp:featuredmedia":[{"embeddable":true,"href":"https:\/\/diarioelpopular.com\/index.php\/wp-json\/wp\/v2\/media\/534369"}],"wp:attachment":[{"href":"https:\/\/diarioelpopular.com\/index.php\/wp-json\/wp\/v2\/media?parent=534368"}],"wp:term":[{"taxonomy":"category","embeddable":true,"href":"https:\/\/diarioelpopular.com\/index.php\/wp-json\/wp\/v2\/categories?post=534368"},{"taxonomy":"post_tag","embeddable":true,"href":"https:\/\/diarioelpopular.com\/index.php\/wp-json\/wp\/v2\/tags?post=534368"}],"curies":[{"name":"wp","href":"https:\/\/api.w.org\/{rel}","templated":true}]}}