{"id":534384,"date":"2025-07-24T09:58:40","date_gmt":"2025-07-24T13:58:40","guid":{"rendered":"https:\/\/diarioelpopular.com\/?p=534384"},"modified":"2025-07-24T09:58:40","modified_gmt":"2025-07-24T13:58:40","slug":"los-escasos-abogados-migratorios-contra-las-cuerdas-en-la-era-trump-la-comunidad-nos-necesita-si-nos-vamos-pierden-la-esperanza","status":"publish","type":"post","link":"https:\/\/diarioelpopular.com\/index.php\/2025\/07\/24\/los-escasos-abogados-migratorios-contra-las-cuerdas-en-la-era-trump-la-comunidad-nos-necesita-si-nos-vamos-pierden-la-esperanza\/","title":{"rendered":"Los escasos abogados migratorios, contra las cuerdas en la era Trump: \u201cLa comunidad nos necesita. Si nos vamos, pierden la esperanza\u201d"},"content":{"rendered":"<div id=\"attachment_534385\" style=\"width: 1210px\" class=\"wp-caption alignnone\"><img loading=\"lazy\" decoding=\"async\" aria-describedby=\"caption-attachment-534385\" class=\"wp-image-534385 size-custom-big-size\" src=\"https:\/\/diarioelpopular.com\/wp-content\/uploads\/2025\/07\/Screen-Shot-2025-07-24-at-9.57.42-AM-1200x823.png\" alt=\"\" width=\"1200\" height=\"823\" srcset=\"https:\/\/diarioelpopular.com\/wp-content\/uploads\/2025\/07\/Screen-Shot-2025-07-24-at-9.57.42-AM-1200x823.png 1200w, https:\/\/diarioelpopular.com\/wp-content\/uploads\/2025\/07\/Screen-Shot-2025-07-24-at-9.57.42-AM-300x206.png 300w, https:\/\/diarioelpopular.com\/wp-content\/uploads\/2025\/07\/Screen-Shot-2025-07-24-at-9.57.42-AM-768x527.png 768w, https:\/\/diarioelpopular.com\/wp-content\/uploads\/2025\/07\/Screen-Shot-2025-07-24-at-9.57.42-AM-636x436.png 636w, https:\/\/diarioelpopular.com\/wp-content\/uploads\/2025\/07\/Screen-Shot-2025-07-24-at-9.57.42-AM-80x55.png 80w, https:\/\/diarioelpopular.com\/wp-content\/uploads\/2025\/07\/Screen-Shot-2025-07-24-at-9.57.42-AM-106x73.png 106w, https:\/\/diarioelpopular.com\/wp-content\/uploads\/2025\/07\/Screen-Shot-2025-07-24-at-9.57.42-AM.png 1024w\" sizes=\"auto, (max-width: 1200px) 100vw, 1200px\" \/><p id=\"caption-attachment-534385\" class=\"wp-caption-text\">Un abogado asesora a un inmigrante detenido por agentes de ICE vestidos de civil, al salir de su comparecencia, en Nueva York.\u00a0 Foto Andrew Lichtenstein (Getty Images)<\/p><\/div>\n<p>&nbsp;<\/p>\n<p>&nbsp;<\/p>\n<h4 class=\"a_st\"><em>&#8211; Ante la explosi\u00f3n de decenas de nuevos casos y una Administraci\u00f3n mucho m\u00e1s agresiva, los menos de 20.000 letrados especializados est\u00e1n al borde del quiebre, pero siguen trabajando para defender a sus clientes<\/em><\/h4>\n<p>&nbsp;<\/p>\n<p class=\"\">Wilfredo Allen ten\u00eda planeado retirarse inminentemente. Con cuatro d\u00e9cadas de trabajo como<a title=\"https:\/\/elpais.com\/us\/migracion\/2025-06-08\/kelli-stump-abogada-de-inmigracion-nunca-habia-visto-tal-desden-por-las-leyes-es-realmente-alarmante.html\" href=\"https:\/\/elpais.com\/us\/migracion\/2025-06-08\/kelli-stump-abogada-de-inmigracion-nunca-habia-visto-tal-desden-por-las-leyes-es-realmente-alarmante.html\" target=\"_self\" rel=\"\" data-link-track-dtm=\"\" data-mrf-link=\"https:\/\/elpais.com\/us\/migracion\/2025-06-08\/kelli-stump-abogada-de-inmigracion-nunca-habia-visto-tal-desden-por-las-leyes-es-realmente-alarmante.html\">\u00a0abogado migratorio\u00a0<\/a>en Miami sobre sus espaldas de 74 a\u00f1os, hab\u00eda llegado el momento. \u201cPero ahora siento que si me retiro, ser\u00eda como rendirme. Como huir del campo de batalla. Y eso no va conmigo. Mis padres no me ense\u00f1aron a correr, me ense\u00f1aron a quedarme y pelear\u201d, dice por tel\u00e9fono.<\/p>\n<p class=\"\">Explica tambi\u00e9n que, aunque hay m\u00e1s trabajo en medio de la cruzada del Gobierno de Donald Trump por\u00a0<a title=\"https:\/\/elpais.com\/us\/migracion\/2025-07-11\/estados-unidos-rompe-su-record-de-vuelos-de-deportacion-en-junio-tras-registrar-el-primer-aumento-importante-de-la-era-trump.html\" href=\"https:\/\/elpais.com\/us\/migracion\/2025-07-11\/estados-unidos-rompe-su-record-de-vuelos-de-deportacion-en-junio-tras-registrar-el-primer-aumento-importante-de-la-era-trump.html\" target=\"_self\" rel=\"\" data-link-track-dtm=\"\" data-mrf-link=\"https:\/\/elpais.com\/us\/migracion\/2025-07-11\/estados-unidos-rompe-su-record-de-vuelos-de-deportacion-en-junio-tras-registrar-el-primer-aumento-importante-de-la-era-trump.html\">aumentar a toda costa las deportaciones<\/a>, eso no es lo m\u00e1s duro: lo peor es la frustraci\u00f3n de que, aunque se haga todo bien, las reglas de juego han cambiado.<\/p>\n<p class=\"\">Los abogados migratorios en Estados Unidos llevan a\u00f1os viendo c\u00f3mo el agua se les aproxima al cuello. A falta de estad\u00edsticas definitivas, en el pa\u00eds entero hay probablemente menos de 20.000 letrados especializados en temas de inmigraci\u00f3n: los 16.000 afiliados a la asociaci\u00f3n nacional oficial, que son casi todos, m\u00e1s los pocos que no.<\/p>\n<p class=\"\">En un pa\u00eds en el que hay actualmente m\u00e1s de tres millones de casos migratorios abiertos, un n\u00famero que aumenta d\u00eda a d\u00eda, ninguno da abasto. Si en 2019 un 65% de los migrantes ten\u00eda representaci\u00f3n jur\u00eddica, para 2023 era el 30%. Ahora, cuando\u00a0<a title=\"https:\/\/elpais.com\/us\/migracion\/2025-06-16\/trump-ordena-ampliar-las-detenciones-de-inmigrantes-en-ciudades-democratas.html\" href=\"https:\/\/elpais.com\/us\/migracion\/2025-06-16\/trump-ordena-ampliar-las-detenciones-de-inmigrantes-en-ciudades-democratas.html\" target=\"_self\" rel=\"\" data-link-track-dtm=\"\" data-mrf-link=\"https:\/\/elpais.com\/us\/migracion\/2025-06-16\/trump-ordena-ampliar-las-detenciones-de-inmigrantes-en-ciudades-democratas.html\">las detenciones de inmigrantes<\/a>\u00a0han llegado a niveles r\u00e9cord, esa cifra es seguramente a\u00fan m\u00e1s baja, aunque no hay datos oficiales al respecto.<\/p>\n<p class=\"\">En las cortes migratorias estadounidenses, a diferencia de las penales, el Gobierno no provee un abogado a quienes no pueden pagarlo, (que no son nada baratos sus honorarios) as\u00ed que si la escasez ya significaba una oferta limitada, la explosi\u00f3n en la demanda est\u00e1 llevando el sistema a un punto de quiebre.<\/p>\n<p class=\"\">Algunos abogados alertan de que pronto va a llegar el momento en que sean completamente sobrepasados y no haya quien defienda en las cortes los derechos de los inmigrantes. Ante este panorama descorazonador y de presi\u00f3n m\u00e1xima, unos han tirado la toalla, pero la mayor\u00eda se mantiene de pie, como Allen, impulsados por la convicci\u00f3n de que para sus clientes son la \u00faltima esperanza de seguir junto a sus familias, de vivir el sue\u00f1o americano, de ser considerados sujetos con derechos.<\/p>\n<p>&nbsp;<\/p>\n<figure class=\"a_m a_m-h \">\n<p><div style=\"width: 424px\" class=\"wp-caption alignnone\"><img loading=\"lazy\" decoding=\"async\" class=\"_re lazyload a_m-h\" src=\"https:\/\/imagenes.elpais.com\/resizer\/v2\/ALTSXTJ5XFA7RJMCCNKOO2TYFU.jpg?auth=05ccf40e4c235913391023bb24ba21609a2dfbe4176d8af2e0019212de79ee3c&amp;width=414\" sizes=\"auto, (min-width:1199px) 1155px,(min-width:1001px) calc(100vw - 44px),(min-width:768px) 767px, 100vw\" srcset=\"https:\/\/imagenes.elpais.com\/resizer\/v2\/ALTSXTJ5XFA7RJMCCNKOO2TYFU.jpg?auth=05ccf40e4c235913391023bb24ba21609a2dfbe4176d8af2e0019212de79ee3c&amp;width=414 414w,https:\/\/imagenes.elpais.com\/resizer\/v2\/ALTSXTJ5XFA7RJMCCNKOO2TYFU.jpg?auth=05ccf40e4c235913391023bb24ba21609a2dfbe4176d8af2e0019212de79ee3c&amp;width=828 640w,https:\/\/imagenes.elpais.com\/resizer\/v2\/ALTSXTJ5XFA7RJMCCNKOO2TYFU.jpg?auth=05ccf40e4c235913391023bb24ba21609a2dfbe4176d8af2e0019212de79ee3c&amp;width=980 1000w,https:\/\/imagenes.elpais.com\/resizer\/v2\/ALTSXTJ5XFA7RJMCCNKOO2TYFU.jpg?auth=05ccf40e4c235913391023bb24ba21609a2dfbe4176d8af2e0019212de79ee3c&amp;width=1960 1960w\" alt=\"El abogado Jonathan Shaw habla con miembros de la comunidad Venezolana, en julio de 2025, en Herriman, Utah.\" width=\"414\" height=\"311\" \/><p class=\"wp-caption-text\">El abogado Jonathan Shaw habla con miembros de la comunidad Venezolana, en julio de 2025, en Herriman, Utah.\u00a0 \u00a0 \u00a0 \u00a0 \u00a0 \u00a0 \u00a0 \u00a0 \u00a0 \u00a0 \u00a0 \u00a0 Foto Intermountain inmmigrantion<\/p><\/div><figcaption class=\"a_m_p\" aria-hidden=\"true\"><\/figcaption><\/figure>\n<p>&nbsp;<\/p>\n<p class=\"\">Jonathan Shaw es otro a quien dar la batalla lo motiva. Jefe de un bufete de abogados con 10 letrados y 55 empleados en total, Shaw representa a migrantes en todo el pa\u00eds, aunque est\u00e1 basado en Utah. \u201cUn amigo m\u00edo, que lleva una firma de tama\u00f1o similar, me llam\u00f3 esta semana y me pregunt\u00f3: \u2018\u00bfAlguna vez piensas en retirarte? \u00bfEn vender tu firma?\u2019. Y le dije que s\u00ed, que a veces se me cruza por la cabeza, pero que no podemos irnos. La comunidad nos necesita. Si nos ven irnos, es como perder la esperanza. Tenemos que estar aqu\u00ed. Tenemos que estar firmes\u201d.<\/p>\n<p class=\"\">Entiende que el estr\u00e9s y la presi\u00f3n termine por vencer a algunos. Y como jefe debe balancear con cuidado la carga de trabajo de sus empleados, pero tambi\u00e9n lo ve como un filtro que solo pasar\u00e1n los que est\u00e1n ah\u00ed por sus propios principios. \u201cEl caos descarta a ciertas personas, los que est\u00e1n aqu\u00ed solo por el sueldo. Los que quedan son quienes son realmente apasionados\u201d, dice. En estos meses ha visto a colegas y empleados dejar sus trabajos y pasar a \u00e1mbitos menos intensos, admite, pero ha visto contento y con esperanza c\u00f3mo los huecos que dejan se han llenado r\u00e1pidamente por quienes quieren poner de su parte para ayudar a los inmigrantes.<\/p>\n<p class=\"\">Tambi\u00e9n ha tenido que empezar a rechazar clientes, aunque le pese en el coraz\u00f3n. \u201cNos estamos enfocando en los casos m\u00e1s cr\u00edticos: peticiones de asilo en corte migratoria. Podemos hacer muchos otros casos, pero tenemos que concentrar nuestros recursos en donde m\u00e1s se necesitan\u201d.<\/p>\n<p class=\"\">A pesar de todo, el mayor reto es adaptarse constantemente a los cambios que impone la Administraci\u00f3n casi semana a semana. Un d\u00eda es el\u00a0<i>parole<\/i>\u00a0humanitario que se acaba, al siguiente es el Estatus de Protecci\u00f3n Temporal (TPS), y al siguiente\u00a0<a title=\"https:\/\/elpais.com\/us\/migracion\/2025-06-01\/emboscada-antimigrante-en-los-tribunales-buenos-dias-somos-agentes-de-migracion-ya-cerraron-su-caso.html\" href=\"https:\/\/elpais.com\/us\/migracion\/2025-06-01\/emboscada-antimigrante-en-los-tribunales-buenos-dias-somos-agentes-de-migracion-ya-cerraron-su-caso.html\" target=\"_self\" rel=\"\" data-link-track-dtm=\"\" data-mrf-link=\"https:\/\/elpais.com\/us\/migracion\/2025-06-01\/emboscada-antimigrante-en-los-tribunales-buenos-dias-somos-agentes-de-migracion-ya-cerraron-su-caso.html\">empiezan a arrestar a los inmigrantes en las mismas cortes<\/a>\u00a0migratorias, algo que nunca hab\u00eda sucedido. \u201cTenemos que pivotar, repensar c\u00f3mo vamos a proteger a nuestros clientes. Ahora hacemos todo lo posible por evitar que tengan que ir a la corte solos\u201d, explica Shaw, que se ha vuelto experto en sortear las trampas que tiende el Gobierno.<\/p>\n<p class=\"\">Esas trampas tambi\u00e9n son el mayor motivo de frustraci\u00f3n de Allen. \u201cNunca antes me hab\u00edan detenido a un cliente en la puerta de inmigraci\u00f3n. Est\u00e1n al asecho como buitres. Jam\u00e1s. Siempre hab\u00eda tenido buena suerte: incluso en los casos que perd\u00eda, entraba con mi cliente, sal\u00eda con mi cliente, apel\u00e1bamos, \u00edbamos a corte\u2026 pero que me detuvieran a un cliente en la entrada, eso no me hab\u00eda pasado nunca. Y ahora tengo seis clientes detenidos. Dos de ellos est\u00e1n en el famoso centro de detenci\u00f3n <a title=\"https:\/\/elpais.com\/us\/migracion\/2025-07-21\/hrw-denuncia-condiciones-desgarradoras-en-centros-de-detencion-de-inmigrantes-en-florida.html\" href=\"https:\/\/elpais.com\/us\/migracion\/2025-07-21\/hrw-denuncia-condiciones-desgarradoras-en-centros-de-detencion-de-inmigrantes-en-florida.html\" target=\"_self\" rel=\"\" data-link-track-dtm=\"\" data-mrf-link=\"https:\/\/elpais.com\/us\/migracion\/2025-07-21\/hrw-denuncia-condiciones-desgarradoras-en-centros-de-detencion-de-inmigrantes-en-florida.html\">Alligator Alcatraz<\/a>. Seg\u00fan el Gobierno, ese centro era para \u2018lo peor de lo peor\u2019, pero es mentira del gobierno\u201d, relata el abogado, y con rabia agrega que percibe la malicia en cada momento, desplegada para intimidar, para desgastar, para que terminen por aceptar irse del pa\u00eds de manera voluntaria.<\/p>\n<p>&nbsp;<\/p>\n<figure class=\"a_m a_m-h \">\n<p><div style=\"width: 424px\" class=\"wp-caption alignnone\"><img loading=\"lazy\" decoding=\"async\" class=\"_re lazyload a_m-h\" src=\"https:\/\/imagenes.elpais.com\/resizer\/v2\/F7DXLCLLWS5RYYBZIOZ4DLCOC4.jpg?auth=dbcf4135430b2b787669b35fc7cf208d3e1ceed2c8e78cea27acd879e0449795&amp;width=414\" sizes=\"auto, (min-width:1199px) 1155px,(min-width:1001px) calc(100vw - 44px),(min-width:768px) 767px, 100vw\" srcset=\"https:\/\/imagenes.elpais.com\/resizer\/v2\/F7DXLCLLWS5RYYBZIOZ4DLCOC4.jpg?auth=dbcf4135430b2b787669b35fc7cf208d3e1ceed2c8e78cea27acd879e0449795&amp;width=414 414w,https:\/\/imagenes.elpais.com\/resizer\/v2\/F7DXLCLLWS5RYYBZIOZ4DLCOC4.jpg?auth=dbcf4135430b2b787669b35fc7cf208d3e1ceed2c8e78cea27acd879e0449795&amp;width=828 640w,https:\/\/imagenes.elpais.com\/resizer\/v2\/F7DXLCLLWS5RYYBZIOZ4DLCOC4.jpg?auth=dbcf4135430b2b787669b35fc7cf208d3e1ceed2c8e78cea27acd879e0449795&amp;width=980 1000w,https:\/\/imagenes.elpais.com\/resizer\/v2\/F7DXLCLLWS5RYYBZIOZ4DLCOC4.jpg?auth=dbcf4135430b2b787669b35fc7cf208d3e1ceed2c8e78cea27acd879e0449795&amp;width=1960 1960w\" alt=\"Agentes federales afuera de las audiencias en los tribunales de inmigraci\u00f3n de Nueva York, en junio de 2025\" width=\"414\" height=\"277\" \/><p class=\"wp-caption-text\">Agentes federales afuera de las audiencias en los tribunales de inmigraci\u00f3n de Nueva York, que esperan como buitres, en junio de 2025. Foto SARAH YENESEL (EFE)<\/p><\/div><figcaption class=\"a_m_p\" aria-hidden=\"true\"><\/figcaption><\/figure>\n<p>&nbsp;<\/p>\n<p class=\"\">El augurio de Allen para los pr\u00f3ximos seis meses no es bueno. Dice que ve a los fiscales cada vez m\u00e1s intimidados tambi\u00e9n, sin discreci\u00f3n para decidir sobre los casos. \u201cEs agotador. Uno de los abogados j\u00f3venes del despacho tuvo cinco clientes detenidos en menos de diez d\u00edas. Me dijo: \u2018No puedo m\u00e1s. Esto me tiene deprimido. No puedo ver la cara de las personas cuando las detienen, me duele hablar con sus familias\u2019. No es f\u00e1cil, pero tengo que motivar al equipo. Esas derrotas, esas l\u00e1grimas, esas injusticias, tienen que servirnos para pelear con m\u00e1s fuerza\u201d.<\/p>\n<p class=\"\">Mientras las derrotas golpean a los abogados, el miedo carcome a los inmigrantes. El tel\u00e9fono en el despacho de Shaw no deja de sonar. Desde que lleg\u00f3 Trump no ha vuelto a tener que publicitar sus servicios, y aunque t\u00e9cnicamente eso es algo bueno para el negocio, a \u00e9l le parece triste: son familias que ser\u00e1n separadas. \u201cNuestro trabajo es ayudar a inmigrantes. Nos adaptamos r\u00e1pidamente y compartimos todo lo que aprendemos, especialmente en redes sociales, as\u00ed hasta quienes no son nuestros clientes sabr\u00e1n como protegerse\u201d.<\/p>\n","protected":false},"excerpt":{"rendered":"<p>&nbsp; &nbsp; &#8211; Ante la explosi\u00f3n de decenas de nuevos casos y una Administraci\u00f3n mucho m\u00e1s agresiva, los menos de 20.000 letrados especializados est\u00e1n al&hellip;<\/p>\n","protected":false},"author":99,"featured_media":534385,"comment_status":"open","ping_status":"open","sticky":false,"template":"","format":"standard","meta":{"footnotes":""},"categories":[24],"tags":[],"class_list":["post-534384","post","type-post","status-publish","format-standard","has-post-thumbnail","hentry","category-mundo"],"_links":{"self":[{"href":"https:\/\/diarioelpopular.com\/index.php\/wp-json\/wp\/v2\/posts\/534384","targetHints":{"allow":["GET"]}}],"collection":[{"href":"https:\/\/diarioelpopular.com\/index.php\/wp-json\/wp\/v2\/posts"}],"about":[{"href":"https:\/\/diarioelpopular.com\/index.php\/wp-json\/wp\/v2\/types\/post"}],"author":[{"embeddable":true,"href":"https:\/\/diarioelpopular.com\/index.php\/wp-json\/wp\/v2\/users\/99"}],"replies":[{"embeddable":true,"href":"https:\/\/diarioelpopular.com\/index.php\/wp-json\/wp\/v2\/comments?post=534384"}],"version-history":[{"count":1,"href":"https:\/\/diarioelpopular.com\/index.php\/wp-json\/wp\/v2\/posts\/534384\/revisions"}],"predecessor-version":[{"id":534386,"href":"https:\/\/diarioelpopular.com\/index.php\/wp-json\/wp\/v2\/posts\/534384\/revisions\/534386"}],"wp:featuredmedia":[{"embeddable":true,"href":"https:\/\/diarioelpopular.com\/index.php\/wp-json\/wp\/v2\/media\/534385"}],"wp:attachment":[{"href":"https:\/\/diarioelpopular.com\/index.php\/wp-json\/wp\/v2\/media?parent=534384"}],"wp:term":[{"taxonomy":"category","embeddable":true,"href":"https:\/\/diarioelpopular.com\/index.php\/wp-json\/wp\/v2\/categories?post=534384"},{"taxonomy":"post_tag","embeddable":true,"href":"https:\/\/diarioelpopular.com\/index.php\/wp-json\/wp\/v2\/tags?post=534384"}],"curies":[{"name":"wp","href":"https:\/\/api.w.org\/{rel}","templated":true}]}}