{"id":534430,"date":"2025-07-26T11:47:15","date_gmt":"2025-07-26T15:47:15","guid":{"rendered":"https:\/\/diarioelpopular.com\/?p=534430"},"modified":"2025-07-26T11:47:15","modified_gmt":"2025-07-26T15:47:15","slug":"peluquero-de-63-anos-acusado-de-agredir-sexualmente-a-un-joven-en-una-peluqueria","status":"publish","type":"post","link":"https:\/\/diarioelpopular.com\/index.php\/2025\/07\/26\/peluquero-de-63-anos-acusado-de-agredir-sexualmente-a-un-joven-en-una-peluqueria\/","title":{"rendered":"Peluquero de 63 a\u00f1os acusado de agredir sexualmente a un joven en una peluquer\u00eda"},"content":{"rendered":"<div id=\"attachment_534431\" style=\"width: 646px\" class=\"wp-caption alignnone\"><img loading=\"lazy\" decoding=\"async\" aria-describedby=\"caption-attachment-534431\" class=\"wp-image-534431 size-custom-full-size\" src=\"https:\/\/diarioelpopular.com\/wp-content\/uploads\/2025\/07\/Screen-Shot-2025-07-26-at-11.46.12-AM-636x474.png\" alt=\"\" width=\"636\" height=\"474\" srcset=\"https:\/\/diarioelpopular.com\/wp-content\/uploads\/2025\/07\/Screen-Shot-2025-07-26-at-11.46.12-AM-636x474.png 636w, https:\/\/diarioelpopular.com\/wp-content\/uploads\/2025\/07\/Screen-Shot-2025-07-26-at-11.46.12-AM-300x223.png 300w, https:\/\/diarioelpopular.com\/wp-content\/uploads\/2025\/07\/Screen-Shot-2025-07-26-at-11.46.12-AM-768x572.png 768w, https:\/\/diarioelpopular.com\/wp-content\/uploads\/2025\/07\/Screen-Shot-2025-07-26-at-11.46.12-AM-98x73.png 98w, https:\/\/diarioelpopular.com\/wp-content\/uploads\/2025\/07\/Screen-Shot-2025-07-26-at-11.46.12-AM.png 846w\" sizes=\"auto, (max-width: 636px) 100vw, 636px\" \/><p id=\"caption-attachment-534431\" class=\"wp-caption-text\">Alexander Ghorbani. Foto Polic\u00eda de Toronto<\/p><\/div>\n<p>&nbsp;<\/p>\n<p>&nbsp;<\/p>\n<ul>\n<li><em><strong>Los incidentes ocurrieron presuntamente cuando el joven acudi\u00f3 a la peluquer\u00eda para un corte de pelo en 2023 y de nuevo a su regreso hace unas semanas.<\/strong><\/em><\/li>\n<\/ul>\n<p>&nbsp;<\/p>\n<p>El due\u00f1o de una peluquer\u00eda est\u00e1 acusado de agredir sexualmente a un joven en dos ocasiones cuando este acudi\u00f3 al negocio para un corte de pelo hace casi dos a\u00f1os y de nuevo este mes.<\/p>\n<p>La Polic\u00eda de Toronto afirma que el primer incidente ocurri\u00f3 presuntamente en Alex Cuts, en Bloor St. W., al oeste de Spadina Rd., en septiembre de 2023.<\/p>\n<p>&#8220;Un joven acudi\u00f3 a la peluquer\u00eda para un corte de pelo&#8221;, declar\u00f3 la polic\u00eda en un comunicado publicado el viernes, explicando que el peluquero presuntamente agredi\u00f3 sexualmente al joven mientras se encontraba all\u00ed.<\/p>\n<p>La polic\u00eda indic\u00f3 que el mismo joven regres\u00f3 a la peluquer\u00eda para un corte de pelo el 3 de julio y fue presuntamente agredido sexualmente de nuevo por el mismo peluquero.<\/p>\n<p>Los investigadores identificaron posteriormente al sospechoso y lo arrestaron el jueves.<\/p>\n<p>Alexander Ghorbani, de 63 a\u00f1os y residente de Toronto, est\u00e1 acusado de dos cargos de agresi\u00f3n sexual.<\/p>\n<p>Deb\u00eda comparecer ante el tribunal para una audiencia de fianza el viernes y se desconoce el resultado.<\/p>\n<p>Los investigadores temen la posibilidad de que haya otras presuntas v\u00edctimas, por lo que han publicado una imagen del acusado.<\/p>\n<p>Se insta a cualquier persona que tenga informaci\u00f3n sobre esta investigaci\u00f3n a llamar a la polic\u00eda al 416-808-1400 o a Crime Stoppers de forma an\u00f3nima al 1-800-222-TIPS (8477).<\/p>\n","protected":false},"excerpt":{"rendered":"<p>&nbsp; &nbsp; Los incidentes ocurrieron presuntamente cuando el joven acudi\u00f3 a la peluquer\u00eda para un corte de pelo en 2023 y de nuevo a su&hellip;<\/p>\n","protected":false},"author":99,"featured_media":534431,"comment_status":"open","ping_status":"open","sticky":false,"template":"","format":"standard","meta":{"footnotes":""},"categories":[11364],"tags":[],"class_list":["post-534430","post","type-post","status-publish","format-standard","has-post-thumbnail","hentry","category-toronto-gta"],"_links":{"self":[{"href":"https:\/\/diarioelpopular.com\/index.php\/wp-json\/wp\/v2\/posts\/534430","targetHints":{"allow":["GET"]}}],"collection":[{"href":"https:\/\/diarioelpopular.com\/index.php\/wp-json\/wp\/v2\/posts"}],"about":[{"href":"https:\/\/diarioelpopular.com\/index.php\/wp-json\/wp\/v2\/types\/post"}],"author":[{"embeddable":true,"href":"https:\/\/diarioelpopular.com\/index.php\/wp-json\/wp\/v2\/users\/99"}],"replies":[{"embeddable":true,"href":"https:\/\/diarioelpopular.com\/index.php\/wp-json\/wp\/v2\/comments?post=534430"}],"version-history":[{"count":1,"href":"https:\/\/diarioelpopular.com\/index.php\/wp-json\/wp\/v2\/posts\/534430\/revisions"}],"predecessor-version":[{"id":534432,"href":"https:\/\/diarioelpopular.com\/index.php\/wp-json\/wp\/v2\/posts\/534430\/revisions\/534432"}],"wp:featuredmedia":[{"embeddable":true,"href":"https:\/\/diarioelpopular.com\/index.php\/wp-json\/wp\/v2\/media\/534431"}],"wp:attachment":[{"href":"https:\/\/diarioelpopular.com\/index.php\/wp-json\/wp\/v2\/media?parent=534430"}],"wp:term":[{"taxonomy":"category","embeddable":true,"href":"https:\/\/diarioelpopular.com\/index.php\/wp-json\/wp\/v2\/categories?post=534430"},{"taxonomy":"post_tag","embeddable":true,"href":"https:\/\/diarioelpopular.com\/index.php\/wp-json\/wp\/v2\/tags?post=534430"}],"curies":[{"name":"wp","href":"https:\/\/api.w.org\/{rel}","templated":true}]}}