{"id":534438,"date":"2025-07-26T11:55:34","date_gmt":"2025-07-26T15:55:34","guid":{"rendered":"https:\/\/diarioelpopular.com\/?p=534438"},"modified":"2025-07-26T11:55:34","modified_gmt":"2025-07-26T15:55:34","slug":"buscan-a-atacante-por-asalto-ocurrido-en-north-york-la-semana-pasada","status":"publish","type":"post","link":"https:\/\/diarioelpopular.com\/index.php\/2025\/07\/26\/buscan-a-atacante-por-asalto-ocurrido-en-north-york-la-semana-pasada\/","title":{"rendered":"Buscan a atacante por asalto ocurrido en North York la semana pasada."},"content":{"rendered":"<p><img loading=\"lazy\" decoding=\"async\" class=\"alignnone size-custom-full-size wp-image-534439\" src=\"https:\/\/diarioelpopular.com\/wp-content\/uploads\/2025\/07\/Screen-Shot-2025-07-26-at-11.55.12-AM-636x394.png\" alt=\"\" width=\"636\" height=\"394\" srcset=\"https:\/\/diarioelpopular.com\/wp-content\/uploads\/2025\/07\/Screen-Shot-2025-07-26-at-11.55.12-AM-636x394.png 636w, https:\/\/diarioelpopular.com\/wp-content\/uploads\/2025\/07\/Screen-Shot-2025-07-26-at-11.55.12-AM-300x185.png 300w, https:\/\/diarioelpopular.com\/wp-content\/uploads\/2025\/07\/Screen-Shot-2025-07-26-at-11.55.12-AM-118x73.png 118w, https:\/\/diarioelpopular.com\/wp-content\/uploads\/2025\/07\/Screen-Shot-2025-07-26-at-11.55.12-AM.png 752w\" sizes=\"auto, (max-width: 636px) 100vw, 636px\" \/><\/p>\n<p>&nbsp;<\/p>\n<p>&nbsp;<\/p>\n<ul>\n<li><em><strong>La Polic\u00eda de Toronto informa que la v\u00edctima caminaba por la zona de Bartley y O&#8217;Connor Drs., cerca de Victoria Park Ave. y Eglinton Ave. E., cuando ocurri\u00f3 el ataque alrededor de las 9:30 p. m. del mi\u00e9rcoles.<\/strong><\/em><\/li>\n<\/ul>\n<p>&nbsp;<\/p>\n<p>\u201cUn sujeto se le acerc\u00f3 a la v\u00edctima por detr\u00e1s y la agredi\u00f3\u201d, declar\u00f3 la agente Sinderela Chung. \u201cEl atacante huy\u00f3 cuando la v\u00edctima grit\u00f3 pidiendo ayuda\u201d.<\/p>\n<p>A\u00f1adi\u00f3 que la v\u00edctima, cuya edad y sexo no fueron revelados, sufri\u00f3 algunas heridas leves.<\/p>\n<p>El agresor es descrito como un hombre de raza negra de entre 20 y 30 a\u00f1os, de aproximadamente 1,80 m de altura, y vest\u00eda una gabardina negra.<\/p>\n<p>Se solicita a cualquier persona que tenga informaci\u00f3n sobre la identidad o el paradero del agresor que llame a la polic\u00eda al 416-808-5500 o a Crime Stoppers de forma an\u00f3nima al 1-800-222-TIPS (8477).<\/p>\n","protected":false},"excerpt":{"rendered":"<p>&nbsp; &nbsp; La Polic\u00eda de Toronto informa que la v\u00edctima caminaba por la zona de Bartley y O&#8217;Connor Drs., cerca de Victoria Park Ave. y&hellip;<\/p>\n","protected":false},"author":99,"featured_media":534439,"comment_status":"open","ping_status":"open","sticky":false,"template":"","format":"standard","meta":{"footnotes":""},"categories":[11364],"tags":[],"class_list":["post-534438","post","type-post","status-publish","format-standard","has-post-thumbnail","hentry","category-toronto-gta"],"_links":{"self":[{"href":"https:\/\/diarioelpopular.com\/index.php\/wp-json\/wp\/v2\/posts\/534438","targetHints":{"allow":["GET"]}}],"collection":[{"href":"https:\/\/diarioelpopular.com\/index.php\/wp-json\/wp\/v2\/posts"}],"about":[{"href":"https:\/\/diarioelpopular.com\/index.php\/wp-json\/wp\/v2\/types\/post"}],"author":[{"embeddable":true,"href":"https:\/\/diarioelpopular.com\/index.php\/wp-json\/wp\/v2\/users\/99"}],"replies":[{"embeddable":true,"href":"https:\/\/diarioelpopular.com\/index.php\/wp-json\/wp\/v2\/comments?post=534438"}],"version-history":[{"count":1,"href":"https:\/\/diarioelpopular.com\/index.php\/wp-json\/wp\/v2\/posts\/534438\/revisions"}],"predecessor-version":[{"id":534440,"href":"https:\/\/diarioelpopular.com\/index.php\/wp-json\/wp\/v2\/posts\/534438\/revisions\/534440"}],"wp:featuredmedia":[{"embeddable":true,"href":"https:\/\/diarioelpopular.com\/index.php\/wp-json\/wp\/v2\/media\/534439"}],"wp:attachment":[{"href":"https:\/\/diarioelpopular.com\/index.php\/wp-json\/wp\/v2\/media?parent=534438"}],"wp:term":[{"taxonomy":"category","embeddable":true,"href":"https:\/\/diarioelpopular.com\/index.php\/wp-json\/wp\/v2\/categories?post=534438"},{"taxonomy":"post_tag","embeddable":true,"href":"https:\/\/diarioelpopular.com\/index.php\/wp-json\/wp\/v2\/tags?post=534438"}],"curies":[{"name":"wp","href":"https:\/\/api.w.org\/{rel}","templated":true}]}}