{"id":534453,"date":"2025-07-26T12:48:48","date_gmt":"2025-07-26T16:48:48","guid":{"rendered":"https:\/\/diarioelpopular.com\/?p=534453"},"modified":"2025-07-26T12:48:48","modified_gmt":"2025-07-26T16:48:48","slug":"trump-niega-ahora-que-fuera-informado-sobre-la-lista-epstein-y-no-descarta-un-indulto-a-ghislaine-maxwell","status":"publish","type":"post","link":"https:\/\/diarioelpopular.com\/index.php\/2025\/07\/26\/trump-niega-ahora-que-fuera-informado-sobre-la-lista-epstein-y-no-descarta-un-indulto-a-ghislaine-maxwell\/","title":{"rendered":"Trump niega ahora que fuera informado sobre la \u2018lista Epstein\u2019 y no descarta un indulto a Ghislaine Maxwell"},"content":{"rendered":"<div id=\"attachment_534454\" style=\"width: 1210px\" class=\"wp-caption alignnone\"><img loading=\"lazy\" decoding=\"async\" aria-describedby=\"caption-attachment-534454\" class=\"wp-image-534454 size-custom-big-size\" src=\"https:\/\/diarioelpopular.com\/wp-content\/uploads\/2025\/07\/Screen-Shot-2025-07-26-at-12.47.07-PM-1200x565.png\" alt=\"\" width=\"1200\" height=\"565\" srcset=\"https:\/\/diarioelpopular.com\/wp-content\/uploads\/2025\/07\/Screen-Shot-2025-07-26-at-12.47.07-PM-1200x565.png 1200w, https:\/\/diarioelpopular.com\/wp-content\/uploads\/2025\/07\/Screen-Shot-2025-07-26-at-12.47.07-PM-300x141.png 300w, https:\/\/diarioelpopular.com\/wp-content\/uploads\/2025\/07\/Screen-Shot-2025-07-26-at-12.47.07-PM-768x361.png 768w, https:\/\/diarioelpopular.com\/wp-content\/uploads\/2025\/07\/Screen-Shot-2025-07-26-at-12.47.07-PM-636x299.png 636w, https:\/\/diarioelpopular.com\/wp-content\/uploads\/2025\/07\/Screen-Shot-2025-07-26-at-12.47.07-PM-146x69.png 146w, https:\/\/diarioelpopular.com\/wp-content\/uploads\/2025\/07\/Screen-Shot-2025-07-26-at-12.47.07-PM.png 1024w\" sizes=\"auto, (max-width: 1200px) 100vw, 1200px\" \/><p id=\"caption-attachment-534454\" class=\"wp-caption-text\">El cartel habla por s\u00ed solo. David Oscar Markus, abogado de Ghislaine Maxwell, habla con la prensa Tallahassee, Florida, este viernes. Foto: Colin Hackley (AP) | V\u00eddeo: EPV<\/p><\/div>\n<p>&nbsp;<\/p>\n<p>&nbsp;<\/p>\n<h4 class=\"a_st\"><em>&#8211; \u201cEstoy autorizado a hacerlo, pero no he pensado sobre ello\u201d, dijo Trump sobre el posible perd\u00f3n. El fiscal general adjunto habla por segundo d\u00eda con la conseguidora del millonario pederasta<\/em><\/h4>\n<p>&nbsp;<\/p>\n<p class=\"\">El fiscal general adjunto de Estados Unidos, Todd Blanche, concluy\u00f3 este viernes su segundo d\u00eda de entrevistas con Ghislaine Maxwell, amante, socia y c\u00f3mplice de los m\u00faltiples delitos sexuales de Jeffrey Epstein, el millonario pederasta cuya memoria persigue <a title=\"https:\/\/elpais.com\/internacional\/2025-07-22\/la-administracion-de-trump-anuncia-que-se-reunira-con-ghislaine-maxwell-la-conseguidora-de-epstein.html\" href=\"https:\/\/elpais.com\/internacional\/2025-07-22\/la-administracion-de-trump-anuncia-que-se-reunira-con-ghislaine-maxwell-la-conseguidora-de-epstein.html\" target=\"_blank\" rel=\"noopener noreferrer\" data-link-track-dtm=\"\" data-mrf-link=\"https:\/\/elpais.com\/internacional\/2025-07-22\/la-administracion-de-trump-anuncia-que-se-reunira-con-ghislaine-maxwell-la-conseguidora-de-epstein.html\">desde hace semanas a Donald Trump.<\/a><\/p>\n<p class=\"\">Maxwell est\u00e1 cumpliendo una condena de 20 a\u00f1os en una c\u00e1rcel federal de Tallahassee, capital de Florida. Epstein muri\u00f3 en 2019 en su celda, mientras estaba bajo custodia policial en Nueva York y esperaba a ser juzgado. La gesti\u00f3n del Gobierno de Trump de los papeles de ambas causas y la decisi\u00f3n de no difundir la informaci\u00f3n comprometedora de hombres poderosos que estos pudieran contener han desatado una sensacional <a title=\"https:\/\/elpais.com\/opinion\/2025-07-21\/como-pinchar-la-maga-burbuja.html\" href=\"https:\/\/elpais.com\/opinion\/2025-07-21\/como-pinchar-la-maga-burbuja.html\" target=\"_blank\" rel=\"noopener noreferrer\" data-link-track-dtm=\"\" data-mrf-link=\"https:\/\/elpais.com\/opinion\/2025-07-21\/como-pinchar-la-maga-burbuja.html\">tormenta pol\u00edtica<\/a>\u00a0que ha obligado a Trump y a los suyos a toda clase de prestidigitaciones, vanas a\u00fan, para distraer la atenci\u00f3n del caso.<\/p>\n<p class=\"\">Y as\u00ed fue c\u00f3mo Blanche\u00a0<a title=\"https:\/\/elpais.com\/internacional\/2025-07-22\/trump-trata-de-desviar-la-atencion-del-caso-epstein-acusando-a-obama-de-traicion.html\" href=\"https:\/\/elpais.com\/internacional\/2025-07-22\/trump-trata-de-desviar-la-atencion-del-caso-epstein-acusando-a-obama-de-traicion.html\" target=\"_blank\" rel=\"noopener noreferrer\" data-link-track-dtm=\"\" data-mrf-link=\"https:\/\/elpais.com\/internacional\/2025-07-22\/trump-trata-de-desviar-la-atencion-del-caso-epstein-acusando-a-obama-de-traicion.html\">se reuni\u00f3 dos d\u00edas seguidos,<\/a>\u00a0nueve horas en total, con Maxwell. Se desplaz\u00f3 a Tallahassee para entrevistarse con la \u00fanica persona con vida que ha sido condenada por la red de tr\u00e1fico sexual de Epstein, que abus\u00f3 de centenares de menores con la colaboraci\u00f3n de su conseguidora, que, prob\u00f3 el jurado, atra\u00eda a las v\u00edctimas y en ocasiones participaba en las agresiones.<\/p>\n<p class=\"\">El hecho de que un tan alto cargo del Departamento de Justicia, controlado por Trump, se haya reunido con la presa, una operaci\u00f3n que pr\u00e1cticamente carece de precedentes, ha generado una serie de dudas sobre lo que pretende la Administraci\u00f3n de Trump con ella, as\u00ed como el interrogante de si esta puede desembocar en un indulto o alg\u00fan tipo de concesi\u00f3n a Maxwell, a favor de Trump, cuyo caso est\u00e1 ahora mismo recurrido.<\/p>\n<p class=\"\">No ha ayudado que no descartara categ\u00f3ricamente esa posibilidad Trump, que ahora miente diciendo que no fue informado sobre los <i>papeles de Epstein<\/i>\u00a0en la Casa Blanca, pese a que hace 10 d\u00edas dijo lo contrario, y pese a que varios funcionarios han confirmado que s\u00ed se produjo esa reuni\u00f3n informativa.<\/p>\n<p class=\"\">Trump vol\u00f3 este viernes a Escocia en una mezcla de viaje privado (jugar al golf en uno de los clubes de su propiedad) y p\u00fablico (tiene previsto verse con los l\u00edderes brit\u00e1nico y escoc\u00e9s y con la presidente del Consejo Europeo, Ursula von der Leyen). Tanto antes de partir como una vez aterriz\u00f3 en su destino, Trump atendi\u00f3 a los periodistas, que le preguntaron por un posible indulto a Maxwell. En las dos ocasiones respondi\u00f3 <a title=\"https:\/\/elpais.com\/internacional\/2025-07-20\/el-caso-epstein-y-un-pasado-en-comun-persiguen-a-donald-trump.html\" href=\"https:\/\/elpais.com\/internacional\/2025-07-20\/el-caso-epstein-y-un-pasado-en-comun-persiguen-a-donald-trump.html\" target=\"_blank\" rel=\"noopener noreferrer\" data-link-track-dtm=\"\" data-mrf-link=\"https:\/\/elpais.com\/internacional\/2025-07-20\/el-caso-epstein-y-un-pasado-en-comun-persiguen-a-donald-trump.html\">dando a entender que el caso no le quita el sue\u00f1o,<\/a> aunque no pare de ocasionarle continuos quebraderos de cabeza, especialmente entre sus m\u00e1s fieles.<\/p>\n<p class=\"\">Por la ma\u00f1ana, dijo: \u201cNo he pensado realmente [sobre el indulto]. Estoy autorizado [a perdonarla] pero no lo he pensado\u201d. Por la tarde: \u201cNo es momento de hablar de perdones\u201d. Que perdiera dos oportunidades de zanjar el asunto y dejar claro que no habr\u00e1 clemencia para Maxwell dispar\u00f3 las especulaciones. Laura Loomer, tal vez la periodista MAGA (Make America Great Again) m\u00e1s conspicua y correosa, tuite\u00f3: \u201cUn emoji con la sonrisa invertida es todo lo que tengo que decir sobre un posible indulto a Ghislaine Maxwell\u201d.<\/p>\n<p class=\"\">Loomer, junto a otras destacadas figuras MAGA, lider\u00f3 hace tres semanas la revuelta\u00a0<a title=\"https:\/\/elpais.com\/internacional\/2025-07-23\/el-departamento-de-justicia-aviso-en-mayo-a-trump-de-que-su-nombre-figuraba-en-los-papeles-de-epstein-segun-the-wall-street-journal.html\" href=\"https:\/\/elpais.com\/internacional\/2025-07-23\/el-departamento-de-justicia-aviso-en-mayo-a-trump-de-que-su-nombre-figuraba-en-los-papeles-de-epstein-segun-the-wall-street-journal.html\" target=\"_blank\" rel=\"noopener noreferrer\" data-link-track-dtm=\"\" data-mrf-link=\"https:\/\/elpais.com\/internacional\/2025-07-23\/el-departamento-de-justicia-aviso-en-mayo-a-trump-de-que-su-nombre-figuraba-en-los-papeles-de-epstein-segun-the-wall-street-journal.html\">interna por los\u00a0<i>papeles de Epstein<\/i><\/a>, tras la decisi\u00f3n del Departamento de Justicia y del FBI de difundir los archivos relativos al pederasta, pese a que la fiscal general, Pam Bondi, prometi\u00f3 durante meses que lo har\u00eda. Tambi\u00e9n Trump formul\u00f3 esa promesa en campa\u00f1a.<\/p>\n<p class=\"\"><a title=\"https:\/\/elpais.com\/internacional\/2025-07-18\/trump-pide-a-su-fiscal-general-la-publicacion-de-documentos-procesales-sobre-epstein-que-no-satisfacen-las-demandas-maga.html\" href=\"https:\/\/elpais.com\/internacional\/2025-07-18\/trump-pide-a-su-fiscal-general-la-publicacion-de-documentos-procesales-sobre-epstein-que-no-satisfacen-las-demandas-maga.html\" target=\"_blank\" rel=\"noopener noreferrer\" data-link-track-dtm=\"\" data-mrf-link=\"https:\/\/elpais.com\/internacional\/2025-07-18\/trump-pide-a-su-fiscal-general-la-publicacion-de-documentos-procesales-sobre-epstein-que-no-satisfacen-las-demandas-maga.html\">El cambio de opini\u00f3n<\/a>\u00a0escam\u00f3 a quienes creen que entre ese material est\u00e1 la famosa\u00a0<i>lista Epstein.<\/i> Es famosa como el monstruo del lago Ness; se habla mucho de ella, pero nadie ha visto esa recopilaci\u00f3n de nombres de amigos ricos y poderosos del financiero que participaban en sus violaciones a menores y que a toda costa quieren que sus nombres no sean revelados.<\/p>\n<p>&nbsp;<\/p>\n<figure class=\"a_m a_m-h \">\n<p><div style=\"width: 424px\" class=\"wp-caption alignnone\"><img loading=\"lazy\" decoding=\"async\" class=\"_re lazyload a_m-h\" src=\"https:\/\/imagenes.elpais.com\/resizer\/v2\/IX2KKR25XJJRLL44DETQ5JYRBE.jpg?auth=9b585d2e6385a0f18b62d7cde4c4fcfe9e0f6cd086f4958bb20ad2dfb6be967c&amp;width=414\" sizes=\"auto, (min-width:1199px) 1155px,(min-width:1001px) calc(100vw - 44px),(min-width:768px) 767px, 100vw\" srcset=\"https:\/\/imagenes.elpais.com\/resizer\/v2\/IX2KKR25XJJRLL44DETQ5JYRBE.jpg?auth=9b585d2e6385a0f18b62d7cde4c4fcfe9e0f6cd086f4958bb20ad2dfb6be967c&amp;width=414 414w,https:\/\/imagenes.elpais.com\/resizer\/v2\/IX2KKR25XJJRLL44DETQ5JYRBE.jpg?auth=9b585d2e6385a0f18b62d7cde4c4fcfe9e0f6cd086f4958bb20ad2dfb6be967c&amp;width=828 640w,https:\/\/imagenes.elpais.com\/resizer\/v2\/IX2KKR25XJJRLL44DETQ5JYRBE.jpg?auth=9b585d2e6385a0f18b62d7cde4c4fcfe9e0f6cd086f4958bb20ad2dfb6be967c&amp;width=980 1000w,https:\/\/imagenes.elpais.com\/resizer\/v2\/IX2KKR25XJJRLL44DETQ5JYRBE.jpg?auth=9b585d2e6385a0f18b62d7cde4c4fcfe9e0f6cd086f4958bb20ad2dfb6be967c&amp;width=1960 1960w\" alt=\"El presidente Trump habla este viernes con los medios a su llegada a Glasgow (Escocia).\" width=\"414\" height=\"277\" \/><p class=\"wp-caption-text\">Trump habl\u00f3 este viernes con los medios a su llegada a Glasgow (Escocia). Foto Evelyn Hockstein (REUTERS)<\/p><\/div><figcaption class=\"a_m_p\" aria-hidden=\"true\"><\/figcaption><\/figure>\n<p>&nbsp;<\/p>\n<p class=\"\">La Administraci\u00f3n de Trump tambi\u00e9n ha concluido lo mismo que concluy\u00f3 el forense hace seis a\u00f1os: que el tipo se suicid\u00f3 en su celda, y que, a pesar de lo que dicen las teor\u00edas de la conspiraci\u00f3n, nadie lo mat\u00f3\u00a0<a title=\"https:\/\/elpais.com\/internacional\/2025-07-24\/el-escandalo-de-epstein-abre-una-brecha-entre-los-republicanos-en-el-congreso-de-estados-unidos.html\" href=\"https:\/\/elpais.com\/internacional\/2025-07-24\/el-escandalo-de-epstein-abre-una-brecha-entre-los-republicanos-en-el-congreso-de-estados-unidos.html\" target=\"_blank\" rel=\"noopener noreferrer\" data-link-track-dtm=\"\" data-mrf-link=\"https:\/\/elpais.com\/internacional\/2025-07-24\/el-escandalo-de-epstein-abre-una-brecha-entre-los-republicanos-en-el-congreso-de-estados-unidos.html\">para evitar que tirara de la manta.<\/a><\/p>\n<p class=\"\">Los medios estadounidenses informaron esta semana que la decisi\u00f3n de no difundir esos materiales y descartar la idea del asesinato se la comunic\u00f3 Bondi a Trump en una reuni\u00f3n en la Casa Blanca en mayo pasado, en la que tambi\u00e9n le dijo que su nombre aparec\u00eda \u201cen m\u00faltiples ocasiones\u201d en la ingente cantidad de papeles de Esptein: 300 gigabytes de informaci\u00f3n que han estado en la mesa de Bondi durante meses.<\/p>\n<p class=\"\">El 15 de julio, cuando ya estaba claro que ni sus rivales dem\u00f3cratas ni el movimiento MAGA, al que la pasi\u00f3n por las teor\u00edas de la conspiraci\u00f3n solo supera su fijaci\u00f3n con la existencia de un supuesto Estado profundo, un grupo de poderosos multimillonarios que manejan los hilos y comparten depravaciones como la pedofilia, iban a dejar pasar as\u00ed como as\u00ed el tema, Trump dijo a los reporteros de la Casa Blanca que s\u00ed hab\u00eda participado en una sesi\u00f3n informativa con Bondi. Este viernes cambi\u00f3 su versi\u00f3n, pero eso a estas alturas no deber\u00eda sorprender viniendo de alguien <a title=\"https:\/\/elpais.com\/babelia\/2024-10-17\/de-reagan-a-trump-sesion-de-cine-ante-la-elecciones-estadounidenses.html\" href=\"https:\/\/elpais.com\/babelia\/2024-10-17\/de-reagan-a-trump-sesion-de-cine-ante-la-elecciones-estadounidenses.html\" target=\"_blank\" rel=\"noopener noreferrer\" data-link-track-dtm=\"\" data-mrf-link=\"https:\/\/elpais.com\/babelia\/2024-10-17\/de-reagan-a-trump-sesion-de-cine-ante-la-elecciones-estadounidenses.html\">cuyo maestro, Roy Cohn, le instruy\u00f3 en tres reglas sagradas:<\/a>\u00a0\u201catacar, atacar y atacar\u201d, \u201cno admitir nada, negarlo todo siempre\u201d y \u201ccanta victoria, sin nunca darse por vencido, pase lo que pase\u201d.<\/p>\n<h3 class=\"\">Amigos y conocidos<\/h3>\n<p class=\"\">Trump y Epstein fueron buenos amigos durante 15 a\u00f1os, y se dice que rompieron antes de que el financiero fuera acusado por primera vez en Florida en 2006. Que su nombre salga en los papeles no lo implica en ning\u00fan delito; en esos archivos hay decenas de personalidades de la pol\u00edtica, la academia o las finanzas que tampoco ha quedado demostrado que participaran de sus agresiones sexuales. Trump se defendi\u00f3 este viernes diciendo que \u00e9l \u201cnunca fue a la isla [privada] de Epstein\u201d, una propiedad que el millonario ten\u00eda en el Caribe, a la que llevaba menores de todo el mundo a las que luego violaba.<\/p>\n<p class=\"\">Y contraatac\u00f3: \u201cDeber\u00edan estar hablando de [el expresidente Bill] Clinton, que viaj\u00f3 28 veces a la isla, de aquel rector de Harvard [Larry Summers] o de sus amigotes de los fondos de inversi\u00f3n\u201d, dijo Trump a los reporteros. \u201cYo les dar\u00e9 una lista. Esa gente viv\u00eda con Jeffrey\u201d, a\u00f1adi\u00f3. Clinton ha reiterado que \u00e9l nunca visit\u00f3 ese lugar. S\u00ed constan m\u00faltiples ocasiones en los que, tambi\u00e9n antes del primer juicio, se mont\u00f3 en el jet privado de Epstein. <a title=\"https:\/\/elpais.com\/internacional\/2025-07-16\/el-intento-de-trump-de-atajar-la-rebelion-por-la-lista-epstein-enciende-aun-mas-al-movimiento-maga.html\" href=\"https:\/\/elpais.com\/internacional\/2025-07-16\/el-intento-de-trump-de-atajar-la-rebelion-por-la-lista-epstein-enciende-aun-mas-al-movimiento-maga.html\" target=\"_blank\" rel=\"noopener noreferrer\" data-link-track-dtm=\"\" data-mrf-link=\"https:\/\/elpais.com\/internacional\/2025-07-16\/el-intento-de-trump-de-atajar-la-rebelion-por-la-lista-epstein-enciende-aun-mas-al-movimiento-maga.html\">En cuanto a Summers, que fue secretario<\/a>\u00a0del Tesoro con Clinton, se reuni\u00f3 varias veces con el millonario pederasta para convencerle de donar a Harvard, pero nada prueba que supiera sobre su conducta delictiva. Summers ha declarado su arrepentimiento por esos encuentros.<\/p>\n<p class=\"\">Como casi todo en este caso, la reuni\u00f3n de Maxwell y Blanche fue tambi\u00e9n un asunto que gir\u00f3 en torno a los nombres: ella cit\u00f3 un centenar durante las cerca de nueve horas que dur\u00f3 la conversaci\u00f3n. No est\u00e1 claro si esos nombres eran de v\u00edctimas, de c\u00f3mplices de Epstein o de gente que, simplemente, ten\u00eda relaci\u00f3n con \u00e9l. Antes de la entrevista, el Departamento de Estado concedi\u00f3 una inmunidad parcial a Maxwell para que hablara con supuesta pero cuestionada libertad. <a title=\"https:\/\/elpais.com\/internacional\/2025-07-18\/la-fiscal-general-de-trump-visita-alcatraz-en-mitad-del-escandalo-epstein-valdria-para-encarcelar-ilegales.html\" href=\"https:\/\/elpais.com\/internacional\/2025-07-18\/la-fiscal-general-de-trump-visita-alcatraz-en-mitad-del-escandalo-epstein-valdria-para-encarcelar-ilegales.html\" target=\"_blank\" rel=\"noopener noreferrer\" data-link-track-dtm=\"\" data-mrf-link=\"https:\/\/elpais.com\/internacional\/2025-07-18\/la-fiscal-general-de-trump-visita-alcatraz-en-mitad-del-escandalo-epstein-valdria-para-encarcelar-ilegales.html\">Se trata de un procedimiento habitual en estos casos.<\/a><\/p>\n<p class=\"\">Y seg\u00fan su abogado, David Markus, eso fue precisamente lo que hizo: \u201cHa respondido a todas las preguntas [que le han hecho] honestamente, con la mayor sinceridad posible. Nunca dijo \u2018No voy a responder\u2019, nunca se neg\u00f3\u201d. Es com\u00fan que en estas entrevistas los interrogados se acojan a la Quinta Enmienda, que les permite guardar silencio para no que lo que digan no pueda ser usar en su contra&#8221;.<\/p>\n<p class=\"\">Sobre un posible indulto, Markus advirti\u00f3 a los periodistas a las puertas del palacio de justicia de Tallahassee: \u201cEsta no es una situaci\u00f3n en la que estemos pidiendo nada a cambio de su testimonio ni nada por el estilo. Por supuesto, todos saben que Maxwell agradecer\u00eda cualquier ayuda\u201d. \u201cA\u00fan no hemos hablado con el presidente ni con nadie sobre un perd\u00f3n\u201d, a\u00f1adi\u00f3. \u201cEl presidente dijo esta ma\u00f1ana que ten\u00eda la facultad para hacerlo. Esperamos que ejerza esa facultad de forma correcta y justa\u201d. La pregunta es: \u00bfPara quien?<\/p>\n","protected":false},"excerpt":{"rendered":"<p>&nbsp; &nbsp; &#8211; \u201cEstoy autorizado a hacerlo, pero no he pensado sobre ello\u201d, dijo Trump sobre el posible perd\u00f3n. El fiscal general adjunto habla por&hellip;<\/p>\n","protected":false},"author":99,"featured_media":534454,"comment_status":"open","ping_status":"open","sticky":false,"template":"","format":"standard","meta":{"footnotes":""},"categories":[24],"tags":[],"class_list":["post-534453","post","type-post","status-publish","format-standard","has-post-thumbnail","hentry","category-mundo"],"_links":{"self":[{"href":"https:\/\/diarioelpopular.com\/index.php\/wp-json\/wp\/v2\/posts\/534453","targetHints":{"allow":["GET"]}}],"collection":[{"href":"https:\/\/diarioelpopular.com\/index.php\/wp-json\/wp\/v2\/posts"}],"about":[{"href":"https:\/\/diarioelpopular.com\/index.php\/wp-json\/wp\/v2\/types\/post"}],"author":[{"embeddable":true,"href":"https:\/\/diarioelpopular.com\/index.php\/wp-json\/wp\/v2\/users\/99"}],"replies":[{"embeddable":true,"href":"https:\/\/diarioelpopular.com\/index.php\/wp-json\/wp\/v2\/comments?post=534453"}],"version-history":[{"count":1,"href":"https:\/\/diarioelpopular.com\/index.php\/wp-json\/wp\/v2\/posts\/534453\/revisions"}],"predecessor-version":[{"id":534455,"href":"https:\/\/diarioelpopular.com\/index.php\/wp-json\/wp\/v2\/posts\/534453\/revisions\/534455"}],"wp:featuredmedia":[{"embeddable":true,"href":"https:\/\/diarioelpopular.com\/index.php\/wp-json\/wp\/v2\/media\/534454"}],"wp:attachment":[{"href":"https:\/\/diarioelpopular.com\/index.php\/wp-json\/wp\/v2\/media?parent=534453"}],"wp:term":[{"taxonomy":"category","embeddable":true,"href":"https:\/\/diarioelpopular.com\/index.php\/wp-json\/wp\/v2\/categories?post=534453"},{"taxonomy":"post_tag","embeddable":true,"href":"https:\/\/diarioelpopular.com\/index.php\/wp-json\/wp\/v2\/tags?post=534453"}],"curies":[{"name":"wp","href":"https:\/\/api.w.org\/{rel}","templated":true}]}}