{"id":534463,"date":"2025-07-28T08:46:17","date_gmt":"2025-07-28T12:46:17","guid":{"rendered":"https:\/\/diarioelpopular.com\/?p=534463"},"modified":"2025-07-28T08:46:17","modified_gmt":"2025-07-28T12:46:17","slug":"cinco-tractocamiones-comerciales-robados-en-una-comunidad-al-norte-de-barrie","status":"publish","type":"post","link":"https:\/\/diarioelpopular.com\/index.php\/2025\/07\/28\/cinco-tractocamiones-comerciales-robados-en-una-comunidad-al-norte-de-barrie\/","title":{"rendered":"Cinco tractocamiones comerciales robados en una comunidad al norte de Barrie"},"content":{"rendered":"<div id=\"attachment_534464\" style=\"width: 646px\" class=\"wp-caption alignnone\"><img loading=\"lazy\" decoding=\"async\" aria-describedby=\"caption-attachment-534464\" class=\"wp-image-534464 size-custom-full-size\" src=\"https:\/\/diarioelpopular.com\/wp-content\/uploads\/2025\/07\/Screen-Shot-2025-07-28-at-8.44.31-AM-636x474.png\" alt=\"\" width=\"636\" height=\"474\" srcset=\"https:\/\/diarioelpopular.com\/wp-content\/uploads\/2025\/07\/Screen-Shot-2025-07-28-at-8.44.31-AM-636x474.png 636w, https:\/\/diarioelpopular.com\/wp-content\/uploads\/2025\/07\/Screen-Shot-2025-07-28-at-8.44.31-AM-300x223.png 300w, https:\/\/diarioelpopular.com\/wp-content\/uploads\/2025\/07\/Screen-Shot-2025-07-28-at-8.44.31-AM-768x572.png 768w, https:\/\/diarioelpopular.com\/wp-content\/uploads\/2025\/07\/Screen-Shot-2025-07-28-at-8.44.31-AM-98x73.png 98w, https:\/\/diarioelpopular.com\/wp-content\/uploads\/2025\/07\/Screen-Shot-2025-07-28-at-8.44.31-AM.png 846w\" sizes=\"auto, (max-width: 636px) 100vw, 636px\" \/><p id=\"caption-attachment-534464\" class=\"wp-caption-text\">Cinco camiones blancos, como el de la foto, pero sin litera, sin identificaci\u00f3n fueron robados de Midhurst, Ontario. Foto: Handout \/ Polic\u00eda Provincial de Ontario.<\/p><\/div>\n<p>&nbsp;<\/p>\n<ul>\n<li><em><strong>Los camiones robados\u00a0 fueron vistos por \u00faltima vez circulando hacia el sur por Barrie.<\/strong><\/em><\/li>\n<\/ul>\n<p>&nbsp;<\/p>\n<p>Cinco tractocamiones comerciales fueron robados en Midhurst, una peque\u00f1a comunidad al norte de Barrie.<\/p>\n<p>La Polic\u00eda Provincial de Ontario inform\u00f3 que el robo ocurri\u00f3 en la zona de County Rd. 27 y Bayfield St. alrededor de las 3:30 a. m.<\/p>\n<p>Los veh\u00edculos robados se describen como tractocamiones blancos sin distintivos, modelo Freightliner &#8220;Cascadia&#8221; 2024 o 2025, con cabinas sencilla.<\/p>\n<p>&#8220;Se cree que un veh\u00edculo gris, posiblemente un Honda Civic de modelo m\u00e1s reciente, tambi\u00e9n est\u00e1 relacionado con este asunto&#8221;, declar\u00f3 la OPP. &#8220;Todos los veh\u00edculos fueron vistos por \u00faltima vez circulando hacia el sur por Bayfield St., en la ciudad de Barrie, hacia la autopista 400&#8221;.<\/p>\n<p>Se insta a cualquier persona que tenga informaci\u00f3n o videos sobre este suceso que puedan ayudar a los investigadores a llamar a la OPP al 1-888-310-1122 o a Crime Stoppers de forma an\u00f3nima al 1-800-222-TIPS (8477).<\/p>\n","protected":false},"excerpt":{"rendered":"<p>&nbsp; Los camiones robados\u00a0 fueron vistos por \u00faltima vez circulando hacia el sur por Barrie. &nbsp; Cinco tractocamiones comerciales fueron robados en Midhurst, una peque\u00f1a&hellip;<\/p>\n","protected":false},"author":99,"featured_media":534464,"comment_status":"open","ping_status":"open","sticky":false,"template":"","format":"standard","meta":{"footnotes":""},"categories":[11364],"tags":[],"class_list":["post-534463","post","type-post","status-publish","format-standard","has-post-thumbnail","hentry","category-toronto-gta"],"_links":{"self":[{"href":"https:\/\/diarioelpopular.com\/index.php\/wp-json\/wp\/v2\/posts\/534463","targetHints":{"allow":["GET"]}}],"collection":[{"href":"https:\/\/diarioelpopular.com\/index.php\/wp-json\/wp\/v2\/posts"}],"about":[{"href":"https:\/\/diarioelpopular.com\/index.php\/wp-json\/wp\/v2\/types\/post"}],"author":[{"embeddable":true,"href":"https:\/\/diarioelpopular.com\/index.php\/wp-json\/wp\/v2\/users\/99"}],"replies":[{"embeddable":true,"href":"https:\/\/diarioelpopular.com\/index.php\/wp-json\/wp\/v2\/comments?post=534463"}],"version-history":[{"count":1,"href":"https:\/\/diarioelpopular.com\/index.php\/wp-json\/wp\/v2\/posts\/534463\/revisions"}],"predecessor-version":[{"id":534465,"href":"https:\/\/diarioelpopular.com\/index.php\/wp-json\/wp\/v2\/posts\/534463\/revisions\/534465"}],"wp:featuredmedia":[{"embeddable":true,"href":"https:\/\/diarioelpopular.com\/index.php\/wp-json\/wp\/v2\/media\/534464"}],"wp:attachment":[{"href":"https:\/\/diarioelpopular.com\/index.php\/wp-json\/wp\/v2\/media?parent=534463"}],"wp:term":[{"taxonomy":"category","embeddable":true,"href":"https:\/\/diarioelpopular.com\/index.php\/wp-json\/wp\/v2\/categories?post=534463"},{"taxonomy":"post_tag","embeddable":true,"href":"https:\/\/diarioelpopular.com\/index.php\/wp-json\/wp\/v2\/tags?post=534463"}],"curies":[{"name":"wp","href":"https:\/\/api.w.org\/{rel}","templated":true}]}}