{"id":534486,"date":"2025-07-28T09:36:20","date_gmt":"2025-07-28T13:36:20","guid":{"rendered":"https:\/\/diarioelpopular.com\/?p=534486"},"modified":"2025-07-28T09:36:20","modified_gmt":"2025-07-28T13:36:20","slug":"ultima-hora-del-juicio-contra-el-expresidente-alvaro-uribe-en-vivo-colombia-mide-el-impacto-de-una-condena-o-una-absolucion","status":"publish","type":"post","link":"https:\/\/diarioelpopular.com\/index.php\/2025\/07\/28\/ultima-hora-del-juicio-contra-el-expresidente-alvaro-uribe-en-vivo-colombia-mide-el-impacto-de-una-condena-o-una-absolucion\/","title":{"rendered":"\u00daltima hora del juicio contra el expresidente \u00c1lvaro Uribe, en vivo | Colombia mide el impacto de una condena o una absoluci\u00f3n"},"content":{"rendered":"<div id=\"attachment_534487\" style=\"width: 1210px\" class=\"wp-caption alignnone\"><img loading=\"lazy\" decoding=\"async\" aria-describedby=\"caption-attachment-534487\" class=\"wp-image-534487 size-custom-big-size\" src=\"https:\/\/diarioelpopular.com\/wp-content\/uploads\/2025\/07\/Screen-Shot-2025-07-28-at-9.35.37-AM-1200x758.png\" alt=\"\" width=\"1200\" height=\"758\" srcset=\"https:\/\/diarioelpopular.com\/wp-content\/uploads\/2025\/07\/Screen-Shot-2025-07-28-at-9.35.37-AM-1200x758.png 1200w, https:\/\/diarioelpopular.com\/wp-content\/uploads\/2025\/07\/Screen-Shot-2025-07-28-at-9.35.37-AM-300x190.png 300w, https:\/\/diarioelpopular.com\/wp-content\/uploads\/2025\/07\/Screen-Shot-2025-07-28-at-9.35.37-AM-768x485.png 768w, https:\/\/diarioelpopular.com\/wp-content\/uploads\/2025\/07\/Screen-Shot-2025-07-28-at-9.35.37-AM-85x55.png 85w, https:\/\/diarioelpopular.com\/wp-content\/uploads\/2025\/07\/Screen-Shot-2025-07-28-at-9.35.37-AM-636x402.png 636w, https:\/\/diarioelpopular.com\/wp-content\/uploads\/2025\/07\/Screen-Shot-2025-07-28-at-9.35.37-AM-116x73.png 116w, https:\/\/diarioelpopular.com\/wp-content\/uploads\/2025\/07\/Screen-Shot-2025-07-28-at-9.35.37-AM.png 1024w\" sizes=\"auto, (max-width: 1200px) 100vw, 1200px\" \/><p id=\"caption-attachment-534487\" class=\"wp-caption-text\">El expresidente de Colombia \u00c1lvaro Uribe, en agosto de 2023.\u00a0 Foto Sebastian Barros (Getty Images)<\/p><\/div>\n<p>&nbsp;<\/p>\n<p>&nbsp;<\/p>\n<h4 class=\"a_st\"><em>&#8211; El exmandatario colombiano enfrenta cargos por soborno a testigos y fraude procesal. El caso pas\u00f3 por un laberinto jur\u00eddico y pol\u00edtico desde 2012<\/em><\/h4>\n<p>&nbsp;<\/p>\n<p class=\"\">El juicio contra el expresidente colombiano \u00c1lvaro Uribe (2002-2010) ha llegado a su fin. La Fiscal\u00eda se\u00f1ala al pol\u00edtico de 73 a\u00f1os de soborno a testigos y de fraude procesal. El veredicto de este lunes, que se conocer\u00e1 a partir de las 8.30 (hora Colombia) y que tomar\u00e1 la jueza Sandra Heredia, concluye un largo laberinto jur\u00eddico y pol\u00edtico que inici\u00f3 en 2012, cuando el exmandatario fue acusado de tener v\u00ednculos con el paramilitarismo. La decisi\u00f3n tendr\u00e1 grandes implicaciones pol\u00edticas en Colombia. Es la primera vez que un expresidente se sienta en el banquillo de los acusados en un juicio penal.<\/p>\n<div id=\"les\">\n<div class=\"stream-panel\"><\/div>\n<div id=\"les_messages\">\n<div id=\"81e5a4d81a7f307196d76757a60ab6f4\" class=\"stream-ev-wr\">\n<div id=\"cd53be08e049329cadcf9b4d6a45e715\" class=\"ev-unit ev-unit-news ev-opinion\" data-les-card=\"news\" data-sort-time=\"1753707948000\" data-update-time=\"1753707948000\" data-is-key-card=\"false\">\n<div class=\"ev-au ev-au-single\">\n<div class=\"ev-au-text\"><\/div>\n<\/div>\n<div class=\"ev-me-ct\">\n<figure><a href=\"https:\/\/elpais.com\/america-colombia\/2025-07-27\/el-bloque-metro-una-sombra-para-la-familia-uribe.html\" target=\"_blank\" rel=\"noopener\" data-link-track-dtm=\"\" data-mrf-link=\"https:\/\/elpais.com\/america-colombia\/2025-07-27\/el-bloque-metro-una-sombra-para-la-familia-uribe.html\"><img loading=\"lazy\" decoding=\"async\" src=\"https:\/\/imagenes.elpais.com\/resizer\/v2\/BNLYQXKNFZHUDLI2WLQZBY7AAA.jpg?auth=bae03fa22c33b86ae6b39244fb78b29be9177bf56744c2fd7d39be80c0939e1e&amp;width=414\" alt=\"El Bloque Metro, una sombra para la familia Uribe\" width=\"414\" height=\"277\" \/><\/a><\/figure>\n<\/div>\n<div class=\"ev-main\">\n<div class=\"ev-text\">\n<div class=\"ev-authorship\"><\/div>\n<\/div>\n<\/div>\n<div class=\"ev-main\">\n<div class=\"ev-text\">\n<p>Andr\u00e9s Celis, quien fue investigador de la Comisi\u00f3n de la Verdad, record\u00f3 en su columna este fin de semana que, si bien este juicio es sobre si el presidente soborn\u00f3 o no a falsos testigos, la pregunta de fondo es qu\u00e9 era lo que dec\u00edan esos testigos. Juan Guillermo Monsalve, exparamilitar que es el testigo central en el caso judicial, ha se\u00f1alado al expresidente y su familia de estar entre los responsables de la creaci\u00f3n del grupo paramilitar Bloque Metro, en el departamento de Antioquia. &#8221; para combatir a los guerrilleros y secuestradores.<\/p>\n<p>La sentencia determinar\u00e1 si el expresidente soborn\u00f3 o no testigos, pero el curso de la historia judicial sobre los financiadores y el origen del Bloque Metro estar\u00e1 por develarse cuando la justicia responda si todo lo que ha contado Monsalve es parte de la verdad que a\u00fan sigue exigiendo el pa\u00eds&#8221;, escribe Celis.<\/p>\n<\/div>\n<div class=\"caption\"><\/div>\n<\/div>\n<\/div>\n<div id=\"3ff98b3ed4583f26af086c3614b4c3ba\" class=\"ev-unit ev-unit-news ev-informacion\" data-les-card=\"news\" data-sort-time=\"1753706801000\" data-update-time=\"1753706801000\" data-is-key-card=\"false\">\n<div class=\"ev-me-ct\">\n<figure><a href=\"https:\/\/elpais.com\/america-colombia\/2025-07-27\/la-condena-o-absolucion-en-el-juicio-de-alvaro-uribe-marca-el-rumbo-de-la-politica-en-colombia.html\" target=\"_blank\" rel=\"noopener\" data-link-track-dtm=\"\" data-mrf-link=\"https:\/\/elpais.com\/america-colombia\/2025-07-27\/la-condena-o-absolucion-en-el-juicio-de-alvaro-uribe-marca-el-rumbo-de-la-politica-en-colombia.html\"><img loading=\"lazy\" decoding=\"async\" src=\"https:\/\/imagenes.elpais.com\/resizer\/v2\/Y2OCU2ASIFHDVKS7WVI4W6DN4M.jpg?auth=11074ef39c7ac115e7f9e9f5f24216f868c46dc9863e19de4abb2406bbc4c63c&amp;width=414\" alt=\"La condena o absoluci\u00f3n en el juicio de \u00c1lvaro Uribe marca el rumbo de la pol\u00edtica en Colombia\" width=\"414\" height=\"276\" \/><\/a><\/figure>\n<\/div>\n<div class=\"ev-main\">\n<div class=\"ev-text\">\n<div class=\"ev-authorship\"><\/div>\n<\/div>\n<\/div>\n<div class=\"ev-main\">\n<div class=\"ev-text\">\n<p>La decisi\u00f3n que tome una juez en Bogot\u00e1 en el juicio contra el expresidente \u00c1lvaro Uribe V\u00e9lez ser\u00e1 importante no solo jur\u00eddicamente sino pol\u00edticamente para Colombia, ya que el pa\u00eds est\u00e1 a menos de un a\u00f1o de las elecciones legislativas (en marzo del 2026), y presidenciales (en mayo del mismo a\u00f1o).<\/p>\n<p>El partido del expresidente viene debilitado desde las elecciones del 2022, tras la baja popularidad de un pupilo de Uribe, el expresidente Iv\u00e1n Duque, que gobern\u00f3 del 2018 al 2022. Recientemente, en junio, la colectividad fue v\u00edctima de violencia pol\u00edtica, tras un atentado en la capital contra el senador Miguel Uribe Turbay, quien lideraba las encuestas en el partido, y quien sigue en proceso de recuperaci\u00f3n tras un disparo en su cr\u00e1neo.<\/p>\n<p>Si \u00c1lvaro Uribe es condenado, varios consideran que eso har\u00eda a\u00fan m\u00e1s dif\u00edcil la campa\u00f1a al partido golpeado por varios frentes. Otros, que el uribismo buscar\u00e1 fortalecerse alegando que se trat\u00f3 de un juicio pol\u00edtico, o\u00a0<em>lawfare.<\/em><\/p>\n<p>Una duda que hay es si el senador de izquierdas Iv\u00e1n Cepeda, que llev\u00f3 a Uribe al banquillo, se lanzar\u00e1 como candidato presidencial en caso de que a su enemigo pol\u00edtico se le condene. Una absoluci\u00f3n, por otro lado, podr\u00eda fortalecer al uribismo de cara al 2026, alegando que todo fue un juicio pol\u00edtico pero el presidente m\u00e1s popular de la historia salir ileso.<\/p>\n<\/div>\n<\/div>\n<\/div>\n<div id=\"2dc3fa25913336f59fe4af54d580a21a\" class=\"ev-unit ev-unit-news ev-informacion\" data-les-card=\"news\" data-sort-time=\"1753706294000\" data-update-time=\"1753706294000\" data-is-key-card=\"false\">\n<div class=\"ev-main\">\n<div class=\"ev-text\">\n<p>El pol\u00edtico de 73 a\u00f1os, l\u00edder natural de la derecha nacional en las \u00faltimas dos d\u00e9cadas, se ha convertido en el primer exmandatario colombiano en estar sentado en el banquillo de los acusados en un proceso penal. Estos son los hitos y las fechas clave de un caso que comenz\u00f3 hace m\u00e1s de 10 a\u00f1os y que ha marcado la agenda pol\u00edtica y judicial del pa\u00eds.<\/p>\n<\/div>\n<\/div>\n<\/div>\n<\/div>\n<\/div>\n<\/div>\n","protected":false},"excerpt":{"rendered":"<p>&nbsp; &nbsp; &#8211; El exmandatario colombiano enfrenta cargos por soborno a testigos y fraude procesal. El caso pas\u00f3 por un laberinto jur\u00eddico y pol\u00edtico desde&hellip;<\/p>\n","protected":false},"author":99,"featured_media":534487,"comment_status":"open","ping_status":"open","sticky":false,"template":"","format":"standard","meta":{"footnotes":""},"categories":[23],"tags":[],"class_list":["post-534486","post","type-post","status-publish","format-standard","has-post-thumbnail","hentry","category-latinoamerica"],"_links":{"self":[{"href":"https:\/\/diarioelpopular.com\/index.php\/wp-json\/wp\/v2\/posts\/534486","targetHints":{"allow":["GET"]}}],"collection":[{"href":"https:\/\/diarioelpopular.com\/index.php\/wp-json\/wp\/v2\/posts"}],"about":[{"href":"https:\/\/diarioelpopular.com\/index.php\/wp-json\/wp\/v2\/types\/post"}],"author":[{"embeddable":true,"href":"https:\/\/diarioelpopular.com\/index.php\/wp-json\/wp\/v2\/users\/99"}],"replies":[{"embeddable":true,"href":"https:\/\/diarioelpopular.com\/index.php\/wp-json\/wp\/v2\/comments?post=534486"}],"version-history":[{"count":1,"href":"https:\/\/diarioelpopular.com\/index.php\/wp-json\/wp\/v2\/posts\/534486\/revisions"}],"predecessor-version":[{"id":534488,"href":"https:\/\/diarioelpopular.com\/index.php\/wp-json\/wp\/v2\/posts\/534486\/revisions\/534488"}],"wp:featuredmedia":[{"embeddable":true,"href":"https:\/\/diarioelpopular.com\/index.php\/wp-json\/wp\/v2\/media\/534487"}],"wp:attachment":[{"href":"https:\/\/diarioelpopular.com\/index.php\/wp-json\/wp\/v2\/media?parent=534486"}],"wp:term":[{"taxonomy":"category","embeddable":true,"href":"https:\/\/diarioelpopular.com\/index.php\/wp-json\/wp\/v2\/categories?post=534486"},{"taxonomy":"post_tag","embeddable":true,"href":"https:\/\/diarioelpopular.com\/index.php\/wp-json\/wp\/v2\/tags?post=534486"}],"curies":[{"name":"wp","href":"https:\/\/api.w.org\/{rel}","templated":true}]}}