{"id":534555,"date":"2025-07-30T11:13:40","date_gmt":"2025-07-30T15:13:40","guid":{"rendered":"https:\/\/diarioelpopular.com\/?p=534555"},"modified":"2025-07-30T11:13:40","modified_gmt":"2025-07-30T15:13:40","slug":"la-lucha-de-200-000-menores-migrantes-que-sufrieron-abusos-y-que-trump-miserablemente-ha-puesto-en-la-fila-de-la-deportacion","status":"publish","type":"post","link":"https:\/\/diarioelpopular.com\/index.php\/2025\/07\/30\/la-lucha-de-200-000-menores-migrantes-que-sufrieron-abusos-y-que-trump-miserablemente-ha-puesto-en-la-fila-de-la-deportacion\/","title":{"rendered":"La lucha de 200.000 menores migrantes que sufrieron abusos y que Trump, miserablemente  ha puesto en la fila de la deportaci\u00f3n"},"content":{"rendered":"<div id=\"attachment_534556\" style=\"width: 1210px\" class=\"wp-caption alignnone\"><img loading=\"lazy\" decoding=\"async\" aria-describedby=\"caption-attachment-534556\" class=\"wp-image-534556 size-custom-big-size\" src=\"https:\/\/diarioelpopular.com\/wp-content\/uploads\/2025\/07\/Screen-Shot-2025-07-30-at-11.12.57-AM-1200x858.png\" alt=\"\" width=\"1200\" height=\"858\" srcset=\"https:\/\/diarioelpopular.com\/wp-content\/uploads\/2025\/07\/Screen-Shot-2025-07-30-at-11.12.57-AM-1200x858.png 1200w, https:\/\/diarioelpopular.com\/wp-content\/uploads\/2025\/07\/Screen-Shot-2025-07-30-at-11.12.57-AM-300x214.png 300w, https:\/\/diarioelpopular.com\/wp-content\/uploads\/2025\/07\/Screen-Shot-2025-07-30-at-11.12.57-AM-768x549.png 768w, https:\/\/diarioelpopular.com\/wp-content\/uploads\/2025\/07\/Screen-Shot-2025-07-30-at-11.12.57-AM-636x455.png 636w, https:\/\/diarioelpopular.com\/wp-content\/uploads\/2025\/07\/Screen-Shot-2025-07-30-at-11.12.57-AM-102x73.png 102w, https:\/\/diarioelpopular.com\/wp-content\/uploads\/2025\/07\/Screen-Shot-2025-07-30-at-11.12.57-AM.png 1024w\" sizes=\"auto, (max-width: 1200px) 100vw, 1200px\" \/><p id=\"caption-attachment-534556\" class=\"wp-caption-text\">Una ni\u00f1a migrante juega en una guarder\u00eda de Texas, en agosto de 2019. Jabin Botsford (Getty Images)<\/p><\/div>\n<p>&nbsp;<\/p>\n<p>&nbsp;<\/p>\n<h4 class=\"a_st\"><em>&#8211;\u00a0 J\u00f3venes afectados por la eliminaci\u00f3n de la acci\u00f3n diferida que les permit\u00eda residir y trabajar hasta conseguir un estatus permanente demandan al Gobierno de Estados Unidos<\/em><\/h4>\n<p>&nbsp;<\/p>\n<p class=\"\">En medio de la campa\u00f1a de deportaciones masivas de Donald Trump, los tent\u00e1culos del Gobierno de Estados Unidos van introduci\u00e9ndose en\u00a0<a title=\"https:\/\/elpais.com\/us\/migracion\/2025-07-29\/la-politica-migratoria-de-trump-sacude-al-sector-de-atencion-a-adultos-mayores-perder-a-estos-cuidadores-es-un-golpe-profundo.html\" href=\"https:\/\/elpais.com\/us\/migracion\/2025-07-29\/la-politica-migratoria-de-trump-sacude-al-sector-de-atencion-a-adultos-mayores-perder-a-estos-cuidadores-es-un-golpe-profundo.html\" target=\"_self\" rel=\"\" data-link-track-dtm=\"\" data-mrf-link=\"https:\/\/elpais.com\/us\/migracion\/2025-07-29\/la-politica-migratoria-de-trump-sacude-al-sector-de-atencion-a-adultos-mayores-perder-a-estos-cuidadores-es-un-golpe-profundo.html\">todos los sectores de la comunidad migrante.<\/a><\/p>\n<p class=\"\">Uno de los \u00faltimos grupos alcanzados es el de los ni\u00f1os y j\u00f3venes indocumentados que han sufrido abuso o negligencia por parte de uno de sus progenitores y que contaban hasta ahora con una protecci\u00f3n para permanecer en el pa\u00eds que el Gobierno de Donald Trump ha eliminado. A partir de junio, casi 200.000 afectados se han quedado oficialmente sin la acci\u00f3n diferida que garantizaba que, mientras esperaban la residencia permanente, evitaba su expulsi\u00f3n.<\/p>\n<p class=\"\">Nueve afectados y dos organizaciones de defensa de los migrantes, Carecen (Centro de Refugiados de Centroam\u00e9rica) y Centro Legal de la Raza,\u00a0<a title=\"https:\/\/nipnlg.org\/sites\/default\/files\/2025-07\/complaint-acr_noem.pdf\" href=\"https:\/\/nipnlg.org\/sites\/default\/files\/2025-07\/complaint-acr_noem.pdf\" target=\"_blank\" rel=\"noopener\" data-link-track-dtm=\"\" data-mrf-link=\"https:\/\/nipnlg.org\/sites\/default\/files\/2025-07\/complaint-acr_noem.pdf\">presentaron una demanda<\/a>\u00a0el pasado 17 de julio contra al Departamento de Seguridad Nacional para recuperar la protecci\u00f3n que se les ha retirado.<\/p>\n<p class=\"\">\u201cEl Gobierno no puede simplemente retirar la acci\u00f3n diferida sin brindar al p\u00fablico la oportunidad de comentarlo y tambi\u00e9n una explicaci\u00f3n razonable de por qu\u00e9 era necesario ese cambio de pol\u00edtica y c\u00f3mo afectar\u00e1 a quienes se apoyaban en esa protecci\u00f3n.<\/p>\n<p class=\"\">La demanda trata sobre la necesidad de justificarlo, y el Gobierno no lo hizo. Solicitamos al tribunal que impida que el Gobierno revierta esa pol\u00edtica.\u201d, explica Natalie Kraner, directora jur\u00eddica del Centro Lowenstein para el Inter\u00e9s P\u00fablico, que representa a los demandantes.<\/p>\n<p class=\"\">Los menores de 21 a\u00f1os que han sufrido abuso, abandono o negligencia por parte de sus padres pueden obtener el Estatus Especial de Inmigrante Juvenil (SIJS, por sus siglas en ingl\u00e9s), que les abre un camino para conseguir la tarjeta verde, es decir, la residencia permanente. Esta protecci\u00f3n fue creada por el Congreso en 1990 para brindar a un grupo muy particular de j\u00f3venes muy vulnerables una v\u00eda para obtener protecci\u00f3n legal. En la pr\u00e1ctica, se ha gestionado como una visa de trabajo y, debido a la cantidad de peticiones que lo solicitan y que hay un n\u00famero tope de permisos que se pueden conceder en cada ejercicio, el proceso puede demorar a\u00f1os.<\/p>\n<p class=\"\">Para evitar que en ese plazo<a title=\"https:\/\/elpais.com\/us\/migracion\/2025-07-11\/estados-unidos-rompe-su-record-de-vuelos-de-deportacion-en-junio-tras-registrar-el-primer-aumento-importante-de-la-era-trump.html\" href=\"https:\/\/elpais.com\/us\/migracion\/2025-07-11\/estados-unidos-rompe-su-record-de-vuelos-de-deportacion-en-junio-tras-registrar-el-primer-aumento-importante-de-la-era-trump.html\" target=\"_self\" rel=\"\" data-link-track-dtm=\"\" data-mrf-link=\"https:\/\/elpais.com\/us\/migracion\/2025-07-11\/estados-unidos-rompe-su-record-de-vuelos-de-deportacion-en-junio-tras-registrar-el-primer-aumento-importante-de-la-era-trump.html\">\u00a0pudieran ser deportados,\u00a0<\/a>el Gobierno de Joe Biden aprob\u00f3 en 2022 la acci\u00f3n diferida para los beneficiarios del SIJS, lo que les permit\u00eda trabajar legalmente en Estados Unidos y evitar su expulsi\u00f3n hasta que pudieran ajustar su estatus.<\/p>\n<p class=\"\">Siguiendo la t\u00f3nica de\u00a0<a title=\"https:\/\/elpais.com\/economia\/2025-07-25\/la-administracion-de-trump-aprueba-la-fusion-entre-paramount-y-skydance-tras-el-despido-de-colbert-y-el-pago-de-16-millones-de-la-cbs.html\" href=\"https:\/\/elpais.com\/economia\/2025-07-25\/la-administracion-de-trump-aprueba-la-fusion-entre-paramount-y-skydance-tras-el-despido-de-colbert-y-el-pago-de-16-millones-de-la-cbs.html\" target=\"_self\" rel=\"\" data-link-track-dtm=\"\" data-mrf-link=\"https:\/\/elpais.com\/economia\/2025-07-25\/la-administracion-de-trump-aprueba-la-fusion-entre-paramount-y-skydance-tras-el-despido-de-colbert-y-el-pago-de-16-millones-de-la-cbs.html\">la actual Administraci\u00f3n<\/a>, que ha ido eliminado cada medida adoptada por el Gobierno anterior para proteger a los migrantes, Trump ha puesto fin a esta acci\u00f3n diferida, dejando a los j\u00f3venes susceptibles de ser enviados de vuelta a los pa\u00edses donde sufrieron maltrato.<\/p>\n<p class=\"\">\u201cSin la acci\u00f3n diferida, el Gobierno asume que puede deportarlos, a pesar de que ya les ha otorgado el SIJS. Su posici\u00f3n es que puede expulsarlos porque el tiempo de espera para conseguir una tarjeta verde es demasiado largo. Hasta que la consigan, est\u00e1n en tierra de nadie, y sin la acci\u00f3n diferida son vulnerables a la deportaci\u00f3n y a otros perjuicios, como la explotaci\u00f3n laboral, ya que<a title=\"https:\/\/elpais.com\/us\/migracion\/2025-04-10\/sin-parole-y-sin-trabajo-de-la-noche-a-la-manana-no-se-como-voy-a-sobrevivir.html\" href=\"https:\/\/elpais.com\/us\/migracion\/2025-04-10\/sin-parole-y-sin-trabajo-de-la-noche-a-la-manana-no-se-como-voy-a-sobrevivir.html\" target=\"_self\" rel=\"\" data-link-track-dtm=\"\" data-mrf-link=\"https:\/\/elpais.com\/us\/migracion\/2025-04-10\/sin-parole-y-sin-trabajo-de-la-noche-a-la-manana-no-se-como-voy-a-sobrevivir.html\">\u00a0carecen de un permiso de trabajo<\/a>\u201d, explica Rachel Davidson, directora de la Coalici\u00f3n para Poner Fin al Atraso en el SIJS, de la organizaci\u00f3n Proyecto Nacional de Inmigraci\u00f3n.<\/p>\n<p class=\"\">La retirada de la acci\u00f3n diferida que les proteg\u00eda se hizo en silencio. Los demandantes estiman que el\u00a0<a title=\"https:\/\/elpais.com\/us\/2025-01-29\/como-solicitar-la-green-card-en-2025-lo-que-hay-que-saber.html\" href=\"https:\/\/elpais.com\/us\/2025-01-29\/como-solicitar-la-green-card-en-2025-lo-que-hay-que-saber.html\" target=\"_self\" rel=\"\" data-link-track-dtm=\"\" data-mrf-link=\"https:\/\/elpais.com\/us\/2025-01-29\/como-solicitar-la-green-card-en-2025-lo-que-hay-que-saber.html\">Servicio de Ciudadan\u00eda e Inmigraci\u00f3n de Estados Unidos (USCIS)<\/a>\u00a0dej\u00f3 de pronunciarse sobre las peticiones de acci\u00f3n diferida el 7 de abril, pero no fue hasta el 6 de junio que la Administraci\u00f3n public\u00f3 su cancelaci\u00f3n. Durante dos meses su eliminaci\u00f3n era efectiva, pero no admitida p\u00fablicamente.<\/p>\n<h3 class=\"\">Senadores exigen respuestas<\/h3>\n<p class=\"\">El mes pasado,\u00a0<a title=\"https:\/\/www.cortezmasto.senate.gov\/wp-content\/uploads\/2025\/06\/Letter-to-DHS-re-SIJS-Final-6.5.25.pdf\" href=\"https:\/\/www.cortezmasto.senate.gov\/wp-content\/uploads\/2025\/06\/Letter-to-DHS-re-SIJS-Final-6.5.25.pdf\" target=\"_blank\" rel=\"noopener\" data-link-track-dtm=\"\" data-mrf-link=\"https:\/\/www.cortezmasto.senate.gov\/wp-content\/uploads\/2025\/06\/Letter-to-DHS-re-SIJS-Final-6.5.25.pdf\">19 legisladores enviaron una carta<\/a>\u00a0a la Secretaria de Seguridad Nacional, Kristi Noem, pidiendo aclaraciones sobre el cambio de pol\u00edtica, citando preocupaciones debido a \u201cinformes de profesionales sobre un aumento en los casos de detenci\u00f3n y deportaci\u00f3n de beneficiarios del SIJS, con el ICE actuando para despojar a los j\u00f3venes SIJS de la acci\u00f3n diferida tras su detenci\u00f3n\u201d. \u201cSalvo otras circunstancias, solicitar la deportaci\u00f3n de los j\u00f3venes SIJS que esperan la disponibilidad de visas contraviene directamente la intenci\u00f3n del Congreso para el programa\u201d, dec\u00eda la carta, firmada, entre otros, por los senadores latinos Catherine Cortez Masto (Nevada) y Alex Padilla (California).<\/p>\n<p class=\"\">La acci\u00f3n diferida dura por cuatro a\u00f1os y los primeros que lo solicitaron, en 2022, tendr\u00edan que renovarla, por primera vez, en 2026. Los tr\u00e1mites se deben empezar con seis meses de antelaci\u00f3n. El 13 de agosto est\u00e1 prevista la primera audiencia sobre la demanda. La defensa quiere que, mientras se decide la demanda, se regrese a la situaci\u00f3n que hab\u00eda antes del 7 de abril, garantizando que los j\u00f3venes est\u00e1n protegidos de la deportaci\u00f3n.<\/p>\n<p class=\"\">\u201cEl temor principal de todos nuestros demandantes individuales es el miedo a ser devueltos a un lugar donde no tienen a nadie que los cuide, donde sufrieron abuso, abandono o negligencia y donde est\u00e1n esencialmente solos. Vinieron aqu\u00ed buscando esta protecci\u00f3n\u201d, apunta Rachel Davidson.<\/p>\n<p class=\"\">Conseguir el estatus de SIJS no es tarea f\u00e1cil y las v\u00edctimas de abuso requieren de abogados \u2014que no proporciona el Gobierno federal\u2014 para defender sus casos. Las organizaciones que los representan se quejan de las crecientes dificultades que enfrentan para defender a sus clientes.<\/p>\n<p class=\"\">\u201cLas necesidades y objetivos de nuestros j\u00f3venes clientes son claros: protecci\u00f3n contra el abuso y la negligencia que sufrieron en sus pa\u00edses de origen y la oportunidad de contribuir a sus comunidades a trav\u00e9s de la educaci\u00f3n y el trabajo\u201d, afirma<b>\u00a0<\/b>Isaac Flegel-Mishlove, abogado s\u00e9nior del Centro Legal de la Raza. \u201cLa reciente eliminaci\u00f3n de estas opciones legales para los j\u00f3venes de SIJS ya est\u00e1 socavando nuestra misi\u00f3n y deber de representar a nuestros clientes en la b\u00fasqueda de estatus legal, seguridad y oportunidades. Cada d\u00eda, desde que se eliminaron las protecciones para los j\u00f3venes vulnerables, hemos tenido que tomar decisiones imposibles, dici\u00e9ndoles cada vez m\u00e1s clientes que cada vez podemos hacer menos\u201d.<\/p>\n","protected":false},"excerpt":{"rendered":"<p>&nbsp; &nbsp; &#8211;\u00a0 J\u00f3venes afectados por la eliminaci\u00f3n de la acci\u00f3n diferida que les permit\u00eda residir y trabajar hasta conseguir un estatus permanente demandan al&hellip;<\/p>\n","protected":false},"author":99,"featured_media":534556,"comment_status":"open","ping_status":"open","sticky":false,"template":"","format":"standard","meta":{"footnotes":""},"categories":[24],"tags":[],"class_list":["post-534555","post","type-post","status-publish","format-standard","has-post-thumbnail","hentry","category-mundo"],"_links":{"self":[{"href":"https:\/\/diarioelpopular.com\/index.php\/wp-json\/wp\/v2\/posts\/534555","targetHints":{"allow":["GET"]}}],"collection":[{"href":"https:\/\/diarioelpopular.com\/index.php\/wp-json\/wp\/v2\/posts"}],"about":[{"href":"https:\/\/diarioelpopular.com\/index.php\/wp-json\/wp\/v2\/types\/post"}],"author":[{"embeddable":true,"href":"https:\/\/diarioelpopular.com\/index.php\/wp-json\/wp\/v2\/users\/99"}],"replies":[{"embeddable":true,"href":"https:\/\/diarioelpopular.com\/index.php\/wp-json\/wp\/v2\/comments?post=534555"}],"version-history":[{"count":1,"href":"https:\/\/diarioelpopular.com\/index.php\/wp-json\/wp\/v2\/posts\/534555\/revisions"}],"predecessor-version":[{"id":534557,"href":"https:\/\/diarioelpopular.com\/index.php\/wp-json\/wp\/v2\/posts\/534555\/revisions\/534557"}],"wp:featuredmedia":[{"embeddable":true,"href":"https:\/\/diarioelpopular.com\/index.php\/wp-json\/wp\/v2\/media\/534556"}],"wp:attachment":[{"href":"https:\/\/diarioelpopular.com\/index.php\/wp-json\/wp\/v2\/media?parent=534555"}],"wp:term":[{"taxonomy":"category","embeddable":true,"href":"https:\/\/diarioelpopular.com\/index.php\/wp-json\/wp\/v2\/categories?post=534555"},{"taxonomy":"post_tag","embeddable":true,"href":"https:\/\/diarioelpopular.com\/index.php\/wp-json\/wp\/v2\/tags?post=534555"}],"curies":[{"name":"wp","href":"https:\/\/api.w.org\/{rel}","templated":true}]}}