{"id":534577,"date":"2025-07-31T09:35:26","date_gmt":"2025-07-31T13:35:26","guid":{"rendered":"https:\/\/diarioelpopular.com\/?p=534577"},"modified":"2025-07-31T09:35:26","modified_gmt":"2025-07-31T13:35:26","slug":"propietario-de-una-vivienda-en-brampton-recibio-un-disparo-por-la-espalda-durante-allanamiento","status":"publish","type":"post","link":"https:\/\/diarioelpopular.com\/index.php\/2025\/07\/31\/propietario-de-una-vivienda-en-brampton-recibio-un-disparo-por-la-espalda-durante-allanamiento\/","title":{"rendered":"Propietario de una vivienda en Brampton recibi\u00f3 un disparo por la espalda durante allanamiento"},"content":{"rendered":"<p><img loading=\"lazy\" decoding=\"async\" class=\"alignnone size-custom-full-size wp-image-534578\" src=\"https:\/\/diarioelpopular.com\/wp-content\/uploads\/2025\/07\/Screen-Shot-2025-07-31-at-9.34.54-AM-636x353.png\" alt=\"\" width=\"636\" height=\"353\" srcset=\"https:\/\/diarioelpopular.com\/wp-content\/uploads\/2025\/07\/Screen-Shot-2025-07-31-at-9.34.54-AM-636x353.png 636w, https:\/\/diarioelpopular.com\/wp-content\/uploads\/2025\/07\/Screen-Shot-2025-07-31-at-9.34.54-AM-300x167.png 300w, https:\/\/diarioelpopular.com\/wp-content\/uploads\/2025\/07\/Screen-Shot-2025-07-31-at-9.34.54-AM-768x427.png 768w, https:\/\/diarioelpopular.com\/wp-content\/uploads\/2025\/07\/Screen-Shot-2025-07-31-at-9.34.54-AM-131x73.png 131w, https:\/\/diarioelpopular.com\/wp-content\/uploads\/2025\/07\/Screen-Shot-2025-07-31-at-9.34.54-AM.png 864w\" sizes=\"auto, (max-width: 636px) 100vw, 636px\" \/><\/p>\n<p>&nbsp;<\/p>\n<ul>\n<li><em><strong>Un propietario de una vivienda en Brampton fue trasladado a un centro de traumatolog\u00eda el jueves tras recibir un disparo por la espalda durante un allanamiento, seg\u00fan las autoridades.<\/strong><\/em><\/li>\n<\/ul>\n<p>&nbsp;<\/p>\n<p>Seg\u00fan la Polic\u00eda Regional de Peel, el incidente ocurri\u00f3 aproximadamente a las 00:30 h cerca de Springview Drive y Silkwood Crescent, justo al este de McLaughlin Road.<\/p>\n<p>Los investigadores creen que dos sospechosos desconocidos irrumpieron en la residencia de la v\u00edctima. Al llegar los agentes al lugar, localizaron al propietario con una herida de bala.<\/p>\n<p>Fue trasladado a un centro de traumatolog\u00eda con lesiones que no ponen en peligro su vida y se encuentra estable.<\/p>\n<p>Hasta el momento, la polic\u00eda no ha realizado arrestos. Afirman que la investigaci\u00f3n est\u00e1 en curso.<\/p>\n","protected":false},"excerpt":{"rendered":"<p>&nbsp; Un propietario de una vivienda en Brampton fue trasladado a un centro de traumatolog\u00eda el jueves tras recibir un disparo por la espalda durante&hellip;<\/p>\n","protected":false},"author":99,"featured_media":534578,"comment_status":"open","ping_status":"open","sticky":false,"template":"","format":"standard","meta":{"footnotes":""},"categories":[11364],"tags":[],"class_list":["post-534577","post","type-post","status-publish","format-standard","has-post-thumbnail","hentry","category-toronto-gta"],"_links":{"self":[{"href":"https:\/\/diarioelpopular.com\/index.php\/wp-json\/wp\/v2\/posts\/534577","targetHints":{"allow":["GET"]}}],"collection":[{"href":"https:\/\/diarioelpopular.com\/index.php\/wp-json\/wp\/v2\/posts"}],"about":[{"href":"https:\/\/diarioelpopular.com\/index.php\/wp-json\/wp\/v2\/types\/post"}],"author":[{"embeddable":true,"href":"https:\/\/diarioelpopular.com\/index.php\/wp-json\/wp\/v2\/users\/99"}],"replies":[{"embeddable":true,"href":"https:\/\/diarioelpopular.com\/index.php\/wp-json\/wp\/v2\/comments?post=534577"}],"version-history":[{"count":1,"href":"https:\/\/diarioelpopular.com\/index.php\/wp-json\/wp\/v2\/posts\/534577\/revisions"}],"predecessor-version":[{"id":534579,"href":"https:\/\/diarioelpopular.com\/index.php\/wp-json\/wp\/v2\/posts\/534577\/revisions\/534579"}],"wp:featuredmedia":[{"embeddable":true,"href":"https:\/\/diarioelpopular.com\/index.php\/wp-json\/wp\/v2\/media\/534578"}],"wp:attachment":[{"href":"https:\/\/diarioelpopular.com\/index.php\/wp-json\/wp\/v2\/media?parent=534577"}],"wp:term":[{"taxonomy":"category","embeddable":true,"href":"https:\/\/diarioelpopular.com\/index.php\/wp-json\/wp\/v2\/categories?post=534577"},{"taxonomy":"post_tag","embeddable":true,"href":"https:\/\/diarioelpopular.com\/index.php\/wp-json\/wp\/v2\/tags?post=534577"}],"curies":[{"name":"wp","href":"https:\/\/api.w.org\/{rel}","templated":true}]}}