{"id":534605,"date":"2025-08-01T09:53:33","date_gmt":"2025-08-01T13:53:33","guid":{"rendered":"https:\/\/diarioelpopular.com\/?p=534605"},"modified":"2025-08-01T09:53:33","modified_gmt":"2025-08-01T13:53:33","slug":"sujeto-de-26-anos-acusado-de-accidente-mortal-de-varios-vehiculos-en-la-autopista-gardiner","status":"publish","type":"post","link":"https:\/\/diarioelpopular.com\/index.php\/2025\/08\/01\/sujeto-de-26-anos-acusado-de-accidente-mortal-de-varios-vehiculos-en-la-autopista-gardiner\/","title":{"rendered":"Sujeto de 26 a\u00f1os acusado de accidente mortal de varios veh\u00edculos en la autopista Gardiner"},"content":{"rendered":"<p><img loading=\"lazy\" decoding=\"async\" class=\"alignnone size-custom-full-size wp-image-534606\" src=\"https:\/\/diarioelpopular.com\/wp-content\/uploads\/2025\/08\/Screen-Shot-2025-08-01-at-9.50.11-AM-636x367.png\" alt=\"\" width=\"636\" height=\"367\" srcset=\"https:\/\/diarioelpopular.com\/wp-content\/uploads\/2025\/08\/Screen-Shot-2025-08-01-at-9.50.11-AM-636x367.png 636w, https:\/\/diarioelpopular.com\/wp-content\/uploads\/2025\/08\/Screen-Shot-2025-08-01-at-9.50.11-AM-300x173.png 300w, https:\/\/diarioelpopular.com\/wp-content\/uploads\/2025\/08\/Screen-Shot-2025-08-01-at-9.50.11-AM-768x443.png 768w, https:\/\/diarioelpopular.com\/wp-content\/uploads\/2025\/08\/Screen-Shot-2025-08-01-at-9.50.11-AM-127x73.png 127w, https:\/\/diarioelpopular.com\/wp-content\/uploads\/2025\/08\/Screen-Shot-2025-08-01-at-9.50.11-AM.png 780w\" sizes=\"auto, (max-width: 636px) 100vw, 636px\" \/><\/p>\n<p>&nbsp;<\/p>\n<p>&nbsp;<\/p>\n<ul>\n<li><em><strong>Un hombre de 68 a\u00f1os falleci\u00f3 en el violento choque del 8 de julio.<\/strong><\/em><\/li>\n<\/ul>\n<p>&nbsp;<\/p>\n<p>Un individuo de 26 a\u00f1os enfrenta cargos por un accidente mortal de varios veh\u00edculos ocurrido en una transitada autopista del centro a principios de este mes.<\/p>\n<p>La polic\u00eda de Toronto afirma que el terrible choque ocurri\u00f3 en los carriles en direcci\u00f3n oeste de la autopista Gardiner, cerca de la calle Lower Jarvis, poco despu\u00e9s de las 17:30 del 8 de julio.<\/p>\n<p>&#8220;Tres veh\u00edculos se incendiaron tras el choque&#8221;, declar\u00f3 la polic\u00eda en un comunicado emitido al d\u00eda siguiente. &#8220;Un veh\u00edculo volc\u00f3 de lado contra la barrera y qued\u00f3 completamente envuelto en llamas&#8221;.<\/p>\n<p>V\u00eddeos publicados en redes sociales muestran un auto volcado de lado con la parte inferior de la carrocer\u00eda contra la barrera de hormig\u00f3n que separa los carriles en direcci\u00f3n oeste y este de la autopista. Otro coche y una camioneta quedaron atascados contra el techo del coche volcado de lado.<\/p>\n<p>Se pod\u00edan ver otros dos veh\u00edculos da\u00f1ados en el carril contiguo.<\/p>\n<p>Las im\u00e1genes de v\u00eddeo tambi\u00e9n captaron a algunos conductores usando extintores port\u00e1tiles para intentar apagar las llamas que sal\u00edan del veh\u00edculo volcado, mientras otros ayudaban a las v\u00edctimas a escapar de los escombros.<\/p>\n<p>El conductor de uno de los veh\u00edculos, un hombre de 68 a\u00f1os cuyo nombre a\u00fan no se ha revelado, fue declarado muerto en el lugar de los hechos.<\/p>\n<p>La polic\u00eda inform\u00f3 que cuatro personas fueron trasladadas al hospital y atendidas por lesiones que no pon\u00edan en peligro su vida.<\/p>\n<p>Dos personas tambi\u00e9n fueron atendidas por param\u00e9dicos en el lugar de los hechos.<\/p>\n<p>El responsable, residente de Caledon se entreg\u00f3 a la polic\u00eda y fue arrestado el martes.<\/p>\n<p>Andrew Leal est\u00e1 acusado de un cargo de conducci\u00f3n peligrosa de un veh\u00edculo motorizado con resultado de muerte y cuatro cargos de conducci\u00f3n peligrosa de un veh\u00edculo motorizado con resultado de lesiones corporales.<\/p>\n<p>Se insta a cualquier persona que tenga informaci\u00f3n sobre este accidente a llamar a los Servicios de Tr\u00e1fico al 416-808-1900 o a Crime Stoppers de forma an\u00f3nima al 1-800-<\/p>\n<p>&nbsp;<\/p>\n<p>&nbsp;<\/p>\n","protected":false},"excerpt":{"rendered":"<p>&nbsp; &nbsp; Un hombre de 68 a\u00f1os falleci\u00f3 en el violento choque del 8 de julio. &nbsp; Un individuo de 26 a\u00f1os enfrenta cargos por&hellip;<\/p>\n","protected":false},"author":99,"featured_media":534606,"comment_status":"open","ping_status":"open","sticky":false,"template":"","format":"standard","meta":{"footnotes":""},"categories":[11364],"tags":[],"class_list":["post-534605","post","type-post","status-publish","format-standard","has-post-thumbnail","hentry","category-toronto-gta"],"_links":{"self":[{"href":"https:\/\/diarioelpopular.com\/index.php\/wp-json\/wp\/v2\/posts\/534605","targetHints":{"allow":["GET"]}}],"collection":[{"href":"https:\/\/diarioelpopular.com\/index.php\/wp-json\/wp\/v2\/posts"}],"about":[{"href":"https:\/\/diarioelpopular.com\/index.php\/wp-json\/wp\/v2\/types\/post"}],"author":[{"embeddable":true,"href":"https:\/\/diarioelpopular.com\/index.php\/wp-json\/wp\/v2\/users\/99"}],"replies":[{"embeddable":true,"href":"https:\/\/diarioelpopular.com\/index.php\/wp-json\/wp\/v2\/comments?post=534605"}],"version-history":[{"count":1,"href":"https:\/\/diarioelpopular.com\/index.php\/wp-json\/wp\/v2\/posts\/534605\/revisions"}],"predecessor-version":[{"id":534607,"href":"https:\/\/diarioelpopular.com\/index.php\/wp-json\/wp\/v2\/posts\/534605\/revisions\/534607"}],"wp:featuredmedia":[{"embeddable":true,"href":"https:\/\/diarioelpopular.com\/index.php\/wp-json\/wp\/v2\/media\/534606"}],"wp:attachment":[{"href":"https:\/\/diarioelpopular.com\/index.php\/wp-json\/wp\/v2\/media?parent=534605"}],"wp:term":[{"taxonomy":"category","embeddable":true,"href":"https:\/\/diarioelpopular.com\/index.php\/wp-json\/wp\/v2\/categories?post=534605"},{"taxonomy":"post_tag","embeddable":true,"href":"https:\/\/diarioelpopular.com\/index.php\/wp-json\/wp\/v2\/tags?post=534605"}],"curies":[{"name":"wp","href":"https:\/\/api.w.org\/{rel}","templated":true}]}}