{"id":534682,"date":"2025-08-04T11:32:45","date_gmt":"2025-08-04T15:32:45","guid":{"rendered":"https:\/\/diarioelpopular.com\/?p=534682"},"modified":"2025-08-04T11:32:45","modified_gmt":"2025-08-04T15:32:45","slug":"alvaro-uribe-se-lanza-a-la-batalla-por-su-supervivencia-politica","status":"publish","type":"post","link":"https:\/\/diarioelpopular.com\/index.php\/2025\/08\/04\/alvaro-uribe-se-lanza-a-la-batalla-por-su-supervivencia-politica\/","title":{"rendered":"\u00c1lvaro Uribe se lanza a la batalla por su supervivencia pol\u00edtica"},"content":{"rendered":"<div id=\"attachment_534683\" style=\"width: 1210px\" class=\"wp-caption alignnone\"><img loading=\"lazy\" decoding=\"async\" aria-describedby=\"caption-attachment-534683\" class=\"wp-image-534683 size-custom-big-size\" src=\"https:\/\/diarioelpopular.com\/wp-content\/uploads\/2025\/08\/Screen-Shot-2025-08-04-at-11.31.55-AM-1200x825.png\" alt=\"\" width=\"1200\" height=\"825\" srcset=\"https:\/\/diarioelpopular.com\/wp-content\/uploads\/2025\/08\/Screen-Shot-2025-08-04-at-11.31.55-AM-1200x825.png 1200w, https:\/\/diarioelpopular.com\/wp-content\/uploads\/2025\/08\/Screen-Shot-2025-08-04-at-11.31.55-AM-300x206.png 300w, https:\/\/diarioelpopular.com\/wp-content\/uploads\/2025\/08\/Screen-Shot-2025-08-04-at-11.31.55-AM-768x528.png 768w, https:\/\/diarioelpopular.com\/wp-content\/uploads\/2025\/08\/Screen-Shot-2025-08-04-at-11.31.55-AM-636x437.png 636w, https:\/\/diarioelpopular.com\/wp-content\/uploads\/2025\/08\/Screen-Shot-2025-08-04-at-11.31.55-AM-80x55.png 80w, https:\/\/diarioelpopular.com\/wp-content\/uploads\/2025\/08\/Screen-Shot-2025-08-04-at-11.31.55-AM-106x73.png 106w, https:\/\/diarioelpopular.com\/wp-content\/uploads\/2025\/08\/Screen-Shot-2025-08-04-at-11.31.55-AM.png 1024w\" sizes=\"auto, (max-width: 1200px) 100vw, 1200px\" \/><p id=\"caption-attachment-534683\" class=\"wp-caption-text\">\u00c1lvaro Uribe durante una rueda de prensa en Bogot\u00e1. En noviembre de 2023. Foto Carlos Ortega (EFE)<\/p><\/div>\n<p>&nbsp;<\/p>\n<p>&nbsp;<\/p>\n<h4 class=\"a_st\"><em>&#8211; El uribismo reivindica a su l\u00edder, condenado a doce a\u00f1os de detenci\u00f3n domiciliaria, y convoca a sus seguidores a las calles este 7 de agosto<\/em><\/h4>\n<p>&nbsp;<\/p>\n<p class=\"\">\u00c1lvaro Uribe V\u00e9lez es un pol\u00edtico incombustible. El expresidente de Colombia, condenado a 12 a\u00f1os de prisi\u00f3n domiciliaria en primera instancia por los delitos de soborno y fraude procesal en el llamado \u2018<a title=\"https:\/\/elpais.com\/america-colombia\/2025-08-03\/la-inedita-condena-contra-alvaro-uribe-velez-revoluciona-el-tablero-politico-de-colombia.html\" href=\"https:\/\/elpais.com\/america-colombia\/2025-08-03\/la-inedita-condena-contra-alvaro-uribe-velez-revoluciona-el-tablero-politico-de-colombia.html\" target=\"_blank\" rel=\"noopener\" data-link-track-dtm=\"\" data-mrf-link=\"https:\/\/elpais.com\/america-colombia\/2025-08-03\/la-inedita-condena-contra-alvaro-uribe-velez-revoluciona-el-tablero-politico-de-colombia.html\">juicio del siglo<\/a>\u2019, e inhabilitado para ejercer cargos p\u00fablicos por ocho a\u00f1os, se propone seguir aglutinando a su alrededor a los sectores m\u00e1s conservadores del pa\u00eds.<\/p>\n<p class=\"\">Protagonista en mayor o menor medida de todas las grandes citas electorales en lo que va del siglo, en carne propia o en cuerpo ajeno, el uribismo ahora apunta a las elecciones del 2026, y convoca desde ya una primera movilizaci\u00f3n en defensa de su l\u00edder este jueves 7 de agosto, a un a\u00f1o exacto de la posesi\u00f3n del pr\u00f3ximo presidente.<\/p>\n<p class=\"\">El propio Uribe (Medell\u00edn, 73 a\u00f1os) confirm\u00f3 en la audiencia del viernes que por ahora no piensa retirarse a sus cuarteles de invierno. \u201cEsta condena, a pesar de los a\u00f1os que tengo, me anima a seguir luchando por Colombia y a denunciar estas anomal\u00edas, que hoy me afectan, mientras siga as\u00ed el proceso de consolidaci\u00f3n de la dictadura neocomunista que afectar\u00e1 a otros compatriotas\u201d,\u00a0<a title=\"https:\/\/elpais.com\/america-colombia\/2025-08-02\/alvaro-uribe-velez-se-defiende-contra-el-fallo-en-su-contra-quieren-destruir-a-una-voz-de-la-oposicion-democratica.html#?rel=mas\" href=\"https:\/\/elpais.com\/america-colombia\/2025-08-02\/alvaro-uribe-velez-se-defiende-contra-el-fallo-en-su-contra-quieren-destruir-a-una-voz-de-la-oposicion-democratica.html#?rel=mas\" target=\"_blank\" rel=\"noopener noreferrer\" data-link-track-dtm=\"\" data-mrf-link=\"https:\/\/elpais.com\/america-colombia\/2025-08-02\/alvaro-uribe-velez-se-defiende-contra-el-fallo-en-su-contra-quieren-destruir-a-una-voz-de-la-oposicion-democratica.html\">dijo<\/a>\u00a0en referencia al Gobierno del izquierdista Gustavo Petro, en las ant\u00edpodas ideol\u00f3gicas, quien cumple el tercer a\u00f1o de su cuatrienio.<\/p>\n<p class=\"\">M\u00e1s all\u00e1 de las estrategias jur\u00eddicas en un pa\u00eds que se distingue por su apego a los formalismos legales, la batalla por el relato ya est\u00e1 en marcha. Al encajar el golpe, el expresidente ha enfatizado en sus reparos lo que considera un sesgo de la justicia. \u201cHa predominado la pol\u00edtica sobre el derecho para condenarme\u201d, asegur\u00f3 el viernes. Su partido, el Centro Democr\u00e1tico, no tard\u00f3 en secundarlo. \u201cMarcharemos por\u00a0<a title=\"https:\/\/elpais.com\/especiales\/2020\/alvaro-uribe\/\" href=\"https:\/\/elpais.com\/especiales\/2020\/alvaro-uribe\/\" target=\"_self\" rel=\"\" data-link-track-dtm=\"\" data-mrf-link=\"https:\/\/elpais.com\/especiales\/2020\/alvaro-uribe\/\">\u00c1lvaro Uribe V\u00e9lez<\/a>, por la democracia y las libertades en Colombia. Tambi\u00e9n para decirle al pa\u00eds que ya falta poco: estamos a poco m\u00e1s de un a\u00f1o de poner fin a la noche oscura\u201d, asegur\u00f3 al anunciar la convocatoria para el 7 de agosto, en un comunicado que remat\u00f3 con el estribillo de tinte electoral que acu\u00f1\u00f3 hace tiempo el propio exmandatario: \u201c\u00a1Ojo con el 26!\u201d.<\/p>\n<p class=\"\">El uribismo ha endurecido el tono desde que conoci\u00f3 la sentencia y juega la carta de la persecuci\u00f3n pol\u00edtica. La senadora Paloma Valencia, precandidata presidencial del Centro Democr\u00e1tico, public\u00f3 un video en redes sociales acompa\u00f1ada por el opositor venezolano Leopoldo L\u00f3pez y su esposa, Lilian Tintori, quien record\u00f3 que otro de los aspirantes, Miguel Uribe Turbay, a\u00fan se recupera en un hospital despu\u00e9s de que un sicario le dispar\u00f3 en la cabeza hace dos meses. \u201cPoner preso a \u00c1lvaro Uribe para sacarlo de las elecciones puede ser el principio de la dictadura en Colombia\u201d, asegura Valencia en ese mensaje. Es una l\u00ednea argumentativa que ha repetido el partido al acusar una ofensiva en su contra, por las armas o por los tribunales, a pesar de que el enrevesado proceso jur\u00eddico por manipulaci\u00f3n de testigos contra el expresidente se remonta varios gobiernos atr\u00e1s.<\/p>\n<p class=\"\">\u201cEl pa\u00eds tiene que tener claro que no nos mueve un af\u00e1n de venganza, nos mueve un af\u00e1n de justicia, de verdad, que son el camino a la reconciliaci\u00f3n; la certeza de que podemos confiar en el sistema judicial colombiano, de que nadie est\u00e1 por encima de la ley\u201d, ha respondido desde la otra orilla la senadora\u00a0<a title=\"https:\/\/elpais.com\/america-colombia\/2023-04-16\/maria-jose-pizarro-nunca-senti-tanto-el-machismo-como-en-el-congreso-de-la-republica.html\" href=\"https:\/\/elpais.com\/america-colombia\/2023-04-16\/maria-jose-pizarro-nunca-senti-tanto-el-machismo-como-en-el-congreso-de-la-republica.html\" target=\"_blank\" rel=\"noopener\" data-link-track-dtm=\"\" data-mrf-link=\"https:\/\/elpais.com\/america-colombia\/2023-04-16\/maria-jose-pizarro-nunca-senti-tanto-el-machismo-como-en-el-congreso-de-la-republica.html\">Mar\u00eda Jos\u00e9 Pizarro<\/a>, precandidata presidencial por el Pacto Hist\u00f3rico y muy cercana a Petro. \u201cLo m\u00e1s importante es que se abre un camino para que \u00c1lvaro Uribe responda por todas las acusaciones que existen en su contra por graves violaciones a los derechos humanos\u201d, apuntill\u00f3. En el medio, los sectores m\u00e1s centristas y menos militantes han coincidido en sus llamados a respetar tanto las decisiones de la justicia como el Estado de Derecho. La condena puede atizar a\u00fan m\u00e1s la polarizaci\u00f3n cuando el pa\u00eds ya atraviesa alarmantes niveles de confrontaci\u00f3n pol\u00edtica.<\/p>\n<p class=\"\">Tras dejar la Presidencia despu\u00e9s de ocho a\u00f1os en 2010, Uribe se mantuvo como\u00a0<a href=\"https:\/\/elpais.com\/internacional\/2018\/06\/18\/colombia\/1529283866_949522.html\" rel=\"\" data-link-track-dtm=\"\" data-mrf-link=\"https:\/\/elpais.com\/internacional\/2018\/06\/18\/colombia\/1529283866_949522.html\">un gran fen\u00f3meno electoral<\/a>. Es probablemente en el pol\u00edtico que m\u00e1s divide a la sociedad colombiana, y el que m\u00e1s pasiones desata. Durante los dos per\u00edodos de su sucesor,\u00a0<a href=\"https:\/\/elpais.com\/noticias\/juan-manuel-santos-calderon\/\" rel=\"\" data-link-track-dtm=\"\" data-mrf-link=\"https:\/\/elpais.com\/noticias\/juan-manuel-santos-calderon\/\">Juan Manuel Santos\u00a0<\/a>(2010-2018), se convirti\u00f3 en un feroz opositor a las negociaciones de paz con la extinta guerrilla terrorista de las FARC, y al acuerdo sellado a finales de 2016. En el camino congreg\u00f3 a los sectores m\u00e1s religiosos y conservadores en torno al Centro Democr\u00e1tico. Tambi\u00e9n propuls\u00f3 la llegada a la Casa de Nari\u00f1o de Iv\u00e1n Duque (2018-2022), el antecesor de Petro, y se convirti\u00f3 en ese ciclo electoral en el senador m\u00e1s votado de la historia al encabezar las listas de su partido. A su alrededor se constituy\u00f3 toda una corriente pol\u00edtica que en la pr\u00e1ctica encarna posiciones de derecha radical. Aunque dej\u00f3 el poder con alt\u00edsimos niveles de popularidad, su aceptaci\u00f3n en las encuestas ha mostrado un constante declive. Un 10% de los encuestados declara una afinidad partidista con el Centro Democr\u00e1tico en un reciente estudio de Cifras y Conceptos (solo por detr\u00e1s del 17% que registra el Pacto Hist\u00f3rico).<\/p>\n<p class=\"\">El proceso judicial que lo tiene contra las cuerdas se remonta a 2012, cuando fue el propio Uribe el que present\u00f3 una denuncia contra el senador\u00a0<a title=\"https:\/\/elpais.com\/internacional\/2020-09-04\/ivan-cepeda-uribe-ha-desplegado-inmensos-esfuerzos-para-obstruir-la-labor-de-la-justicia.html\" href=\"https:\/\/elpais.com\/internacional\/2020-09-04\/ivan-cepeda-uribe-ha-desplegado-inmensos-esfuerzos-para-obstruir-la-labor-de-la-justicia.html\" target=\"_blank\" rel=\"noopener noreferrer\" data-link-track-dtm=\"\" data-mrf-link=\"https:\/\/elpais.com\/internacional\/2020-09-04\/ivan-cepeda-uribe-ha-desplegado-inmensos-esfuerzos-para-obstruir-la-labor-de-la-justicia.html\">Iv\u00e1n Cepeda<\/a>\u00a0ante la Corte Suprema por un supuesto complot en su contra que, seg\u00fan su versi\u00f3n, involucraba falsos testigos en c\u00e1rceles colombianas para vincularlo a las actividades de grupos paramilitares. Sin embargo, el caso dio un giro en 2018, cuando el alto tribunal se abstuvo de procesar a Cepeda y, por el contrario, pidi\u00f3 investigar al expresidente bajo la sospecha de que fue \u00e9l quien manipul\u00f3 testigos para que se retractaran y acusaran a Cepeda \u2013que hoy todav\u00eda se plantea la posibilidad de lanzar una precandidatura presidencial dentro del Pacto Hist\u00f3rico\u2013. Uribe lleg\u00f3 a renunciar al Senado para salir de la \u00f3rbita de la Corte Suprema, pero el caso sigui\u00f3 su tr\u00e1mite en la justicia ordinaria.<\/p>\n<p class=\"\">A esa acusaci\u00f3n corresponde la reciente condena por soborno y fraude procesal. La defensa ya anunci\u00f3 que apelar\u00e1 ante el Tribunal Superior de Bogot\u00e1, que deber\u00e1 decidir antes del 15 de octubre, cuando prescribe el dilatado proceso. El expresidente Duque ha propuesto una acci\u00f3n de tutela respaldada por \u201cmillones de colombianos\u201d para que su mentor pol\u00edtico pueda seguir el tr\u00e1mite en libertad. En cualquier caso, el pulso de las calles, que preceder\u00e1 el veredicto de las urnas, se pondr\u00e1 en marcha desde esta misma semana.<\/p>\n","protected":false},"excerpt":{"rendered":"<p>&nbsp; &nbsp; &#8211; El uribismo reivindica a su l\u00edder, condenado a doce a\u00f1os de detenci\u00f3n domiciliaria, y convoca a sus seguidores a las calles este&hellip;<\/p>\n","protected":false},"author":99,"featured_media":534683,"comment_status":"open","ping_status":"open","sticky":false,"template":"","format":"standard","meta":{"footnotes":""},"categories":[23],"tags":[],"class_list":["post-534682","post","type-post","status-publish","format-standard","has-post-thumbnail","hentry","category-latinoamerica"],"_links":{"self":[{"href":"https:\/\/diarioelpopular.com\/index.php\/wp-json\/wp\/v2\/posts\/534682","targetHints":{"allow":["GET"]}}],"collection":[{"href":"https:\/\/diarioelpopular.com\/index.php\/wp-json\/wp\/v2\/posts"}],"about":[{"href":"https:\/\/diarioelpopular.com\/index.php\/wp-json\/wp\/v2\/types\/post"}],"author":[{"embeddable":true,"href":"https:\/\/diarioelpopular.com\/index.php\/wp-json\/wp\/v2\/users\/99"}],"replies":[{"embeddable":true,"href":"https:\/\/diarioelpopular.com\/index.php\/wp-json\/wp\/v2\/comments?post=534682"}],"version-history":[{"count":1,"href":"https:\/\/diarioelpopular.com\/index.php\/wp-json\/wp\/v2\/posts\/534682\/revisions"}],"predecessor-version":[{"id":534684,"href":"https:\/\/diarioelpopular.com\/index.php\/wp-json\/wp\/v2\/posts\/534682\/revisions\/534684"}],"wp:featuredmedia":[{"embeddable":true,"href":"https:\/\/diarioelpopular.com\/index.php\/wp-json\/wp\/v2\/media\/534683"}],"wp:attachment":[{"href":"https:\/\/diarioelpopular.com\/index.php\/wp-json\/wp\/v2\/media?parent=534682"}],"wp:term":[{"taxonomy":"category","embeddable":true,"href":"https:\/\/diarioelpopular.com\/index.php\/wp-json\/wp\/v2\/categories?post=534682"},{"taxonomy":"post_tag","embeddable":true,"href":"https:\/\/diarioelpopular.com\/index.php\/wp-json\/wp\/v2\/tags?post=534682"}],"curies":[{"name":"wp","href":"https:\/\/api.w.org\/{rel}","templated":true}]}}