{"id":534708,"date":"2025-08-05T09:29:06","date_gmt":"2025-08-05T13:29:06","guid":{"rendered":"https:\/\/diarioelpopular.com\/?p=534708"},"modified":"2025-08-05T09:29:06","modified_gmt":"2025-08-05T13:29:06","slug":"el-sindicato-policial-de-peel-critica-el-fallo-judicial-que-libero-a-un-delincuente","status":"publish","type":"post","link":"https:\/\/diarioelpopular.com\/index.php\/2025\/08\/05\/el-sindicato-policial-de-peel-critica-el-fallo-judicial-que-libero-a-un-delincuente\/","title":{"rendered":"El sindicato policial de Peel critica el fallo judicial que liber\u00f3 a un delincuente"},"content":{"rendered":"<div id=\"attachment_534709\" style=\"width: 646px\" class=\"wp-caption alignnone\"><img loading=\"lazy\" decoding=\"async\" aria-describedby=\"caption-attachment-534709\" class=\"wp-image-534709 size-custom-full-size\" src=\"https:\/\/diarioelpopular.com\/wp-content\/uploads\/2025\/08\/Screen-Shot-2025-08-05-at-9.13.26-AM-636x487.png\" alt=\"\" width=\"636\" height=\"487\" srcset=\"https:\/\/diarioelpopular.com\/wp-content\/uploads\/2025\/08\/Screen-Shot-2025-08-05-at-9.13.26-AM-636x487.png 636w, https:\/\/diarioelpopular.com\/wp-content\/uploads\/2025\/08\/Screen-Shot-2025-08-05-at-9.13.26-AM-300x230.png 300w, https:\/\/diarioelpopular.com\/wp-content\/uploads\/2025\/08\/Screen-Shot-2025-08-05-at-9.13.26-AM-768x588.png 768w, https:\/\/diarioelpopular.com\/wp-content\/uploads\/2025\/08\/Screen-Shot-2025-08-05-at-9.13.26-AM-95x73.png 95w, https:\/\/diarioelpopular.com\/wp-content\/uploads\/2025\/08\/Screen-Shot-2025-08-05-at-9.13.26-AM.png 826w\" sizes=\"auto, (max-width: 636px) 100vw, 636px\" \/><p id=\"caption-attachment-534709\" class=\"wp-caption-text\">Un juez dictamin\u00f3 que la Polic\u00eda de Peel viol\u00f3 los derechos del conocido delincuente\u00a0 Boysie Alexander Murray, de 41 a\u00f1os, al arrestarlo por posesi\u00f3n de armas y drogas. (informaci\u00f3n policial).<\/p><\/div>\n<p>&nbsp;<\/p>\n<p>&nbsp;<\/p>\n<ul>\n<li><em><strong>Sin embargo, el presidente de la Asociaci\u00f3n de Polic\u00edas de Peel dijo que las afirmaciones de que sus miembros usaron prejuicios raciales en el arresto son absurdas e infundadas.<\/strong><\/em><\/li>\n<\/ul>\n<p>&nbsp;<\/p>\n<p>En Canad\u00e1, en 2025, parece haber cosas m\u00e1s importantes en juego que el hallazgo por parte de la polic\u00eda de un arma cargada, drogas y un conocido delincuente por ellos, dormido al volante frente a un edificio conocido por el tr\u00e1fico de personas y narc\u00f3ticos.<\/p>\n<p>A pesar de las se\u00f1ales de alerta en este asunto, la polic\u00eda ha vuelto a ser consciente de esta realidad.<\/p>\n<p>\u00bfEstaba el acusado en un veh\u00edculo en marcha alrededor de las 3:00 a. m., identificado como propiedad de un hombre que estaba en la mira de la polic\u00eda?<\/p>\n<p>S\u00ed.<\/p>\n<p>\u00bfSe neg\u00f3 el conductor, que no era el propietario, a salir para una comprobaci\u00f3n de sobriedad?<\/p>\n<p>S\u00ed.<\/p>\n<p>\u00bfResult\u00f3 que el conductor del BMW negro ten\u00eda una condena por homicidio involuntario en 2007?<\/p>\n<p>S\u00ed.<\/p>\n<p>\u00bfQuer\u00eda otro servicio policial hablar con \u00e9l sobre una investigaci\u00f3n criminal dos semanas antes?<br \/>\nS\u00ed.<\/p>\n<p>\u00bfDijo la polic\u00eda que los agentes encontraron lo que parec\u00eda ser una sustancia que cre\u00edan que era coca\u00edna y una b\u00e1scula en el veh\u00edculo?<\/p>\n<p>S\u00ed.<\/p>\n<p>\u00bfDijo la polic\u00eda que encontraron una pistola cargada dentro del auto (aunque el acusado neg\u00f3 estar en posesi\u00f3n de un arma de fuego)?<\/p>\n<p>S\u00ed.<\/p>\n<p>\u00bfSe consider\u00f3 que los agentes de la Polic\u00eda Regional de Peel, Murray Wood, Majd Al Janazra, David Bersh, Steven Dove, Shoaibuddin Khan y Connor MacPherson, quienes realizaron este arresto el 18 de noviembre de 2022 frente a una vivienda conocida por denuncias penales en Kennedy Rd. y Queen St. en Brampton, eran los culpables?<\/p>\n<div id=\"attachment_534710\" style=\"width: 646px\" class=\"wp-caption alignnone\"><img loading=\"lazy\" decoding=\"async\" aria-describedby=\"caption-attachment-534710\" class=\"wp-image-534710 size-custom-full-size\" src=\"https:\/\/diarioelpopular.com\/wp-content\/uploads\/2025\/08\/Screen-Shot-2025-08-05-at-9.12.55-AM-636x428.png\" alt=\"\" width=\"636\" height=\"428\" srcset=\"https:\/\/diarioelpopular.com\/wp-content\/uploads\/2025\/08\/Screen-Shot-2025-08-05-at-9.12.55-AM-636x428.png 636w, https:\/\/diarioelpopular.com\/wp-content\/uploads\/2025\/08\/Screen-Shot-2025-08-05-at-9.12.55-AM-300x202.png 300w, https:\/\/diarioelpopular.com\/wp-content\/uploads\/2025\/08\/Screen-Shot-2025-08-05-at-9.12.55-AM-768x517.png 768w, https:\/\/diarioelpopular.com\/wp-content\/uploads\/2025\/08\/Screen-Shot-2025-08-05-at-9.12.55-AM-80x55.png 80w, https:\/\/diarioelpopular.com\/wp-content\/uploads\/2025\/08\/Screen-Shot-2025-08-05-at-9.12.55-AM-108x73.png 108w, https:\/\/diarioelpopular.com\/wp-content\/uploads\/2025\/08\/Screen-Shot-2025-08-05-at-9.12.55-AM.png 838w\" sizes=\"auto, (max-width: 636px) 100vw, 636px\" \/><p id=\"caption-attachment-534710\" class=\"wp-caption-text\">Esta es la pistola que la Polic\u00eda de Peel encontr\u00f3 en el auto que conduc\u00eda Boysie Alexander Murray. Se determin\u00f3 que esta prueba violaba la Carta de Derechos y Libertades y se excluy\u00f3 del caso. \u2014 foto de la Polic\u00eda de Peel.<\/p><\/div>\n<p>&nbsp;<\/p>\n<p>Bueno, esto es lo que determin\u00f3 un juez, alegando prejuicios raciales.<\/p>\n<p>\u201cLa mala conducta policial estuvo influenciada por el racismo contra las personas negras, del cual el tribunal debe distanciarse\u201d, declar\u00f3 el juez del Tribunal Superior de Ontario, Faisal Mirza, en un fallo del 18 de julio. Este racismo distintivo es un problema pernicioso de larga data en el sistema de justicia penal. El inter\u00e9s primordial a largo plazo de la sociedad es garantizar un sistema de justicia igualitario y basado en principios, libre de discriminaci\u00f3n racial.<\/p>\n<p>As\u00ed, sin m\u00e1s, se desestimaron los ocho cargos contra el delincuente Boysie Alexander Murray, de 41 a\u00f1os y residente de St. Catharines, que inclu\u00edan obstrucci\u00f3n a un agente del orden p\u00fablico, posesi\u00f3n de un arma de fuego y posesi\u00f3n de drogas con fines de tr\u00e1fico.<\/p>\n<p>No se critica a Mirza ni la solicitud de la Carta de Derechos que le present\u00f3 el experto abogado defensor penal Yogesh Gupta. Sin embargo, el presidente de la Asociaci\u00f3n Regional de Polic\u00eda de Peel, Adrian Woolley, rechaza la narrativa de la intolerancia, afirmando que los agentes fueron llevados a juicio, mientras que el conocido delincuente acusado, al ser encontrado con un arma y drogas, fue puesto en libertad.<\/p>\n<p>&#8220;Me siento inc\u00f3modo con esto&#8221;, dijo. &#8220;Los agentes participaron en la detenci\u00f3n legal de un individuo armado y peligroso, actuando con decisi\u00f3n para proteger la seguridad p\u00fablica y la suya propia&#8221;.<\/p>\n<p>Entonces, \u00bfcu\u00e1l es el problema?<\/p>\n<p>Al calificar este caso de &#8220;brutalidad policial&#8221; y de falta de prudencia procesal, Mirza dictamin\u00f3 que \u00abel inter\u00e9s de la sociedad en defender la protecci\u00f3n de los derechos fundamentales amparados por la Carta en el momento del arresto, que fueron vulnerados en este caso, tambi\u00e9n favorece la exclusi\u00f3n en estas circunstancias, incluso cuando se excluir\u00edan pruebas reales de delitos muy graves&#8230; Considero que la admisi\u00f3n de las pruebas desacreditar\u00eda la administraci\u00f3n de justicia\u00bb, por lo que su conclusi\u00f3n es: \u00abSe concede la solicitud amparada por la Carta y se excluyen todas las pruebas\u00bb.<\/p>\n<p>Adem\u00e1s, Mirza concluy\u00f3 que cuando los polic\u00edas rompieron la ventanilla del veh\u00edculo para sacar a rastras al hombre \u2014que tem\u00eda a los agentes\u2014 tras no seguir las instrucciones, \u00ablos agentes de polic\u00eda vulneraron los derechos amparados por la Carta del demandante\u00bb. Dictamin\u00f3: \u201cLo detuvieron arbitrariamente, no le informaron con precisi\u00f3n sobre los motivos de su detenci\u00f3n continua, retrasaron indebidamente su derecho a un abogado durante la prolongada detenci\u00f3n, lo arrestaron ilegalmente y, tras el arresto, no le otorgaron su derecho a un abogado ni una advertencia inmediata. Los agentes emplearon fuerza excesiva durante el arresto\u201d, lo que describi\u00f3 como repetidos ataques con pistolas Taser contra el sospechoso, incluso en la zona genital, algo que, seg\u00fan los agentes, fue involuntario y accidental.<\/p>\n<p>El juez a\u00f1adi\u00f3: \u201cSi bien todas las infracciones son graves, el exceso de fuerza que la polic\u00eda emple\u00f3 contra el solicitante fue impactante\u201d y \u201cla detenci\u00f3n con pretexto y el arresto ilegal, la omisi\u00f3n por parte de seis agentes de garantizarle los derechos b\u00e1sicos a un abogado y una advertencia durante la detenci\u00f3n, y el arresto inmediato fueron flagrantes\u201d. Adem\u00e1s, \u201ctodas las acciones y conductas policiales que resultaron en infracciones de la Carta estuvieron influenciadas por el racismo. Esta falta de conducta constituye maltrato racista\u201d.<\/p>\n<p>Woolley afirm\u00f3 que esto no era m\u00e1s que agentes lidiando con alguien que result\u00f3 estar armado y era un delincuente conocido por la polic\u00eda.<\/p>\n<p>&#8220;Intentaban hacer el bien&#8221;, declar\u00f3, y a\u00f1adi\u00f3 que buscaban proteger a la comunidad y a s\u00ed mismos.<\/p>\n<p>Quiz\u00e1s la pregunta m\u00e1s importante ahora es \u00bfpor qu\u00e9 alguien querr\u00eda ser polic\u00eda?<\/p>\n<p>&#8220;La Polic\u00eda Regional de Peel fue informada del fallo del juez y est\u00e1 revis\u00e1ndolo&#8221;, declar\u00f3 el servicio en un comunicado. &#8220;De acuerdo con nuestras pol\u00edticas sobre fallos judiciales adversos, el asunto se ha remitido a nuestra Oficina de Normas Profesionales para su revisi\u00f3n&#8221;.<\/p>\n<p>Pero Woolley dijo que preferir\u00eda que se reconociera a los agentes por sacar un arma y drogas de la calle.<\/p>\n<p>&#8220;No s\u00e9 cu\u00e1nto m\u00e1s se puede esperar de ellos&#8221;, declar\u00f3. &#8220;El auto fue detenido, hab\u00eda un arma cargada, un delincuente acusado de un asesinato anterior y se encontraron drogas&#8221;.<\/p>\n<p>Tambi\u00e9n le gustar\u00eda que los jueces que han trabajado como abogados antes de ocupar el estrado se recusaran si han participado en casos contenciosos previos con alg\u00fan servicio policial. Woolley a\u00f1adi\u00f3 que, en su opini\u00f3n, no hubo racismo por parte de sus miembros en una situaci\u00f3n peligrosa.<\/p>\n<p>Habr\u00edan corrido menos riesgos y molestias si simplemente hubieran dejado el arma y las drogas y hubieran dejado que el sospechoso se marchara.<\/p>\n<p>&#8220;Pero ellos hicieron su trabajo. Son agentes excepcionales con mucha experiencia&#8221;, dijo. &#8220;Fue una situaci\u00f3n dif\u00edcil. Deber\u00edan ser elogiados, no etiquetados. Fue una buena actuaci\u00f3n policial&#8221;.<\/p>\n<p>Un juez discrep\u00f3. Y usted \u00bfqu\u00e9 opina?<\/p>\n<p>&nbsp;<\/p>\n<p>&nbsp;<\/p>\n","protected":false},"excerpt":{"rendered":"<p>&nbsp; &nbsp; Sin embargo, el presidente de la Asociaci\u00f3n de Polic\u00edas de Peel dijo que las afirmaciones de que sus miembros usaron prejuicios raciales en&hellip;<\/p>\n","protected":false},"author":99,"featured_media":534709,"comment_status":"open","ping_status":"open","sticky":false,"template":"","format":"standard","meta":{"footnotes":""},"categories":[11364],"tags":[],"class_list":["post-534708","post","type-post","status-publish","format-standard","has-post-thumbnail","hentry","category-toronto-gta"],"_links":{"self":[{"href":"https:\/\/diarioelpopular.com\/index.php\/wp-json\/wp\/v2\/posts\/534708","targetHints":{"allow":["GET"]}}],"collection":[{"href":"https:\/\/diarioelpopular.com\/index.php\/wp-json\/wp\/v2\/posts"}],"about":[{"href":"https:\/\/diarioelpopular.com\/index.php\/wp-json\/wp\/v2\/types\/post"}],"author":[{"embeddable":true,"href":"https:\/\/diarioelpopular.com\/index.php\/wp-json\/wp\/v2\/users\/99"}],"replies":[{"embeddable":true,"href":"https:\/\/diarioelpopular.com\/index.php\/wp-json\/wp\/v2\/comments?post=534708"}],"version-history":[{"count":1,"href":"https:\/\/diarioelpopular.com\/index.php\/wp-json\/wp\/v2\/posts\/534708\/revisions"}],"predecessor-version":[{"id":534711,"href":"https:\/\/diarioelpopular.com\/index.php\/wp-json\/wp\/v2\/posts\/534708\/revisions\/534711"}],"wp:featuredmedia":[{"embeddable":true,"href":"https:\/\/diarioelpopular.com\/index.php\/wp-json\/wp\/v2\/media\/534709"}],"wp:attachment":[{"href":"https:\/\/diarioelpopular.com\/index.php\/wp-json\/wp\/v2\/media?parent=534708"}],"wp:term":[{"taxonomy":"category","embeddable":true,"href":"https:\/\/diarioelpopular.com\/index.php\/wp-json\/wp\/v2\/categories?post=534708"},{"taxonomy":"post_tag","embeddable":true,"href":"https:\/\/diarioelpopular.com\/index.php\/wp-json\/wp\/v2\/tags?post=534708"}],"curies":[{"name":"wp","href":"https:\/\/api.w.org\/{rel}","templated":true}]}}