{"id":534777,"date":"2025-08-06T10:09:19","date_gmt":"2025-08-06T14:09:19","guid":{"rendered":"https:\/\/diarioelpopular.com\/?p=534777"},"modified":"2025-08-06T10:09:19","modified_gmt":"2025-08-06T14:09:19","slug":"por-que-bolivia-el-primer-pais-de-sudamerica-en-emanciparse-de-espana-termino-siendo-el-ultimo-en-lograr-su-independencia","status":"publish","type":"post","link":"https:\/\/diarioelpopular.com\/index.php\/2025\/08\/06\/por-que-bolivia-el-primer-pais-de-sudamerica-en-emanciparse-de-espana-termino-siendo-el-ultimo-en-lograr-su-independencia\/","title":{"rendered":"Por qu\u00e9 Bolivia, el primer pa\u00eds de Sudam\u00e9rica en emanciparse de Espa\u00f1a, termin\u00f3 siendo el \u00faltimo en lograr su independencia"},"content":{"rendered":"<div id=\"attachment_534779\" style=\"width: 646px\" class=\"wp-caption alignnone\"><img loading=\"lazy\" decoding=\"async\" aria-describedby=\"caption-attachment-534779\" class=\"wp-image-534779 size-custom-full-size\" src=\"https:\/\/diarioelpopular.com\/wp-content\/uploads\/2025\/08\/Screen-Shot-2025-08-06-at-10.08.40-AM-636x358.png\" alt=\"\" width=\"636\" height=\"358\" srcset=\"https:\/\/diarioelpopular.com\/wp-content\/uploads\/2025\/08\/Screen-Shot-2025-08-06-at-10.08.40-AM-636x358.png 636w, https:\/\/diarioelpopular.com\/wp-content\/uploads\/2025\/08\/Screen-Shot-2025-08-06-at-10.08.40-AM-300x169.png 300w, https:\/\/diarioelpopular.com\/wp-content\/uploads\/2025\/08\/Screen-Shot-2025-08-06-at-10.08.40-AM-768x432.png 768w, https:\/\/diarioelpopular.com\/wp-content\/uploads\/2025\/08\/Screen-Shot-2025-08-06-at-10.08.40-AM-130x73.png 130w, https:\/\/diarioelpopular.com\/wp-content\/uploads\/2025\/08\/Screen-Shot-2025-08-06-at-10.08.40-AM.png 860w\" sizes=\"auto, (max-width: 636px) 100vw, 636px\" \/><p id=\"caption-attachment-534779\" class=\"wp-caption-text\">Bolivia conmemora el bicentenario de su independencia este 6 de agosto.<\/p><\/div>\n<p>&nbsp;<\/p>\n<p>&nbsp;<\/p>\n<div class=\"bbc-19j92fr ebmt73l0\" dir=\"ltr\">\n<ul>\n<li class=\"bbc-hhl7in e17g058b0\" dir=\"ltr\"><em><b>Un 6 de agosto de 1825, Bolivia se emancip\u00f3 &#8220;del poder injusto, opresor y miserable&#8221; de la corona espa\u00f1ola y se declar\u00f3 &#8220;Estado soberano e independiente de todas las naciones, tanto del viejo como del nuevo mundo&#8221;.<\/b><\/em><\/li>\n<\/ul>\n<\/div>\n<div class=\"bbc-19j92fr ebmt73l0\" dir=\"ltr\">\n<p dir=\"ltr\">\n<p class=\"bbc-hhl7in e17g058b0\" dir=\"ltr\">As\u00ed qued\u00f3 consagrado en su acta de independencia, hecho hist\u00f3rico que este mi\u00e9rcoles se celebra en Bolivia con numerosos actos y eventos, apenas 11 d\u00edas antes de unas disputadas elecciones presidenciales. Esta misma noche las Cataratas de Ni\u00e1gara, se iluminar\u00e1n con los colores de la bandera boliviana en conmemoraci\u00f3n de su aniversario.<\/p>\n<\/div>\n<div class=\"bbc-19j92fr ebmt73l0\" dir=\"ltr\">\n<p class=\"bbc-hhl7in e17g058b0\" dir=\"ltr\">&#8220;A 200 a\u00f1os de nuestra independencia, el reto que tenemos por adelante es el mismo que anim\u00f3 a nuestros libertadores: mantenernos unidos frente a cualquier intento de dividirnos, defender con firmeza nuestras riquezas y recursos naturales, cuidar nuestro proceso de cambio y proteger todo lo que hemos logrado hasta hoy y seguir avanzando&#8221;, dijo este martes el presidente del pa\u00eds, Luis Arce.<\/p>\n<\/div>\n<div class=\"bbc-19j92fr ebmt73l0\" dir=\"ltr\">\n<p class=\"bbc-hhl7in e17g058b0\" dir=\"ltr\">Pero esta no es la primera vez que Bolivia celebra su bicentenario.<\/p>\n<\/div>\n<div class=\"bbc-19j92fr ebmt73l0\" dir=\"ltr\">\n<p class=\"bbc-hhl7in e17g058b0\" dir=\"ltr\">Lo hab\u00eda conmemorado ya en 2009, tal como Ecuador. Venezuela, Argentina, Colombia y Chile lo festejaron en 2010, mientras que Paraguay y Uruguay hicieron lo propio en 2011. Per\u00fa, por su parte, lo celebr\u00f3 una d\u00e9cada despu\u00e9s, en 2021.<\/p>\n<\/div>\n<div class=\"bbc-19j92fr ebmt73l0\" dir=\"ltr\">\n<p class=\"bbc-hhl7in e17g058b0\" dir=\"ltr\">O sea que Bolivia no solo inaugur\u00f3 los festejos bicentenarios en Sudam\u00e9rica, sino que ahora los cierra.<\/p>\n<\/div>\n<div class=\"bbc-19j92fr ebmt73l0\" dir=\"ltr\">\n<p class=\"bbc-hhl7in e17g058b0\" dir=\"ltr\">Aunque parezca raro, resulta ser que tiene una explicaci\u00f3n hist\u00f3rica: el lugar que dio el primer grito libertario termin\u00f3 siendo el \u00faltimo en lograr su independencia.<\/p>\n<\/div>\n<div class=\"bbc-19j92fr ebmt73l0\" dir=\"ltr\">\n<h2 id=\"Primer-Grito-Libertario-de-Am\u00e9rica\" class=\"bbc-1lgzob2 eglt09e0\" tabindex=\"-1\">&#8220;Primer Grito Libertario de Am\u00e9rica&#8221;<\/h2>\n<\/div>\n<div class=\"bbc-19j92fr ebmt73l0\" dir=\"ltr\">\n<p class=\"bbc-hhl7in e17g058b0\" dir=\"ltr\">Viendo las citadas fechas de los bicentenarios en Sudam\u00e9rica ser\u00eda l\u00f3gico concluir que Per\u00fa se independiz\u00f3 una d\u00e9cada m\u00e1s tarde que los otros pa\u00edses de la regi\u00f3n. Pero no fue as\u00ed.<\/p>\n<\/div>\n<div class=\"bbc-19j92fr ebmt73l0\" dir=\"ltr\">\n<p class=\"bbc-hhl7in e17g058b0\" dir=\"ltr\">Mientras que Per\u00fa tom\u00f3 como referencia la fecha en la que el general Jos\u00e9 de San Mart\u00edn proclam\u00f3 la independencia, muchos de sus vecinos sudamericanos optaron por conmemorar el bicentenario no de su emancipaci\u00f3n, sino del inicio de las revoluciones que eventualmente los llevar\u00edan a ser naciones libres a\u00f1os m\u00e1s tarde.<\/p>\n<\/div>\n<div class=\"bbc-19j92fr ebmt73l0\" dir=\"ltr\">\n<p class=\"bbc-hhl7in e17g058b0\" dir=\"ltr\">Esto explica por qu\u00e9 Bolivia fue el primer pa\u00eds de la regi\u00f3n en celebrar su bicentenario, el 25 de mayo de 2009, a pesar de que cumple 200 a\u00f1os de independencia reci\u00e9n ahora.<\/p>\n<p dir=\"ltr\">\n<\/div>\n<figure class=\"bbc-1qn0xuy\">\n<div class=\"bbc-1gbs0ve\">\n<div style=\"width: 1034px\" class=\"wp-caption alignnone\"><img loading=\"lazy\" decoding=\"async\" class=\"bbc-139onq\" src=\"https:\/\/ichef.bbci.co.uk\/ace\/ws\/640\/cpsprodpb\/26b1\/live\/c8d4fd80-722a-11f0-af20-030418be2ca5.jpg.webp\" alt=\"El festejo del bicentenario de Bolivia en 2009 con los entonces presidentes Fernando Lugo (Paraguay), Hugo Ch\u00e1vez (Venezuela), Evo Morales (Bolivia) y Rafael Correa (Ecuador).\" width=\"1024\" height=\"636\" \/><p class=\"wp-caption-text\">Fuente de la imagen,Jose Luis Quintana\/LatinContent via Getty Images. El festejo del bicentenario de Bolivia en 2009 con los entonces presidentes Fernando Lugo (Paraguay), Hugo Ch\u00e1vez (Venezuela), Evo Morales (Bolivia) y Rafael Correa (Ecuador).<\/p><\/div>\n<p class=\"bbc-by8ykd\" role=\"text\">\n<\/div>\n<\/figure>\n<div class=\"bbc-19j92fr ebmt73l0\" dir=\"ltr\">\n<p class=\"bbc-hhl7in e17g058b0\" dir=\"ltr\">Lo que conmemor\u00f3 el entonces presidente Evo Morales fue el bicentenario de la llamada Revoluci\u00f3n de Chuquisaca, que es considerada por muchos el &#8220;Primer Grito Libertario de Am\u00e9rica&#8221; (aunque otros sostienen que fue en realidad en La Paz o Quito donde se marc\u00f3 el inicio independentista).<\/p>\n<\/div>\n<div class=\"bbc-19j92fr ebmt73l0\" dir=\"ltr\">\n<p class=\"bbc-hhl7in e17g058b0\" dir=\"ltr\">La Revoluci\u00f3n de Chuquisaca fue un levantamiento popular ocurrido el 25 de mayo de 1809 en la ciudad que hoy es Sucre y que en la \u00e9poca colonial formaba parte del Virreinato del R\u00edo de la Plata.<\/p>\n<\/div>\n<div class=\"bbc-19j92fr ebmt73l0\" dir=\"ltr\">\n<p class=\"bbc-hhl7in e17g058b0\" dir=\"ltr\">Los criollos destituyeron al gobernador y formaron una Junta de Gobierno, que fue sofocada en 1810.<\/p>\n<\/div>\n<div class=\"bbc-19j92fr ebmt73l0\" dir=\"ltr\">\n<p class=\"bbc-hhl7in e17g058b0\" dir=\"ltr\">Esta revoluci\u00f3n fue el puntapi\u00e9 inicial de una serie de procesos similares a lo largo de la regi\u00f3n.<\/p>\n<\/div>\n<div class=\"bbc-19j92fr ebmt73l0\" dir=\"ltr\">\n<p class=\"bbc-hhl7in e17g058b0\" dir=\"ltr\">Lo que desat\u00f3 estas revoluciones fue la invasi\u00f3n francesa de Espa\u00f1a, en 1808, que llev\u00f3 al rey Carlos IV y su hijo, Fernando VII, a abdicar a favor de Napole\u00f3n Bonaparte, quien nombr\u00f3 a su hermano Jos\u00e9 como nuevo rey espa\u00f1ol.<\/p>\n<\/div>\n<div class=\"bbc-19j92fr ebmt73l0\" dir=\"ltr\">\n<p class=\"bbc-hhl7in e17g058b0\" dir=\"ltr\">Pero en las colonias americanas las \u00e9lites criollas no reconocieron a Jos\u00e9 I y aprovecharon el vac\u00edo de poder para crear sus propios gobiernos.<\/p>\n<\/div>\n<div class=\"bbc-19j92fr ebmt73l0\" dir=\"ltr\">\n<p class=\"bbc-hhl7in e17g058b0\" dir=\"ltr\">Si bien estas primeras Juntas de Gobierno inicialmente juraron fidelidad a Fernando VII, al final rompieron con la Corona, inspirados en las independencias de Estados Unidos (1776) y Hait\u00ed (1804), y en la Revoluci\u00f3n Francesa (1789).<\/p>\n<\/div>\n<div class=\"bbc-19j92fr ebmt73l0\" dir=\"ltr\">\n<p class=\"bbc-hhl7in e17g058b0\" dir=\"ltr\">As\u00ed se inici\u00f3 una larga y complicada oleada independentista que fragmentar\u00eda a la regi\u00f3n, resultando en las naciones que conocemos hoy.<\/p>\n<\/div>\n<div class=\"bbc-19j92fr ebmt73l0\" dir=\"ltr\">\n<h2 id=\"Revoluci\u00f3n-versus-independencia\" class=\"bbc-1lgzob2 eglt09e0\" tabindex=\"-1\">Revoluci\u00f3n versus independencia<\/h2>\n<\/div>\n<div class=\"bbc-19j92fr ebmt73l0\" dir=\"ltr\">\n<p class=\"bbc-hhl7in e17g058b0\" dir=\"ltr\">Fue el bicentenario de estas revoluciones o &#8220;gritos libertarios&#8221; los que conmemoraron entre 2009 y 2011 pa\u00edses como Bolivia, Venezuela, Argentina, Colombia, Chile y Uruguay.<\/p>\n<\/div>\n<div class=\"bbc-19j92fr ebmt73l0\" dir=\"ltr\">\n<p class=\"bbc-hhl7in e17g058b0\" dir=\"ltr\">Pero \u00bfpor qu\u00e9 estos pa\u00edses no celebraron directamente la fecha en que efectivamente lograron su liberaci\u00f3n, que en muchos casos es considerado su &#8220;d\u00eda de la independencia&#8221; oficial?<\/p>\n<\/div>\n<div class=\"bbc-19j92fr ebmt73l0\" dir=\"ltr\">\n<p class=\"bbc-hhl7in e17g058b0\" dir=\"ltr\">Y \u00bfpor qu\u00e9 consideran como el inicio de su emancipaci\u00f3n la instalaci\u00f3n de las primeras Juntas de Gobierno cuando estas todav\u00eda eran fieles a la Corona espa\u00f1ola?<\/p>\n<p dir=\"ltr\">\n<\/div>\n<figure class=\"bbc-1qn0xuy\">\n<div class=\"bbc-1gbs0ve\">\n<div style=\"width: 3482px\" class=\"wp-caption alignnone\"><img loading=\"lazy\" decoding=\"async\" class=\"bbc-139onq\" src=\"https:\/\/ichef.bbci.co.uk\/ace\/ws\/640\/cpsprodpb\/2778\/live\/11302550-7230-11f0-8dbd-f3d32ebd3327.jpg.webp\" alt=\"Candidatos a la presidencia en Bolivia.\" width=\"3472\" height=\"2320\" \/><p class=\"wp-caption-text\">Fuente de la imagen,EPA. Los candidatos a la presidencia en Bolivia se enfrentar\u00e1n en las urnas el 17 de agosto.<\/p><\/div>\n<p class=\"bbc-by8ykd\" role=\"text\">\n<\/div>\n<\/figure>\n<div class=\"bbc-19j92fr ebmt73l0\" dir=\"ltr\">\n<p dir=\"ltr\">\n<p class=\"bbc-hhl7in e17g058b0\" dir=\"ltr\">La historiadora argentina Beatriz Bragoni, autora de &#8220;San Mart\u00edn: Una biograf\u00eda pol\u00edtica del Libertador&#8221; (2019), le dijo a BBC Mundo en 2021 que no se trat\u00f3 de una decisi\u00f3n &#8220;fortuita&#8221;.<\/p>\n<\/div>\n<div class=\"bbc-19j92fr ebmt73l0\" dir=\"ltr\">\n<p class=\"bbc-hhl7in e17g058b0\" dir=\"ltr\">&#8220;Instalar una fecha o una efem\u00e9ride responde a los intereses de los Estados en crear sus propias narrativas nacionales y sus propias identidades nacionales&#8221;, se\u00f1al\u00f3.<\/p>\n<\/div>\n<div class=\"bbc-19j92fr ebmt73l0\" dir=\"ltr\">\n<p class=\"bbc-hhl7in e17g058b0\" dir=\"ltr\">&#8220;En t\u00e9rminos estrictos, en 1809-1811 no hab\u00eda vocaci\u00f3n de independencia en relaci\u00f3n con Espa\u00f1a&#8221;, aclar\u00f3.<\/p>\n<\/div>\n<div class=\"bbc-19j92fr ebmt73l0\" dir=\"ltr\">\n<p class=\"bbc-hhl7in e17g058b0\" dir=\"ltr\">No obstante, resalt\u00f3 que &#8220;las conmemoraciones son procesos de reconstrucci\u00f3n y de recuerdos selectivos que hacen todas las naciones&#8221;.<\/p>\n<\/div>\n<div class=\"bbc-19j92fr ebmt73l0\" dir=\"ltr\">\n<h2 id=\"Independencia-de-qui\u00e9n\" class=\"bbc-1lgzob2 eglt09e0\" tabindex=\"-1\">Independencia&#8230; \u00bfde qui\u00e9n?<\/h2>\n<\/div>\n<div class=\"bbc-19j92fr ebmt73l0\" dir=\"ltr\">\n<p class=\"bbc-hhl7in e17g058b0\" dir=\"ltr\">En toda esta discusi\u00f3n independentista, es importante destacar que si nos fijamos cu\u00e1l fue la \u00faltima naci\u00f3n en declararse un Estado soberano, la respuesta entonces no es Bolivia, sino Uruguay.<\/p>\n<\/div>\n<div class=\"bbc-19j92fr ebmt73l0\" dir=\"ltr\">\n<p class=\"bbc-hhl7in e17g058b0\" dir=\"ltr\">El pa\u00eds rioplatense conmemora su\u00a0<a class=\"focusIndicatorReducedWidth bbc-n8oauk e1p3sufg0\" href=\"https:\/\/www.bbc.com\/mundo\/articles\/cr40qx1nxvro\">d\u00eda de la independencia cada 25 de agosto<\/a>, porque fue en esa fecha, de 1825, cuando una asamblea de representantes firm\u00f3 la declaraci\u00f3n.<\/p>\n<\/div>\n<div class=\"bbc-19j92fr ebmt73l0\" dir=\"ltr\">\n<p class=\"bbc-hhl7in e17g058b0\" dir=\"ltr\">Sin embargo, Uruguay -que entonces se llamaba Provincia Oriental- no se estaba independizando de Espa\u00f1a, del cual ya se hab\u00eda emancipado.<\/p>\n<\/div>\n<div class=\"bbc-19j92fr ebmt73l0\" dir=\"ltr\">\n<p class=\"bbc-hhl7in e17g058b0\" dir=\"ltr\">Se estaba rebelando contra la Corona portuguesa y el Imperio de Brasil, que lo hab\u00eda invadido, para sumarse a las Provincias Unidas del R\u00edo de la Plata, el embri\u00f3n de lo que luego pasar\u00eda a ser Argentina.<\/p>\n<\/div>\n<div class=\"bbc-19j92fr ebmt73l0\" dir=\"ltr\">\n<p class=\"bbc-hhl7in e17g058b0\" dir=\"ltr\">Fue solo en 1828 que la naci\u00f3n logr\u00f3 su soberan\u00eda, tras una mediaci\u00f3n de Inglaterra entre Brasil y las Provincias Unidas.<\/p>\n<\/div>\n<div class=\"bbc-19j92fr ebmt73l0\" dir=\"ltr\">\n<p class=\"bbc-hhl7in e17g058b0\" dir=\"ltr\">Dos a\u00f1os m\u00e1s tarde, con la firma de la Constituci\u00f3n, adopt\u00f3 el nombre de Rep\u00fablica Oriental del Uruguay, por su ubicaci\u00f3n al oriente del r\u00edo que define parte de su territorio.<\/p>\n<p dir=\"ltr\">\n<\/div>\n<figure class=\"bbc-1qn0xuy\">\n<div class=\"bbc-1gbs0ve\">\n<div style=\"width: 986px\" class=\"wp-caption alignnone\"><img loading=\"lazy\" decoding=\"async\" class=\"bbc-139onq\" src=\"https:\/\/ichef.bbci.co.uk\/ace\/ws\/640\/cpsprodpb\/257d\/live\/05c2def0-722c-11f0-8dbd-f3d32ebd3327.jpg.webp\" alt=\"Sim\u00f3n Bol\u00edvar\" width=\"976\" height=\"1233\" \/><p class=\"wp-caption-text\">Fuente de la imagen,Getty Images. En el acta de independencia del 6 de agosto de 1825 se determin\u00f3 que el naciente Estado llevar\u00eda el nombre de Bol\u00edvar.<\/p><\/div>\n<p class=\"bbc-by8ykd\" role=\"text\">\n<\/div>\n<\/figure>\n<div class=\"bbc-19j92fr ebmt73l0\" dir=\"ltr\">\n<h2 id=\"El-\u00faltimo\" class=\"bbc-1lgzob2 eglt09e0\" tabindex=\"-1\">El \u00faltimo<\/h2>\n<\/div>\n<div class=\"bbc-19j92fr ebmt73l0\" dir=\"ltr\">\n<p class=\"bbc-hhl7in e17g058b0\" dir=\"ltr\">Pero hay incluso otra salvedad: Per\u00fa fue el \u00faltimo en dar su &#8220;grito libertario&#8221;, ya que Lima, al ser el centro del poder realista en Sudam\u00e9rica, fue la que m\u00e1s resisti\u00f3 la revoluci\u00f3n libertadora.<\/p>\n<\/div>\n<div class=\"bbc-19j92fr ebmt73l0\" dir=\"ltr\">\n<p class=\"bbc-hhl7in e17g058b0\" dir=\"ltr\">&#8220;El virrey del Per\u00fa, Jos\u00e9 Fernando de Abascal, cumpli\u00f3 un rol crucial en la defensa de los intereses del rey y de la monarqu\u00eda mediante una enf\u00e1tica pol\u00edtica de exterminio de lo que llam\u00f3 insurgentes o revolucionarios americanos&#8221;, cont\u00f3 Bragoni.<\/p>\n<\/div>\n<div class=\"bbc-19j92fr ebmt73l0\" dir=\"ltr\">\n<p class=\"bbc-hhl7in e17g058b0\" dir=\"ltr\">Con la ca\u00edda de Napole\u00f3n en Europa y el restablecimiento de Fernando VII en Espa\u00f1a, en 1814, los espa\u00f1oles dieron batalla contra los movimientos separatistas americanos, y la capital del Virreinato del Per\u00fa jug\u00f3 un papel clave.<\/p>\n<\/div>\n<div class=\"bbc-19j92fr ebmt73l0\" dir=\"ltr\">\n<p class=\"bbc-hhl7in e17g058b0\" dir=\"ltr\">&#8220;Lima fue el centro de la contrarrevoluci\u00f3n porque ah\u00ed estaba la mayor opini\u00f3n p\u00fablica a favor de sostener la legitimidad mon\u00e1rquica y, al mismo tiempo, sus comerciantes, sus elites, financiaron la guerra en Am\u00e9rica del Sur&#8221;, detall\u00f3 la historiadora.<\/p>\n<\/div>\n<div class=\"bbc-19j92fr ebmt73l0\" dir=\"ltr\">\n<p class=\"bbc-hhl7in e17g058b0\" dir=\"ltr\">Fue as\u00ed que, reci\u00e9n tras realizar su famoso cruce de los Andes y de liberar a Chile en 1818, San Mart\u00edn lleg\u00f3 con su ej\u00e9rcito a Lima y declar\u00f3 la independencia de Per\u00fa el 28 de julio de 1821.<\/p>\n<\/div>\n<div class=\"bbc-19j92fr ebmt73l0\" dir=\"ltr\">\n<p class=\"bbc-hhl7in e17g058b0\" dir=\"ltr\">Sin embargo, este no fue, en rigor, el \u00faltimo pa\u00eds sudamericano en liberarse de la corona espa\u00f1ola.<\/p>\n<\/div>\n<div class=\"bbc-19j92fr ebmt73l0\" dir=\"ltr\">\n<p class=\"bbc-hhl7in e17g058b0\" dir=\"ltr\">Como ya hemos mencionado, Bolivia se declar\u00f3 un estado independiente reci\u00e9n en 1825, cuatro a\u00f1os m\u00e1s tarde que Per\u00fa.<\/p>\n<\/div>\n<div class=\"bbc-19j92fr ebmt73l0\" dir=\"ltr\">\n<p class=\"bbc-hhl7in e17g058b0\" dir=\"ltr\">El entonces llamado Alto Per\u00fa era una regi\u00f3n aut\u00f3noma que primero hab\u00eda sido dependiente del Virreinato del Per\u00fa y luego del Virreinato del R\u00edo de la Plata, pero, cuando estall\u00f3 la revoluci\u00f3n en Buenos Aires en 1810, el virrey Abascal la volvi\u00f3 a reincorporar provisionalmente al territorio bajo su mando.<\/p>\n<\/div>\n<div class=\"bbc-19j92fr ebmt73l0\" dir=\"ltr\">\n<p class=\"bbc-hhl7in e17g058b0\" dir=\"ltr\">Llevar\u00eda 15 a\u00f1os -y una larga guerra de guerrillas- liberar todo el territorio altoperuano del dominio espa\u00f1ol y poder fundar una nueva patria.<\/p>\n<\/div>\n<div class=\"bbc-19j92fr ebmt73l0\" dir=\"ltr\">\n<p class=\"bbc-hhl7in e17g058b0\" dir=\"ltr\">La \u00faltima naci\u00f3n sudamericana en independizarse de Espa\u00f1a fue bautizada Rep\u00fablica de Bol\u00edvar, en honor al libertador venezolano Sim\u00f3n Bol\u00edvar, pero en octubre de 1825 cambiar\u00eda a Bolivia.<\/p>\n<\/div>\n","protected":false},"excerpt":{"rendered":"<p>&nbsp; &nbsp; Un 6 de agosto de 1825, Bolivia se emancip\u00f3 &#8220;del poder injusto, opresor y miserable&#8221; de la corona espa\u00f1ola y se declar\u00f3 &#8220;Estado&hellip;<\/p>\n","protected":false},"author":99,"featured_media":534779,"comment_status":"open","ping_status":"open","sticky":false,"template":"","format":"standard","meta":{"footnotes":""},"categories":[23,11354],"tags":[],"class_list":["post-534777","post","type-post","status-publish","format-standard","has-post-thumbnail","hentry","category-latinoamerica","category-sucesos"],"_links":{"self":[{"href":"https:\/\/diarioelpopular.com\/index.php\/wp-json\/wp\/v2\/posts\/534777","targetHints":{"allow":["GET"]}}],"collection":[{"href":"https:\/\/diarioelpopular.com\/index.php\/wp-json\/wp\/v2\/posts"}],"about":[{"href":"https:\/\/diarioelpopular.com\/index.php\/wp-json\/wp\/v2\/types\/post"}],"author":[{"embeddable":true,"href":"https:\/\/diarioelpopular.com\/index.php\/wp-json\/wp\/v2\/users\/99"}],"replies":[{"embeddable":true,"href":"https:\/\/diarioelpopular.com\/index.php\/wp-json\/wp\/v2\/comments?post=534777"}],"version-history":[{"count":1,"href":"https:\/\/diarioelpopular.com\/index.php\/wp-json\/wp\/v2\/posts\/534777\/revisions"}],"predecessor-version":[{"id":534780,"href":"https:\/\/diarioelpopular.com\/index.php\/wp-json\/wp\/v2\/posts\/534777\/revisions\/534780"}],"wp:featuredmedia":[{"embeddable":true,"href":"https:\/\/diarioelpopular.com\/index.php\/wp-json\/wp\/v2\/media\/534779"}],"wp:attachment":[{"href":"https:\/\/diarioelpopular.com\/index.php\/wp-json\/wp\/v2\/media?parent=534777"}],"wp:term":[{"taxonomy":"category","embeddable":true,"href":"https:\/\/diarioelpopular.com\/index.php\/wp-json\/wp\/v2\/categories?post=534777"},{"taxonomy":"post_tag","embeddable":true,"href":"https:\/\/diarioelpopular.com\/index.php\/wp-json\/wp\/v2\/tags?post=534777"}],"curies":[{"name":"wp","href":"https:\/\/api.w.org\/{rel}","templated":true}]}}