{"id":534794,"date":"2025-08-07T10:41:02","date_gmt":"2025-08-07T14:41:02","guid":{"rendered":"https:\/\/diarioelpopular.com\/?p=534794"},"modified":"2025-08-07T10:41:02","modified_gmt":"2025-08-07T14:41:02","slug":"adolescente-de-14-anos-recibe-disparos-en-scarborough-se-buscan-dos-sospechosos","status":"publish","type":"post","link":"https:\/\/diarioelpopular.com\/index.php\/2025\/08\/07\/adolescente-de-14-anos-recibe-disparos-en-scarborough-se-buscan-dos-sospechosos\/","title":{"rendered":"Adolescente de 14 a\u00f1os recibe disparos en Scarborough; se buscan dos sospechosos"},"content":{"rendered":"<p><img loading=\"lazy\" decoding=\"async\" class=\"alignnone size-custom-full-size wp-image-534795\" src=\"https:\/\/diarioelpopular.com\/wp-content\/uploads\/2025\/08\/Screen-Shot-2025-08-07-at-10.40.33-AM-636x400.png\" alt=\"\" width=\"636\" height=\"400\" srcset=\"https:\/\/diarioelpopular.com\/wp-content\/uploads\/2025\/08\/Screen-Shot-2025-08-07-at-10.40.33-AM-636x400.png 636w, https:\/\/diarioelpopular.com\/wp-content\/uploads\/2025\/08\/Screen-Shot-2025-08-07-at-10.40.33-AM-300x189.png 300w, https:\/\/diarioelpopular.com\/wp-content\/uploads\/2025\/08\/Screen-Shot-2025-08-07-at-10.40.33-AM-768x483.png 768w, https:\/\/diarioelpopular.com\/wp-content\/uploads\/2025\/08\/Screen-Shot-2025-08-07-at-10.40.33-AM-116x73.png 116w, https:\/\/diarioelpopular.com\/wp-content\/uploads\/2025\/08\/Screen-Shot-2025-08-07-at-10.40.33-AM.png 820w\" sizes=\"auto, (max-width: 636px) 100vw, 636px\" \/><\/p>\n<p>&nbsp;<\/p>\n<p>&nbsp;<\/p>\n<ul>\n<li><em><strong>La polic\u00eda de Toronto inform\u00f3 que se busca a dos sospechosos despu\u00e9s de que un adolescente, bajo circunstancias que se investigan, recibiera disparos en Scarborough el mi\u00e9rcoles por la tarde.<\/strong><\/em><\/li>\n<\/ul>\n<p>&nbsp;<\/p>\n<p>Los agentes respondieron a informes de un tiroteo poco antes de las 4 p. m. en la zona de Lawrence Avenue East y Warden Avenue.<\/p>\n<p>El superintendente Paul McIntyre declar\u00f3 que el incidente comenz\u00f3 cuando el joven de 14 a\u00f1os subi\u00f3 a un autob\u00fas de la TTC y tuvo un altercado con otros dos.<\/p>\n<p>Se presume que el joven se baj\u00f3 del autob\u00fas y fue seguido por los atacantes. Uno de ellos, se dijo, sac\u00f3 un arma de fuego y le dispar\u00f3 varias veces.<\/p>\n<p>El joven fue localizado en el lugar de los hechos con una herida de bala en la pierna y fue trasladado al hospital por param\u00e9dicos con lesiones graves, pero que no ponen en peligro su vida.<\/p>\n<p>Los delincuentes fueron vistos por \u00faltima vez huyendo hacia el norte por Warden Avenue.<\/p>\n<p>Se les describe como adolescentes de raza negra. Uno de ellos mide aproximadamente 1,68 metros, tiene rastas cortas y viste una camiseta roja. El otro mide aproximadamente un metro sesenta y ocho, lleva una camisa negra y un pa\u00f1uelo sobre la cara.<\/p>\n","protected":false},"excerpt":{"rendered":"<p>&nbsp; &nbsp; La polic\u00eda de Toronto inform\u00f3 que se busca a dos sospechosos despu\u00e9s de que un adolescente, bajo circunstancias que se investigan, recibiera disparos&hellip;<\/p>\n","protected":false},"author":99,"featured_media":534795,"comment_status":"open","ping_status":"open","sticky":false,"template":"","format":"standard","meta":{"footnotes":""},"categories":[11364],"tags":[],"class_list":["post-534794","post","type-post","status-publish","format-standard","has-post-thumbnail","hentry","category-toronto-gta"],"_links":{"self":[{"href":"https:\/\/diarioelpopular.com\/index.php\/wp-json\/wp\/v2\/posts\/534794","targetHints":{"allow":["GET"]}}],"collection":[{"href":"https:\/\/diarioelpopular.com\/index.php\/wp-json\/wp\/v2\/posts"}],"about":[{"href":"https:\/\/diarioelpopular.com\/index.php\/wp-json\/wp\/v2\/types\/post"}],"author":[{"embeddable":true,"href":"https:\/\/diarioelpopular.com\/index.php\/wp-json\/wp\/v2\/users\/99"}],"replies":[{"embeddable":true,"href":"https:\/\/diarioelpopular.com\/index.php\/wp-json\/wp\/v2\/comments?post=534794"}],"version-history":[{"count":1,"href":"https:\/\/diarioelpopular.com\/index.php\/wp-json\/wp\/v2\/posts\/534794\/revisions"}],"predecessor-version":[{"id":534796,"href":"https:\/\/diarioelpopular.com\/index.php\/wp-json\/wp\/v2\/posts\/534794\/revisions\/534796"}],"wp:featuredmedia":[{"embeddable":true,"href":"https:\/\/diarioelpopular.com\/index.php\/wp-json\/wp\/v2\/media\/534795"}],"wp:attachment":[{"href":"https:\/\/diarioelpopular.com\/index.php\/wp-json\/wp\/v2\/media?parent=534794"}],"wp:term":[{"taxonomy":"category","embeddable":true,"href":"https:\/\/diarioelpopular.com\/index.php\/wp-json\/wp\/v2\/categories?post=534794"},{"taxonomy":"post_tag","embeddable":true,"href":"https:\/\/diarioelpopular.com\/index.php\/wp-json\/wp\/v2\/tags?post=534794"}],"curies":[{"name":"wp","href":"https:\/\/api.w.org\/{rel}","templated":true}]}}