{"id":534814,"date":"2025-08-07T11:13:26","date_gmt":"2025-08-07T15:13:26","guid":{"rendered":"https:\/\/diarioelpopular.com\/?p=534814"},"modified":"2025-08-07T11:13:26","modified_gmt":"2025-08-07T15:13:26","slug":"350-dolares-por-muerto-las-mafias-toman-un-cementerio-publico-de-guayaquil","status":"publish","type":"post","link":"https:\/\/diarioelpopular.com\/index.php\/2025\/08\/07\/350-dolares-por-muerto-las-mafias-toman-un-cementerio-publico-de-guayaquil\/","title":{"rendered":"350 d\u00f3lares por muerto: las mafias toman un cementerio p\u00fablico de Guayaquil"},"content":{"rendered":"<div id=\"attachment_534815\" style=\"width: 1210px\" class=\"wp-caption alignnone\"><img loading=\"lazy\" decoding=\"async\" aria-describedby=\"caption-attachment-534815\" class=\"wp-image-534815 size-custom-big-size\" src=\"https:\/\/diarioelpopular.com\/wp-content\/uploads\/2025\/08\/Screen-Shot-2025-08-07-at-11.12.27-AM-1200x878.png\" alt=\"\" width=\"1200\" height=\"878\" srcset=\"https:\/\/diarioelpopular.com\/wp-content\/uploads\/2025\/08\/Screen-Shot-2025-08-07-at-11.12.27-AM-1200x878.png 1200w, https:\/\/diarioelpopular.com\/wp-content\/uploads\/2025\/08\/Screen-Shot-2025-08-07-at-11.12.27-AM-300x219.png 300w, https:\/\/diarioelpopular.com\/wp-content\/uploads\/2025\/08\/Screen-Shot-2025-08-07-at-11.12.27-AM-768x562.png 768w, https:\/\/diarioelpopular.com\/wp-content\/uploads\/2025\/08\/Screen-Shot-2025-08-07-at-11.12.27-AM-1536x1124.png 1536w, https:\/\/diarioelpopular.com\/wp-content\/uploads\/2025\/08\/Screen-Shot-2025-08-07-at-11.12.27-AM-636x465.png 636w, https:\/\/diarioelpopular.com\/wp-content\/uploads\/2025\/08\/Screen-Shot-2025-08-07-at-11.12.27-AM-100x73.png 100w, https:\/\/diarioelpopular.com\/wp-content\/uploads\/2025\/08\/Screen-Shot-2025-08-07-at-11.12.27-AM.png 1024w\" sizes=\"auto, (max-width: 1200px) 100vw, 1200px\" \/><p id=\"caption-attachment-534815\" class=\"wp-caption-text\">Cementerio \u00c1ngel Mar\u00eda Canals, el 2 de noviembre de 2024.\u00a0 Foto MUNICIPALIDAD DE GUAYAQUIL<\/p><\/div>\n<p>&nbsp;<\/p>\n<p>&nbsp;<\/p>\n<h4 class=\"a_st\"><em>&#8211; Lo que antes era un tr\u00e1mite municipal gratuito, hoy es un negocio paralelo sin control estatal<\/em><\/h4>\n<p>&nbsp;<\/p>\n<p class=\"\">Cuando Luis, de 80 a\u00f1os, muri\u00f3 en abril tras una larga enfermedad, su hija Mariana acudi\u00f3 a las oficinas del cementerio Mar\u00eda Canals,\u00a0<a title=\"https:\/\/elpais.com\/internacional\/2020-04-08\/guayaquil-habilita-dos-terrenos-con-12000-tumbas-para-victimas-del-coronavirus.html\" href=\"https:\/\/elpais.com\/internacional\/2020-04-08\/guayaquil-habilita-dos-terrenos-con-12000-tumbas-para-victimas-del-coronavirus.html\" target=\"_self\" rel=\"\" data-link-track-dtm=\"\" data-mrf-link=\"https:\/\/elpais.com\/internacional\/2020-04-08\/guayaquil-habilita-dos-terrenos-con-12000-tumbas-para-victimas-del-coronavirus.html\">uno de los cinco p\u00fablicos de Guayaquil.\u00a0<\/a><\/p>\n<p class=\"\">En la ventanilla le informaron que el entierro ser\u00eda gratuito por cuatro a\u00f1os, pero deb\u00eda construir un t\u00famulo de cemento. Le explicaron, sin mucho detalle, que en el cementerio hab\u00eda gente que se dedicaba a construir esas estructuras de cemento donde se colocan los ata\u00fades. Lo que no dijeron fue cu\u00e1nto costaba, solo le respondieron que ah\u00ed hab\u00eda gente para \u201cganarse la vida\u201d.<\/p>\n<p class=\"\">Al llegar al cementerio, un grupo de hombres le hizo una serie de preguntas: si el fallecido ten\u00eda tatuajes o si pertenec\u00eda a alguna banda. Cuando respondi\u00f3 que no, le dijeron el precio: 350 d\u00f3lares. Mariana no entend\u00eda si la cifra era una tarifa fija, una rebaja o una advertencia. Se dio cuenta enseguida de que si su padre hubiera tenido un tatuaje o un pasado delictivo, el precio habr\u00eda sido m\u00e1s alto y lo habr\u00edan asignado a la secci\u00f3n de los \u201cbaleados\u201d.<\/p>\n<p class=\"\">La escena dur\u00f3 apenas unos minutos, pero fue suficiente para que Mariana entendiera que no estaba frente a un tr\u00e1mite municipal, sino ante una extorsi\u00f3n. Sab\u00eda que, si lo hac\u00eda por su cuenta, construir el t\u00famulo no le costar\u00eda m\u00e1s de 100 d\u00f3lares.<\/p>\n<p class=\"\">Su hermana Flor intent\u00f3 negociar directamente con el administrador del cementerio, con el argumento de se trataba de un sitio p\u00fablico. Entre la s\u00faplica y el regateo, el hombre accedi\u00f3 a bajar la tarifa a 250 d\u00f3lares, pero cuando Flor insisti\u00f3 en que ni eso pod\u00edan pagar, la respuesta fue cortante: \u201cMejor regrese cuando tenga el dinero\u201d. Al d\u00eda siguiente, en el segundo d\u00eda del velorio, regresaron con lo que hab\u00edan podido reunir. Pero el precio ya no era el mismo: ahora les ped\u00edan 300.<\/p>\n<p class=\"\">El caso de Mariana no es aislado. M\u00f3nica denunci\u00f3 que le pidieron 250 d\u00f3lares para enterrar a su madre. Cuando explic\u00f3 que solo ten\u00eda 200, le respondieron sin compasi\u00f3n que lo m\u00ednimo eran 250. Tuvo que pedir dinero prestado. Una parte a los vecinos y otra al\u00a0<i>chulquero,<\/i>\u00a0como llaman en los barrios al prestamista que cobra intereses del 20% mensual y que a veces trabaja en alianza con las bandas criminales.<\/p>\n<p class=\"\">\u201cYo solo quer\u00eda despedirme de mi mam\u00e1\u201d, dice M\u00f3nica, \u201cuno est\u00e1 cargado de dolor y solo quiere resolver\u201d. Cuatro a\u00f1os atr\u00e1s, en ese mismo cementerio, hab\u00eda enterrado a su padre. Entonces solo pag\u00f3 menos de un d\u00f3lar por la emisi\u00f3n de un documento en la oficina municipal.<\/p>\n<p class=\"\">Ecuador era otro en aquel entonces.<a title=\"https:\/\/elpais.com\/america\/2025-07-28\/sicarios-matan-a-17-personas-al-azar-en-una-comunidad-rural-de-ecuador.html\" href=\"https:\/\/elpais.com\/america\/2025-07-28\/sicarios-matan-a-17-personas-al-azar-en-una-comunidad-rural-de-ecuador.html\" target=\"_self\" rel=\"\" data-link-track-dtm=\"\" data-mrf-link=\"https:\/\/elpais.com\/america\/2025-07-28\/sicarios-matan-a-17-personas-al-azar-en-una-comunidad-rural-de-ecuador.html\">\u00a0Las bandas todav\u00eda operaban en silencio,<\/a>\u00a0escondidas en los m\u00e1rgenes. Fue antes de que empezaran a mostrar de lo que eran capaces por dinero y con total impunidad. Hoy extorsionan al jubilado que atiende la tienda de la esquina con la misma ferocidad con la que se infiltran en hospitales p\u00fablicos, agencias de tr\u00e1nsito, municipios e instituciones gubernamentales.<\/p>\n<p class=\"\">Seg\u00fan cifras oficiales, en\u00a0<a title=\"https:\/\/elpais.com\/internacional\/2023-02-20\/la-extorsion-crece-un-300-en-ecuador-y-sigue-en-aumento.html\" href=\"https:\/\/elpais.com\/internacional\/2023-02-20\/la-extorsion-crece-un-300-en-ecuador-y-sigue-en-aumento.html\" target=\"_self\" rel=\"\" data-link-track-dtm=\"\" data-mrf-link=\"https:\/\/elpais.com\/internacional\/2023-02-20\/la-extorsion-crece-un-300-en-ecuador-y-sigue-en-aumento.html\">2023 se registraron 17.597 casos de extorsi\u00f3n,<\/a>\u00a0un salto del 165% en comparaci\u00f3n con el a\u00f1o anterior. En 2024, la cifra subi\u00f3 a 20.293 y solo hasta mayo de 2025 se han contabilizado 4.569 denuncias.<\/p>\n<p class=\"\">El cartel de entrada al cementerio informa que todos los servicios son gratuitos. El Municipio de Guayaquil, responsable de la administraci\u00f3n, fue consultado por la prensa y prometieron designar a un vocero, pero no hubo m\u00e1s respuesta.<\/p>\n<p class=\"\">Los casos revelan c\u00f3mo las estructuras criminales han penetrado incluso los espacios p\u00fablicos destinados al duelo. Lo que antes era un tr\u00e1mite municipal, hoy se ha convertido en un negocio paralelo que explota el dolor de las familias.<\/p>\n<p class=\"\">La mayor\u00eda de v\u00edctimas no denuncia por miedo. \u201cSent\u00ed impotencia\u201d, resume Mariana. \u201cAqu\u00ed las bandas son las que mandan. A nadie le importa el dolor ajeno\u201d.<\/p>\n","protected":false},"excerpt":{"rendered":"<p>&nbsp; &nbsp; &#8211; Lo que antes era un tr\u00e1mite municipal gratuito, hoy es un negocio paralelo sin control estatal &nbsp; Cuando Luis, de 80 a\u00f1os,&hellip;<\/p>\n","protected":false},"author":99,"featured_media":534815,"comment_status":"open","ping_status":"open","sticky":false,"template":"","format":"standard","meta":{"footnotes":""},"categories":[23],"tags":[],"class_list":["post-534814","post","type-post","status-publish","format-standard","has-post-thumbnail","hentry","category-latinoamerica"],"_links":{"self":[{"href":"https:\/\/diarioelpopular.com\/index.php\/wp-json\/wp\/v2\/posts\/534814","targetHints":{"allow":["GET"]}}],"collection":[{"href":"https:\/\/diarioelpopular.com\/index.php\/wp-json\/wp\/v2\/posts"}],"about":[{"href":"https:\/\/diarioelpopular.com\/index.php\/wp-json\/wp\/v2\/types\/post"}],"author":[{"embeddable":true,"href":"https:\/\/diarioelpopular.com\/index.php\/wp-json\/wp\/v2\/users\/99"}],"replies":[{"embeddable":true,"href":"https:\/\/diarioelpopular.com\/index.php\/wp-json\/wp\/v2\/comments?post=534814"}],"version-history":[{"count":1,"href":"https:\/\/diarioelpopular.com\/index.php\/wp-json\/wp\/v2\/posts\/534814\/revisions"}],"predecessor-version":[{"id":534816,"href":"https:\/\/diarioelpopular.com\/index.php\/wp-json\/wp\/v2\/posts\/534814\/revisions\/534816"}],"wp:featuredmedia":[{"embeddable":true,"href":"https:\/\/diarioelpopular.com\/index.php\/wp-json\/wp\/v2\/media\/534815"}],"wp:attachment":[{"href":"https:\/\/diarioelpopular.com\/index.php\/wp-json\/wp\/v2\/media?parent=534814"}],"wp:term":[{"taxonomy":"category","embeddable":true,"href":"https:\/\/diarioelpopular.com\/index.php\/wp-json\/wp\/v2\/categories?post=534814"},{"taxonomy":"post_tag","embeddable":true,"href":"https:\/\/diarioelpopular.com\/index.php\/wp-json\/wp\/v2\/tags?post=534814"}],"curies":[{"name":"wp","href":"https:\/\/api.w.org\/{rel}","templated":true}]}}