{"id":534836,"date":"2025-08-08T08:56:24","date_gmt":"2025-08-08T12:56:24","guid":{"rendered":"https:\/\/diarioelpopular.com\/?p=534836"},"modified":"2025-08-08T08:56:24","modified_gmt":"2025-08-08T12:56:24","slug":"sin-pelos-en-la-lengua-el-politico-mas-odiado-del-mundo-ford-dice-de-trump","status":"publish","type":"post","link":"https:\/\/diarioelpopular.com\/index.php\/2025\/08\/08\/sin-pelos-en-la-lengua-el-politico-mas-odiado-del-mundo-ford-dice-de-trump\/","title":{"rendered":"Sin pelos en la lengua: &#8220;El pol\u00edtico m\u00e1s odiado del mundo&#8221;, Ford dice de Trump"},"content":{"rendered":"<p><img loading=\"lazy\" decoding=\"async\" class=\"alignnone size-custom-full-size wp-image-534837\" src=\"https:\/\/diarioelpopular.com\/wp-content\/uploads\/2025\/08\/Screen-Shot-2025-08-08-at-8.55.57-AM-636x395.png\" alt=\"\" width=\"636\" height=\"395\" srcset=\"https:\/\/diarioelpopular.com\/wp-content\/uploads\/2025\/08\/Screen-Shot-2025-08-08-at-8.55.57-AM-636x395.png 636w, https:\/\/diarioelpopular.com\/wp-content\/uploads\/2025\/08\/Screen-Shot-2025-08-08-at-8.55.57-AM-300x185.png 300w, https:\/\/diarioelpopular.com\/wp-content\/uploads\/2025\/08\/Screen-Shot-2025-08-08-at-8.55.57-AM-768x477.png 768w, https:\/\/diarioelpopular.com\/wp-content\/uploads\/2025\/08\/Screen-Shot-2025-08-08-at-8.55.57-AM-117x73.png 117w, https:\/\/diarioelpopular.com\/wp-content\/uploads\/2025\/08\/Screen-Shot-2025-08-08-at-8.55.57-AM.png 798w\" sizes=\"auto, (max-width: 636px) 100vw, 636px\" \/><\/p>\n<p>&nbsp;<\/p>\n<ul>\n<li><em><strong>El premier Doug Ford afirm\u00f3 que Donald Trump, es &#8220;probablemente el pol\u00edtico m\u00e1s odiado del mundo&#8221;, intensificando as\u00ed la guerra de declaraciones y aranceles entre Canad\u00e1 y su vecino del sur.<\/strong><\/em><\/li>\n<\/ul>\n<p>&nbsp;<\/p>\n<p>Ford hizo estas declaraciones durante una aparici\u00f3n en CNN el jueves, donde el premier de Ontario habl\u00f3 sobre la respuesta de Canad\u00e1 a los aranceles y las continuas agresiones en contra del pa\u00eds.<\/p>\n<p>Al pregunt\u00e1rsele c\u00f3mo ve\u00edan los canadienses al presidente estadounidense tras meses de aranceles y las conversaciones, ahora latentes, sobre convertirse en el estado n\u00famero 51, Ford afirm\u00f3 que Trump es profundamente impopular.<\/p>\n<p>&#8220;Probablemente sea el pol\u00edtico m\u00e1s odiado del mundo en Canad\u00e1 porque ha atacado a su familiar m\u00e1s cercano y as\u00ed es como lo vemos&#8221;, declar\u00f3 a Wolf Blitzer de CNN.<\/p>\n<p>&#8220;Cuando hablo con gobernadores, senadores y congresistas, incluso republicanos, discrepo totalmente, pero tienen demasiado miedo de decir algo porque el presidente los perseguir\u00e1&#8221;.<\/p>\n<p>A principios de mes, Trump impuso aranceles del 35% a todos los productos canadienses vendidos en Estados Unidos que no est\u00e9n cubiertos por el acuerdo comercial vigente.<\/p>\n<p>Si bien Ford ha abogado por aranceles equivalentes a d\u00f3lares como respuesta, el primer ministro Mark Carney no ha seguido el consejo, se ha quedado callado y no ha introducido nuevas medidas sobre los productos estadounidenses.<\/p>\n<p>Este mi\u00e9rcoles Ford dijo que le preocupaba que Trump pudiera romper el acuerdo comercial vigente entre Canad\u00e1 y Estados Unidos e iniciar nuevas negociaciones anticipadamente.<\/p>\n<p>&#8220;Este tipo nos ataca&#8221;, dijo. &#8220;Esto no va a ser un paseo. Vamos a hablar de ello y veremos qu\u00e9 pasa. Rezo para que todo salga bien, pero si no, voy a preguntarle a la gente: \u00bfConf\u00edan en Trump? Yo no&#8221;.<\/p>\n<p>En declaraciones a la CNN, no dio m\u00e1s detalles sobre por qu\u00e9 le preocupaba la posibilidad de negociar pronto.<\/p>\n<p>Ford ya hab\u00eda criticado duramente a Trump durante la campa\u00f1a electoral anticipada de febrero y tras su tercera victoria por mayor\u00eda.<\/p>\n<p>En marzo, lo critic\u00f3 al cancelar un contrato con Starlink, de Elon Musk, y retirar el alcohol estadounidense de los estantes de la LCBO.<\/p>\n<p>El propio Trump ha ignorado ampliamente al premier de Ontario, a sus acertados y directos comentarios.<\/p>\n<p>Ford capt\u00f3 su atenci\u00f3n una vez a principios de a\u00f1o con un recargo temporal a las exportaciones de electricidad a Estados Unidos y la amenaza de suspender por completo el suministro a estados del norte, como Nueva York.<\/p>\n<p>La amenaza provoc\u00f3 una respuesta contradictoria, como muchas otras, de Trump, quien calific\u00f3 a Ford de &#8220;hombre fuerte&#8221; antes de presumir de c\u00f3mo se hab\u00eda retirado la amenaza.<\/p>\n<p>&#8220;Tuvimos un problema con Ontario y lo dejaron de lado&#8221;, dijo Trump en marzo. &#8220;Les informamos de lo que \u00edbamos a hacer y lo dejaron de lado de inmediato. Con la electricidad, no se deber\u00eda jugar con ella; afecta la vida de la gente aqu\u00ed&#8221;. \u00bfY acaso, los aranceles no afectan tambi\u00e9n a la gente?<\/p>\n<p>Ford retir\u00f3 el recargo energ\u00e9tico tras apenas 24 horas a cambio de una reuni\u00f3n con el secretario de Comercio, Howard Lutnik, en Washington, D.C.<\/p>\n<p>Si bien ha afirmado que la idea sigue &#8220;sobre la mesa&#8221;, Ford solo ha hablado al respecto en respuesta a preguntas y no ha dado se\u00f1ales de reintroducir el cargo.<\/p>\n","protected":false},"excerpt":{"rendered":"<p>&nbsp; El premier Doug Ford afirm\u00f3 que Donald Trump, es &#8220;probablemente el pol\u00edtico m\u00e1s odiado del mundo&#8221;, intensificando as\u00ed la guerra de declaraciones y aranceles&hellip;<\/p>\n","protected":false},"author":99,"featured_media":534837,"comment_status":"open","ping_status":"open","sticky":false,"template":"","format":"standard","meta":{"footnotes":""},"categories":[21,11191],"tags":[],"class_list":["post-534836","post","type-post","status-publish","format-standard","has-post-thumbnail","hentry","category-canada","category-top-news"],"_links":{"self":[{"href":"https:\/\/diarioelpopular.com\/index.php\/wp-json\/wp\/v2\/posts\/534836","targetHints":{"allow":["GET"]}}],"collection":[{"href":"https:\/\/diarioelpopular.com\/index.php\/wp-json\/wp\/v2\/posts"}],"about":[{"href":"https:\/\/diarioelpopular.com\/index.php\/wp-json\/wp\/v2\/types\/post"}],"author":[{"embeddable":true,"href":"https:\/\/diarioelpopular.com\/index.php\/wp-json\/wp\/v2\/users\/99"}],"replies":[{"embeddable":true,"href":"https:\/\/diarioelpopular.com\/index.php\/wp-json\/wp\/v2\/comments?post=534836"}],"version-history":[{"count":1,"href":"https:\/\/diarioelpopular.com\/index.php\/wp-json\/wp\/v2\/posts\/534836\/revisions"}],"predecessor-version":[{"id":534838,"href":"https:\/\/diarioelpopular.com\/index.php\/wp-json\/wp\/v2\/posts\/534836\/revisions\/534838"}],"wp:featuredmedia":[{"embeddable":true,"href":"https:\/\/diarioelpopular.com\/index.php\/wp-json\/wp\/v2\/media\/534837"}],"wp:attachment":[{"href":"https:\/\/diarioelpopular.com\/index.php\/wp-json\/wp\/v2\/media?parent=534836"}],"wp:term":[{"taxonomy":"category","embeddable":true,"href":"https:\/\/diarioelpopular.com\/index.php\/wp-json\/wp\/v2\/categories?post=534836"},{"taxonomy":"post_tag","embeddable":true,"href":"https:\/\/diarioelpopular.com\/index.php\/wp-json\/wp\/v2\/tags?post=534836"}],"curies":[{"name":"wp","href":"https:\/\/api.w.org\/{rel}","templated":true}]}}