{"id":534861,"date":"2025-08-08T09:58:19","date_gmt":"2025-08-08T13:58:19","guid":{"rendered":"https:\/\/diarioelpopular.com\/?p=534861"},"modified":"2025-08-08T09:58:19","modified_gmt":"2025-08-08T13:58:19","slug":"milei-usa-el-nunca-mas-para-equiparar-el-kirchnerismo-con-el-terrorismo-de-estado","status":"publish","type":"post","link":"https:\/\/diarioelpopular.com\/index.php\/2025\/08\/08\/milei-usa-el-nunca-mas-para-equiparar-el-kirchnerismo-con-el-terrorismo-de-estado\/","title":{"rendered":"Milei usa el \u2018Nunca M\u00e1s\u2019 para equiparar el kirchnerismo con el terrorismo de Estado"},"content":{"rendered":"<div id=\"attachment_534863\" style=\"width: 1210px\" class=\"wp-caption alignnone\"><img loading=\"lazy\" decoding=\"async\" aria-describedby=\"caption-attachment-534863\" class=\"wp-image-534863 size-custom-big-size\" src=\"https:\/\/diarioelpopular.com\/wp-content\/uploads\/2025\/08\/Screen-Shot-2025-08-08-at-9.57.36-AM-1200x773.png\" alt=\"\" width=\"1200\" height=\"773\" srcset=\"https:\/\/diarioelpopular.com\/wp-content\/uploads\/2025\/08\/Screen-Shot-2025-08-08-at-9.57.36-AM-1200x773.png 1200w, https:\/\/diarioelpopular.com\/wp-content\/uploads\/2025\/08\/Screen-Shot-2025-08-08-at-9.57.36-AM-300x193.png 300w, https:\/\/diarioelpopular.com\/wp-content\/uploads\/2025\/08\/Screen-Shot-2025-08-08-at-9.57.36-AM-768x494.png 768w, https:\/\/diarioelpopular.com\/wp-content\/uploads\/2025\/08\/Screen-Shot-2025-08-08-at-9.57.36-AM-85x55.png 85w, https:\/\/diarioelpopular.com\/wp-content\/uploads\/2025\/08\/Screen-Shot-2025-08-08-at-9.57.36-AM-1536x989.png 1536w, https:\/\/diarioelpopular.com\/wp-content\/uploads\/2025\/08\/Screen-Shot-2025-08-08-at-9.57.36-AM-636x409.png 636w, https:\/\/diarioelpopular.com\/wp-content\/uploads\/2025\/08\/Screen-Shot-2025-08-08-at-9.57.36-AM-113x73.png 113w, https:\/\/diarioelpopular.com\/wp-content\/uploads\/2025\/08\/Screen-Shot-2025-08-08-at-9.57.36-AM.png 1024w\" sizes=\"auto, (max-width: 1200px) 100vw, 1200px\" \/><p id=\"caption-attachment-534863\" class=\"wp-caption-text\">Lanzamiento de la campa\u00f1a de La Libertad Avanza, en la provincia de Buenos Aires. Foto LibertadAvanza<\/p><\/div>\n<p>&nbsp;<\/p>\n<p>&nbsp;<\/p>\n<h4 class=\"a_st\"><em>&#8211; El presidente posa junto a sus candidatos con una pancarta con la tipograf\u00eda del informe de la Conadep, que registra los cr\u00edmenes de la dictadura argentina<\/em><\/h4>\n<p>&nbsp;<\/p>\n<p class=\"\">La provocaci\u00f3n permanente de\u00a0<a title=\"https:\/\/elpais.com\/argentina\/2025-07-27\/los-insultos-y-las-agresiones-se-duplican-en-las-redes-sociales-de-argentina-alentados-por-milei.html\" href=\"https:\/\/elpais.com\/argentina\/2025-07-27\/los-insultos-y-las-agresiones-se-duplican-en-las-redes-sociales-de-argentina-alentados-por-milei.html\" target=\"_self\" rel=\"\" data-link-track-dtm=\"\" data-mrf-link=\"https:\/\/elpais.com\/argentina\/2025-07-27\/los-insultos-y-las-agresiones-se-duplican-en-las-redes-sociales-de-argentina-alentados-por-milei.html\">Javier Milei<\/a>\u00a0como estrategia medi\u00e1tica cruz\u00f3 este jueves un nuevo l\u00edmite. El presidente argentino arranc\u00f3 la campa\u00f1a electoral en la provincia de Buenos Aires con una fotograf\u00eda en la que equipara al kirchnerismo con la \u00faltima dictadura.<\/p>\n<p class=\"\">Lo hizo al posar junto a sus candidatos a legisladores bonaerenses en una zona pobre de la periferia de la capital argentina, con una pancarta en la que pod\u00eda leerse: \u201cKirchnerismo Nunca M\u00e1s\u201d. El mensaje reproduce la tipograf\u00eda del emblem\u00e1tico informe\u00a0<i>Nunca M\u00e1s<\/i>\u00a0en el que\u00a0<a title=\"https:\/\/elpais.com\/argentina\/2024-09-20\/a-40-anos-del-informe-nunca-mas-entrar-en-la-conadep-me-puso-en-el-propio-infierno-yo-no-sabia-hasta-que-punto.html\" href=\"https:\/\/elpais.com\/argentina\/2024-09-20\/a-40-anos-del-informe-nunca-mas-entrar-en-la-conadep-me-puso-en-el-propio-infierno-yo-no-sabia-hasta-que-punto.html\" target=\"_blank\" rel=\"noopener\" data-link-track-dtm=\"\" data-mrf-link=\"https:\/\/elpais.com\/argentina\/2024-09-20\/a-40-anos-del-informe-nunca-mas-entrar-en-la-conadep-me-puso-en-el-propio-infierno-yo-no-sabia-hasta-que-punto.html\">la Comisi\u00f3n Nacional Sobre la Desaparici\u00f3n de Personas (Conadep)<\/a>\u00a0document\u00f3 los cr\u00edmenes del terrorismo de Estado y se convirti\u00f3 en un s\u00edmbolo de la lucha contra la impunidad.<\/p>\n<p class=\"\">Desde que lleg\u00f3 al poder, en diciembre de 2023, el Gobierno ultraderechista rompi\u00f3 el consenso pol\u00edtico preexistente con el proceso de memoria, verdad y justicia vigente durante las \u00faltimas cuatro d\u00e9cadas. El presidente argentino niega la cifra de 30.000 desaparecidos que dan las organizaciones de derechos humanos y\u00a0<a title=\"https:\/\/elpais.com\/argentina\/2024-09-20\/a-40-anos-del-informe-nunca-mas-entrar-en-la-conadep-me-puso-en-el-propio-infierno-yo-no-sabia-hasta-que-punto.html\" href=\"https:\/\/elpais.com\/argentina\/2024-09-20\/a-40-anos-del-informe-nunca-mas-entrar-en-la-conadep-me-puso-en-el-propio-infierno-yo-no-sabia-hasta-que-punto.html\" target=\"_blank\" rel=\"noopener\" data-link-track-dtm=\"\" data-mrf-link=\"https:\/\/elpais.com\/argentina\/2024-09-20\/a-40-anos-del-informe-nunca-mas-entrar-en-la-conadep-me-puso-en-el-propio-infierno-yo-no-sabia-hasta-que-punto.html\">algunos de sus legisladores han visitado en la c\u00e1rcel a condenados por delitos de lesa humanidad<\/a>. El ataque no ha sido solo discursivo: en el \u00faltimo a\u00f1o y medio, el Ejecutivo ha desfinanciado\u00a0<a title=\"https:\/\/elpais.com\/argentina\/2025-01-12\/la-motosierra-de-milei-devasta-los-sitios-de-memoria-sobre-los-crimenes-de-la-dictadura.html\" href=\"https:\/\/elpais.com\/argentina\/2025-01-12\/la-motosierra-de-milei-devasta-los-sitios-de-memoria-sobre-los-crimenes-de-la-dictadura.html\" target=\"_self\" rel=\"\" data-link-track-dtm=\"\" data-mrf-link=\"https:\/\/elpais.com\/argentina\/2025-01-12\/la-motosierra-de-milei-devasta-los-sitios-de-memoria-sobre-los-crimenes-de-la-dictadura.html\">las instituciones y pol\u00edticas de derechos humanos.<\/a><\/p>\n<p class=\"\">En la imagen, se ve a Milei en el centro, rodeado por integrantes de su Gabinete y por referentes del oficialista Frente Libertad Avanza en la campa\u00f1a electoral para las elecciones bonaerenses del pr\u00f3ximo 7 de septiembre. Milei viste de negro; los dem\u00e1s, de violeta, el color del partido que encabeza.<\/p>\n<p class=\"\">Acompa\u00f1a al mandatario su hermana y secretaria de la Presidencia, Karina Milei; la ministra de Seguridad, Patricia Bullrich; el presidente del partido en la provincia, Sebasti\u00e1n Pareja; y las figuras m\u00e1s conocidas de sus candidatos a diputados y senadores. Entre ellos est\u00e1n el expolic\u00eda Maximiliano Bondarenko; el alcalde de Tres de Febrero, Diego Valenzuela; el diputado Jos\u00e9 Luis Espert y la concejal Natalia Blanco. Cierra la fotograf\u00eda Cristian Ritondo, uno de los referentes del Pro fundado por Mauricio Macri.<\/p>\n<p class=\"\">El Pro intent\u00f3 disputar sin \u00e9xito el liderazgo de la derecha a los hermanos Milei en su feudo, la ciudad de Buenos Aires, en la que gobierna de forma ininterrumpida desde hace 18 a\u00f1os. Tras quedar terceros, por detr\u00e1s incluso del peronismo, en las elecciones legislativas del pasado 18 de mayo, la direcci\u00f3n del partido acept\u00f3 las condiciones impuestas por La Libertad Avanza para concurrir en el mismo frente electoral en la provincia m\u00e1s poblada del pa\u00eds, en la que reside m\u00e1s de un tercio de la poblaci\u00f3n total. Este jueves, \u00faltimo d\u00eda para el cierre de alianzas de cara a los comicios legislativos nacionales del 26 de octubre, ambos partidos se aprestaban a cerrar listas comunes en otra decena de provincias.<\/p>\n<p class=\"\">Los protagonistas de la fotograf\u00eda la replicaron en las redes sociales, el terreno favorito de Milei, donde se viraliz\u00f3 con rapidez. La catarata de mensajes a favor y en contra desvi\u00f3 la atenci\u00f3n de la dura\u00a0<a title=\"https:\/\/elpais.com\/argentina\/2025-08-07\/en-un-desafio-a-milei-la-oposicion-en-diputados-aprueba-mas-fondos-para-las-universidades.html\" href=\"https:\/\/elpais.com\/argentina\/2025-08-07\/en-un-desafio-a-milei-la-oposicion-en-diputados-aprueba-mas-fondos-para-las-universidades.html\" target=\"_self\" rel=\"\" data-link-track-dtm=\"\" data-mrf-link=\"https:\/\/elpais.com\/argentina\/2025-08-07\/en-un-desafio-a-milei-la-oposicion-en-diputados-aprueba-mas-fondos-para-las-universidades.html\">derrota legislativa sufrida por el Gobierno en el Congreso\u00a0<\/a>un d\u00eda antes y anticipa que se avecina una campa\u00f1a tensa y polarizada. El kirchnerismo, la rama dominante en el peronismo desde hace dos d\u00e9cadas, se alista para defender su principal basti\u00f3n, gobernado por el exministro de Econom\u00eda Axel Kicillof desde hace siete a\u00f1os. La ultraderecha encabezada por Milei, primera en los sondeos, quiere convertir la cita en las urnas en una elecci\u00f3n entre \u201clibertad o kirchnerismo\u201d. El presidente argentino responsabiliza a los partidarios de la expresidente y convicta Cristina Kirchner de la situaci\u00f3n econ\u00f3mica del pa\u00eds, donde el 38% de la poblaci\u00f3n es pobre. El escenario elegido para la fotograf\u00eda, una barriada precaria de La Matanza, donde el peronismo ha resultado hasta ahora imbatible en las urnas, refuerza ese mensaje.<\/p>\n<p class=\"\">Ambos bloques aspiran a concentrar el mayor porcentaje de votos y dejar as\u00ed fuera a los dem\u00e1s partidos, en especial a aquellos que intentan posicionarse como una alternativa moderada a ambos.<\/p>\n","protected":false},"excerpt":{"rendered":"<p>&nbsp; &nbsp; &#8211; El presidente posa junto a sus candidatos con una pancarta con la tipograf\u00eda del informe de la Conadep, que registra los cr\u00edmenes&hellip;<\/p>\n","protected":false},"author":99,"featured_media":534863,"comment_status":"open","ping_status":"open","sticky":false,"template":"","format":"standard","meta":{"footnotes":""},"categories":[23],"tags":[],"class_list":["post-534861","post","type-post","status-publish","format-standard","has-post-thumbnail","hentry","category-latinoamerica"],"_links":{"self":[{"href":"https:\/\/diarioelpopular.com\/index.php\/wp-json\/wp\/v2\/posts\/534861","targetHints":{"allow":["GET"]}}],"collection":[{"href":"https:\/\/diarioelpopular.com\/index.php\/wp-json\/wp\/v2\/posts"}],"about":[{"href":"https:\/\/diarioelpopular.com\/index.php\/wp-json\/wp\/v2\/types\/post"}],"author":[{"embeddable":true,"href":"https:\/\/diarioelpopular.com\/index.php\/wp-json\/wp\/v2\/users\/99"}],"replies":[{"embeddable":true,"href":"https:\/\/diarioelpopular.com\/index.php\/wp-json\/wp\/v2\/comments?post=534861"}],"version-history":[{"count":1,"href":"https:\/\/diarioelpopular.com\/index.php\/wp-json\/wp\/v2\/posts\/534861\/revisions"}],"predecessor-version":[{"id":534864,"href":"https:\/\/diarioelpopular.com\/index.php\/wp-json\/wp\/v2\/posts\/534861\/revisions\/534864"}],"wp:featuredmedia":[{"embeddable":true,"href":"https:\/\/diarioelpopular.com\/index.php\/wp-json\/wp\/v2\/media\/534863"}],"wp:attachment":[{"href":"https:\/\/diarioelpopular.com\/index.php\/wp-json\/wp\/v2\/media?parent=534861"}],"wp:term":[{"taxonomy":"category","embeddable":true,"href":"https:\/\/diarioelpopular.com\/index.php\/wp-json\/wp\/v2\/categories?post=534861"},{"taxonomy":"post_tag","embeddable":true,"href":"https:\/\/diarioelpopular.com\/index.php\/wp-json\/wp\/v2\/tags?post=534861"}],"curies":[{"name":"wp","href":"https:\/\/api.w.org\/{rel}","templated":true}]}}