{"id":534866,"date":"2025-08-08T10:09:52","date_gmt":"2025-08-08T14:09:52","guid":{"rendered":"https:\/\/diarioelpopular.com\/?p=534866"},"modified":"2025-08-08T10:09:52","modified_gmt":"2025-08-08T14:09:52","slug":"la-ostentacion-y-los-viajes-de-los-dirigentes-de-morena-contradicen-el-discurso-de-austeridad-de-claudia-sheinbaum","status":"publish","type":"post","link":"https:\/\/diarioelpopular.com\/index.php\/2025\/08\/08\/la-ostentacion-y-los-viajes-de-los-dirigentes-de-morena-contradicen-el-discurso-de-austeridad-de-claudia-sheinbaum\/","title":{"rendered":"La ostentaci\u00f3n y los viajes de los dirigentes de Morena contradicen el discurso de austeridad de Claudia Sheinbaum"},"content":{"rendered":"<div id=\"attachment_534867\" style=\"width: 1210px\" class=\"wp-caption alignnone\"><img loading=\"lazy\" decoding=\"async\" aria-describedby=\"caption-attachment-534867\" class=\"wp-image-534867 size-custom-big-size\" src=\"https:\/\/diarioelpopular.com\/wp-content\/uploads\/2025\/08\/Screen-Shot-2025-08-08-at-10.09.09-AM-1200x680.png\" alt=\"\" width=\"1200\" height=\"680\" srcset=\"https:\/\/diarioelpopular.com\/wp-content\/uploads\/2025\/08\/Screen-Shot-2025-08-08-at-10.09.09-AM-1200x680.png 1200w, https:\/\/diarioelpopular.com\/wp-content\/uploads\/2025\/08\/Screen-Shot-2025-08-08-at-10.09.09-AM-300x170.png 300w, https:\/\/diarioelpopular.com\/wp-content\/uploads\/2025\/08\/Screen-Shot-2025-08-08-at-10.09.09-AM-768x435.png 768w, https:\/\/diarioelpopular.com\/wp-content\/uploads\/2025\/08\/Screen-Shot-2025-08-08-at-10.09.09-AM-1536x871.png 1536w, https:\/\/diarioelpopular.com\/wp-content\/uploads\/2025\/08\/Screen-Shot-2025-08-08-at-10.09.09-AM-636x361.png 636w, https:\/\/diarioelpopular.com\/wp-content\/uploads\/2025\/08\/Screen-Shot-2025-08-08-at-10.09.09-AM-129x73.png 129w, https:\/\/diarioelpopular.com\/wp-content\/uploads\/2025\/08\/Screen-Shot-2025-08-08-at-10.09.09-AM.png 1024w\" sizes=\"auto, (max-width: 1200px) 100vw, 1200px\" \/><p id=\"caption-attachment-534867\" class=\"wp-caption-text\">Ricardo Monreal, Mario Delgado y Andr\u00e9s L\u00f3pez Beltran.<\/p><\/div>\n<p>&nbsp;<\/p>\n<p>&nbsp;<\/p>\n<h4 class=\"a_st\"><em>La presidente mexicana evita la confrontaci\u00f3n con los miembros de su partido, pero insiste en que \u201cel poder se ejerce con humildad y sencillez\u201d<\/em><\/h4>\n<p>&nbsp;<\/p>\n<p class=\"\">Relojes de lujo, joyas exclusivas y ropa de dise\u00f1o. La ostentaci\u00f3n de la que ha hecho gala el presidente de la C\u00e1mara de Diputados de M\u00e9xico, Sergio Guti\u00e9rrez Luna, vuelve a meter el dedo en el ojo de la mandataria, Claudia Sheinbaum.<\/p>\n<p class=\"\">\u201cEl poder se ejerce con humildad y sencillez\u201d, repite cada d\u00eda en sus conferencias matutinas, solo para ser contradecida por los miembros de su propio partido, Morena, casi cada semana. Los art\u00edculos con los que el l\u00edder morenista ha sido fotografiado suman cifras millonarias e inaccesibles para la inmensa mayor\u00eda social del pa\u00eds, una flagrante contradicci\u00f3n del principio de austeridad republicana que impuls\u00f3 el expresidente Andr\u00e9s Manuel L\u00f3pez Obrador y que hoy se ha convertido en un campo de minas para el Gobierno, especialmente en las vacaciones de verano.<\/p>\n<p class=\"\">Cada tanto aparece alg\u00fan dirigente del partido en alg\u00fan rinc\u00f3n del globo alejado de M\u00e9xico, y el goteo de casos <a title=\"https:\/\/elpais.com\/mexico\/2025-07-28\/sheinbaum-sobre-los-viajes-de-vacaciones-de-los-integrantes-de-morena-cada-quien-sera-reconocido-por-su-comportamiento.html#?rel=mas\" href=\"https:\/\/elpais.com\/mexico\/2025-07-28\/sheinbaum-sobre-los-viajes-de-vacaciones-de-los-integrantes-de-morena-cada-quien-sera-reconocido-por-su-comportamiento.html#?rel=mas\" target=\"_self\" rel=\"\" data-link-track-dtm=\"\" data-mrf-link=\"https:\/\/elpais.com\/mexico\/2025-07-28\/sheinbaum-sobre-los-viajes-de-vacaciones-de-los-integrantes-de-morena-cada-quien-sera-reconocido-por-su-comportamiento.html\">obliga a la mandataria a responder por ello\u00a0<\/a>diariamente. Sheinbaum ha evitado la confrontaci\u00f3n directa, pero no se ahorra el rega\u00f1o. \u201cRepresentamos un movimiento. Nos eval\u00faa el pueblo siempre\u201d, les insiste.<\/p>\n<p class=\"\">El lujo y los continuos viajes internacionales objeto de discusi\u00f3n alcanzan a diversos altos perfiles de la formaci\u00f3n gobernante. El \u00faltimo ha sido Guti\u00e9rrez Luna, que tambi\u00e9n ha sido descubierto asistiendo junto a su mujer, diputada del Partido del Trabajo, a un evento exclusivo de la F\u00f3rmula 1 cuya entrada costaba varios miles de d\u00f3lares; pero no es el \u00fanico. El hijo del expresidente y actual secretario de Organizaci\u00f3n de Morena, <a title=\"https:\/\/elpais.com\/mexico\/2025-08-06\/sheinbaum-insiste-a-andres-manuel-lopez-beltran-que-el-poder-se-ejerce-con-humildad-y-sencillez.html\" href=\"https:\/\/elpais.com\/mexico\/2025-08-06\/sheinbaum-insiste-a-andres-manuel-lopez-beltran-que-el-poder-se-ejerce-con-humildad-y-sencillez.html\" target=\"_self\" rel=\"\" data-link-track-dtm=\"\" data-mrf-link=\"https:\/\/elpais.com\/mexico\/2025-08-06\/sheinbaum-insiste-a-andres-manuel-lopez-beltran-que-el-poder-se-ejerce-con-humildad-y-sencillez.html\">Andr\u00e9s Manuel L\u00f3pez Beltr\u00e1n<\/a>, protagoniz\u00f3 otro episodio similar apenas unos d\u00edas antes. El pol\u00edtico fue fotografiado esta semana en Tokio, en Jap\u00f3n, en un hotel de lujo. En una carta publicada despu\u00e9s de que saliera a la luz, L\u00f3pez Beltr\u00e1n justifica que se trat\u00f3 de un viaje sufragado con su propio dinero, el principal argumento al que han recurrido quienes, como \u00e9l, se han visto forzados a dar explicaciones por sus vacaciones.<\/p>\n<div id=\"elpais_gpt-INTEXT\" data-google-query-id=\"CJ7E6NSv-44DFVroGAIdPIsoEw\">\n<div id=\"google_ads_iframe_7811748\/elpais_mexico_web_5__container__\" class=\"primisslate\">\n<div id=\"primis_container_div_689602b1db2b9\">\n<p class=\"\">La cuesti\u00f3n, sin embargo, es m\u00e1s enredada. El principio de austeridad que promueve el movimiento de la presidente no alcanza solo al gasto p\u00fablico, sino muy especialmente al lujoso estilo de vida de los pol\u00edticos, cuyos l\u00edmites son mucho m\u00e1s dif\u00edciles de definir. \u201cEn un contexto de bajo crecimiento econ\u00f3mico, de mucha desigualdad y de amplia pobreza en el pa\u00eds, se presentaba como un tema de justicia social\u201d, recapitula Gustavo Mart\u00ednez, polit\u00f3logo de la Universidad Nacional Aut\u00f3noma de M\u00e9xico (UNAM). En ese marco, no solo importa si los recursos son p\u00fablicos o privados, sino si el comportamiento se ajusta al principio de vida sencilla que debe regir entre los representantes de la Cuarta Transformaci\u00f3n, el nombre con el que L\u00f3pez Obrador design\u00f3 al movimiento.<\/p>\n<p class=\"\">Muchos\u00a0<a title=\"https:\/\/elpais.com\/mexico\/2025-07-30\/luisa-alcalde-sobre-las-lujosas-vacaciones-de-los-politicos-de-morena-si-danamos-al-partido-que-le-queda-de-alternativa-a-este-pais.html#?rel=mas\" href=\"https:\/\/elpais.com\/mexico\/2025-07-30\/luisa-alcalde-sobre-las-lujosas-vacaciones-de-los-politicos-de-morena-si-danamos-al-partido-que-le-queda-de-alternativa-a-este-pais.html#?rel=mas\" target=\"_self\" rel=\"\" data-link-track-dtm=\"\" data-mrf-link=\"https:\/\/elpais.com\/mexico\/2025-07-30\/luisa-alcalde-sobre-las-lujosas-vacaciones-de-los-politicos-de-morena-si-danamos-al-partido-que-le-queda-de-alternativa-a-este-pais.html\">han suspendido<\/a>\u00a0este examen autoimpuesto. El secretario de Educaci\u00f3n, Mario Delgado, fue se\u00f1alado por su viaje a Portugal. El presidente del Senado, Gerardo Fern\u00e1ndez Noro\u00f1a, por su visita a Roma, y tambi\u00e9n el coordinador de los diputados morenistas, Ricardo Monreal, fue reprendido por veranear en Espa\u00f1a. Para Monreal ya era, adem\u00e1s, la segunda pol\u00e9mica del a\u00f1o por una cuesti\u00f3n similar, pues en noviembre\u00a0<a title=\"https:\/\/elpais.com\/mexico\/2024-11-15\/monreal-se-disculpa-por-usar-viajar-en-helicoptero-intentare-que-no-se-repita.html#?rel=mas\" href=\"https:\/\/elpais.com\/mexico\/2024-11-15\/monreal-se-disculpa-por-usar-viajar-en-helicoptero-intentare-que-no-se-repita.html#?rel=mas\" target=\"_self\" rel=\"\" data-link-track-dtm=\"\" data-mrf-link=\"https:\/\/elpais.com\/mexico\/2024-11-15\/monreal-se-disculpa-por-usar-viajar-en-helicoptero-intentare-que-no-se-repita.html\">tuvo que disculparse por utilizar un helic\u00f3ptero privado\u00a0<\/a>para trasladarse desde el Congreso. \u201cIntentar\u00e9 que no se repitan este tipo de situaciones que, aunque de buena fe y utilizadas s\u00f3lo en caso de emergencias o excepcionales, pueden causar alguna afectaci\u00f3n a nuestro movimiento\u201d, dijo entonces, tras la reprobaci\u00f3n de la mandataria, que le record\u00f3 que deb\u00edan \u201cser ejemplo\u201d. La presidente de Morena, Luisa Mar\u00eda Alcalde, tambi\u00e9n ha cuestionado la pertinencia de estos viajes que amenazan con minar el cr\u00e9dito del partido. \u201cSi da\u00f1amos a Morena, \u00bfqu\u00e9 le queda de alternativa a este pa\u00eds?\u201d, ha espetado a sus compa\u00f1eros.<\/p>\n<p class=\"\">A pesar de esos rega\u00f1os, las llamadas al orden de Sheinbaum no han ido m\u00e1s all\u00e1 de los recordatorios, las recomendaciones o la repetici\u00f3n de los principios rectores del movimiento: directrices generales que evitan crear un conflicto personal en el interior del partido, habida cuenta de que tiene otras batallas m\u00e1s importantes que librar, y quiz\u00e1 no pueda ganarlas todas. La firmeza con la que cada d\u00eda capea el temporal desatado por Trump, reconocida por propios y ajenos, contrasta con el titubeante dominio que tiene sobre el partido, donde su autoridad se ve comprometida cada tanto por las imprudencias de algunos de sus miembros.<\/p>\n<p class=\"\">\u201cEs una presidente que tiene poco control sobre su formaci\u00f3n y que constantemente tiene que estar haciendo concesiones o llamamientos para mantener el orden\u201d, incide el experto de la UNAM: \u201cPero al menos en t\u00e9rminos p\u00fablicos no le conviene hacer confrontaci\u00f3n por estos temas, por eso los mensajes son escuetos. Corre el riesgo de partir el partido, ampliar las posibilidades de que se generen corrientes internas o perder capacidad para disciplinar. Hay otros temas m\u00e1s importantes para ella\u201d.<\/p>\n<p class=\"\">La energ\u00eda y los esfuerzos de la presidente est\u00e1n volcados en la reforma electoral con la que enfila la recta final de su primer a\u00f1o de Gobierno. A Sheinbaum todav\u00eda le faltan los votos de sus aliados en el Congreso \u2014el Partido Verde y el del Trabajo\u2014 para sacar adelante una de las \u00faltimas grandes apuestas de su predecesor. Y tambi\u00e9n aqu\u00ed la austeridad republicana juega su papel. Entre las propuestas que deber\u00e1n debatir los legisladores se encuentra la reducci\u00f3n de la financiaci\u00f3n del organismo encargado de organizar los comicios, el INE, y la financiaci\u00f3n de los partidos durante los periodos ordinarios, es decir, cuando no hay campa\u00f1as ni elecciones a la vista.<\/p>\n<p class=\"\">El Ejecutivo de Sheinbaum, como antes el de L\u00f3pez Obrador, justifica la pertinencia de esta medida en ese principio rector. \u201cA la gente no le gusta que los partidos pol\u00edticos tengan tantos recursos, no hace falta. Y no le gusta que haya tantos recursos destinados a las elecciones, tampoco hace falta para que haya elecciones democr\u00e1ticas\u201d, ha dicho esta misma semana, preguntada por la reforma, sobre la que\u00a0<a title=\"https:\/\/elpais.com\/mexico\/2025-08-04\/sheinbaum-anuncia-una-encuesta-para-que-los-ciudadanos-opinen-de-la-financiacion-de-los-partidos.html\" href=\"https:\/\/elpais.com\/mexico\/2025-08-04\/sheinbaum-anuncia-una-encuesta-para-que-los-ciudadanos-opinen-de-la-financiacion-de-los-partidos.html\" target=\"_self\" rel=\"\" data-link-track-dtm=\"\" data-mrf-link=\"https:\/\/elpais.com\/mexico\/2025-08-04\/sheinbaum-anuncia-una-encuesta-para-que-los-ciudadanos-opinen-de-la-financiacion-de-los-partidos.html\">ha anunciado que har\u00e1 una encuesta popular<\/a>.<\/p>\n<p class=\"\">La reducci\u00f3n de la financiaci\u00f3n p\u00fablica al organismo electoral y a los partidos, cuestionada por voces de diferentes sectores, encuentra sin embargo un caldo de cultivo favorable en el rechazo a la clase pol\u00edtica que predomina entre la poblaci\u00f3n desde hace m\u00e1s de una d\u00e9cada. Es ese mismo rechazo el que alimenta el escrutinio p\u00fablico al que se someten los viajes y contradicciones de los dirigentes de Morena. Falta comprobar si el viento que sopla a favor de la reforma le pasar\u00e1 factura por el lado de la ostentaci\u00f3n.<\/p>\n<\/div>\n<\/div>\n<\/div>\n","protected":false},"excerpt":{"rendered":"<p>&nbsp; &nbsp; La presidente mexicana evita la confrontaci\u00f3n con los miembros de su partido, pero insiste en que \u201cel poder se ejerce con humildad y&hellip;<\/p>\n","protected":false},"author":99,"featured_media":534867,"comment_status":"open","ping_status":"open","sticky":false,"template":"","format":"standard","meta":{"footnotes":""},"categories":[23],"tags":[],"class_list":["post-534866","post","type-post","status-publish","format-standard","has-post-thumbnail","hentry","category-latinoamerica"],"_links":{"self":[{"href":"https:\/\/diarioelpopular.com\/index.php\/wp-json\/wp\/v2\/posts\/534866","targetHints":{"allow":["GET"]}}],"collection":[{"href":"https:\/\/diarioelpopular.com\/index.php\/wp-json\/wp\/v2\/posts"}],"about":[{"href":"https:\/\/diarioelpopular.com\/index.php\/wp-json\/wp\/v2\/types\/post"}],"author":[{"embeddable":true,"href":"https:\/\/diarioelpopular.com\/index.php\/wp-json\/wp\/v2\/users\/99"}],"replies":[{"embeddable":true,"href":"https:\/\/diarioelpopular.com\/index.php\/wp-json\/wp\/v2\/comments?post=534866"}],"version-history":[{"count":1,"href":"https:\/\/diarioelpopular.com\/index.php\/wp-json\/wp\/v2\/posts\/534866\/revisions"}],"predecessor-version":[{"id":534868,"href":"https:\/\/diarioelpopular.com\/index.php\/wp-json\/wp\/v2\/posts\/534866\/revisions\/534868"}],"wp:featuredmedia":[{"embeddable":true,"href":"https:\/\/diarioelpopular.com\/index.php\/wp-json\/wp\/v2\/media\/534867"}],"wp:attachment":[{"href":"https:\/\/diarioelpopular.com\/index.php\/wp-json\/wp\/v2\/media?parent=534866"}],"wp:term":[{"taxonomy":"category","embeddable":true,"href":"https:\/\/diarioelpopular.com\/index.php\/wp-json\/wp\/v2\/categories?post=534866"},{"taxonomy":"post_tag","embeddable":true,"href":"https:\/\/diarioelpopular.com\/index.php\/wp-json\/wp\/v2\/tags?post=534866"}],"curies":[{"name":"wp","href":"https:\/\/api.w.org\/{rel}","templated":true}]}}