{"id":534870,"date":"2025-08-08T10:21:20","date_gmt":"2025-08-08T14:21:20","guid":{"rendered":"https:\/\/diarioelpopular.com\/?p=534870"},"modified":"2025-08-08T10:21:20","modified_gmt":"2025-08-08T14:21:20","slug":"una-sobreviviente-de-cancer-y-un-jornalero-con-10-anos-en-estados-unidos-los-migrantes-detenidos-por-trump-a-los-que-se-les-niega-la-fianza","status":"publish","type":"post","link":"https:\/\/diarioelpopular.com\/index.php\/2025\/08\/08\/una-sobreviviente-de-cancer-y-un-jornalero-con-10-anos-en-estados-unidos-los-migrantes-detenidos-por-trump-a-los-que-se-les-niega-la-fianza\/","title":{"rendered":"Una sobreviviente de c\u00e1ncer y un jornalero con 10 a\u00f1os en Estados Unidos: los migrantes detenidos por Trump a los que se les niega la fianza"},"content":{"rendered":"<div id=\"attachment_534871\" style=\"width: 1210px\" class=\"wp-caption alignnone\"><img loading=\"lazy\" decoding=\"async\" aria-describedby=\"caption-attachment-534871\" class=\"wp-image-534871 size-custom-big-size\" src=\"https:\/\/diarioelpopular.com\/wp-content\/uploads\/2025\/08\/Screen-Shot-2025-08-08-at-10.20.32-AM-1200x804.png\" alt=\"\" width=\"1200\" height=\"804\" srcset=\"https:\/\/diarioelpopular.com\/wp-content\/uploads\/2025\/08\/Screen-Shot-2025-08-08-at-10.20.32-AM-1200x804.png 1200w, https:\/\/diarioelpopular.com\/wp-content\/uploads\/2025\/08\/Screen-Shot-2025-08-08-at-10.20.32-AM-300x201.png 300w, https:\/\/diarioelpopular.com\/wp-content\/uploads\/2025\/08\/Screen-Shot-2025-08-08-at-10.20.32-AM-768x514.png 768w, https:\/\/diarioelpopular.com\/wp-content\/uploads\/2025\/08\/Screen-Shot-2025-08-08-at-10.20.32-AM-1536x1029.png 1536w, https:\/\/diarioelpopular.com\/wp-content\/uploads\/2025\/08\/Screen-Shot-2025-08-08-at-10.20.32-AM-636x426.png 636w, https:\/\/diarioelpopular.com\/wp-content\/uploads\/2025\/08\/Screen-Shot-2025-08-08-at-10.20.32-AM-80x55.png 80w, https:\/\/diarioelpopular.com\/wp-content\/uploads\/2025\/08\/Screen-Shot-2025-08-08-at-10.20.32-AM-109x73.png 109w, https:\/\/diarioelpopular.com\/wp-content\/uploads\/2025\/08\/Screen-Shot-2025-08-08-at-10.20.32-AM.png 1024w\" sizes=\"auto, (max-width: 1200px) 100vw, 1200px\" \/><p id=\"caption-attachment-534871\" class=\"wp-caption-text\">Detenci\u00f3n de un migrante al asistir a un tribunal de inmigraci\u00f3n de Nueva York, en julio de 2025. Foto\u00a0 Mostafa Bassim (Getty Images)<\/p><\/div>\n<p>&nbsp;<\/p>\n<p>&nbsp;<\/p>\n<h4 class=\"a_st\"><em>&#8211; Abogados denuncian las consecuencias de la pol\u00edtica de la Administraci\u00f3n del republicano que requiere que todo indocumentado permanezca en detenci\u00f3n los meses o a\u00f1os que tarden sus procesos de deportaci\u00f3n<\/em><\/h4>\n<p>&nbsp;<\/p>\n<p class=\"\">Un trabajador agr\u00edcola sin antecedentes penales, con esposa y ni\u00f1os que son ciudadanos estadounidenses, y que lleva m\u00e1s de 10 a\u00f1os viviendo en Texas. Una madre soltera sobreviviente de c\u00e1ncer, que entr\u00f3 al pa\u00eds hace m\u00e1s de dos d\u00e9cadas. Estos son solo dos ejemplos de los miles inmigrantes que permanecen detenidos en centros de procesamiento del Servicio de Inmigraci\u00f3n y Control de Aduanas (ICE, por sus siglas en ingl\u00e9s) como resultado de una nueva pol\u00edtica de Trump <a title=\"https:\/\/elpais.com\/us\/migracion\/2025-07-15\/el-gobierno-de-trump-declara-a-millones-de-indocumentados-inelegibles-para-audiencias-de-libertad-bajo-fianza.html\" href=\"https:\/\/elpais.com\/us\/migracion\/2025-07-15\/el-gobierno-de-trump-declara-a-millones-de-indocumentados-inelegibles-para-audiencias-de-libertad-bajo-fianza.html\" target=\"_self\" rel=\"\" data-link-track-dtm=\"\" data-mrf-link=\"https:\/\/elpais.com\/us\/migracion\/2025-07-15\/el-gobierno-de-trump-declara-a-millones-de-indocumentados-inelegibles-para-audiencias-de-libertad-bajo-fianza.html\">que les impide solicitar la libertad bajo fianza<\/a>, sin importar el tiempo que llevan en Estados Unidos ni su r\u00e9cord penal.<\/p>\n<p class=\"\">Dicha pol\u00edtica discriminatoria, anunciada en julio pasado por el Departamento de Seguridad Nacional, instruye a los empleados del ICE a considerar que cualquier persona que haya entrado al pa\u00eds sin admisi\u00f3n, est\u00e9 sujeta a detenci\u00f3n obligatoria \u201cdurante toda la duraci\u00f3n de sus procesos de deportaci\u00f3n\u201d. Como resultado, denuncian abogados especializados en inmigraci\u00f3n, los inmigrantes permanecen indefinidamente en prisi\u00f3n mientras se eval\u00faan sus casos, lo cual puede tardar meses o a\u00f1os.<\/p>\n<div>\n<div id=\"primisPlayerContainerDiv\" class=\"primisslate\">\n<div id=\"primis_container_div_689605b0369dd\">\n<p class=\"\">El trabajador agr\u00edcola, un mexicano de unos 30 a\u00f1os, fue detenido en un punto de control. Seg\u00fan Pedro L\u00f3pez, el letrado de inmigraci\u00f3n que lleva el caso, su cliente pasaba por all\u00ed todos los d\u00edas, pero esta vez lo arrestaron y luego le negaron la fianza. \u201cEse muchacho es un\u00a0<i>boy scout<\/i>, quiero decir, que se porta bien, es un padre ejemplar. Trabaja en un rancho. Su vida se resume en cuidar de su familia y trabajar honradamente\u201d, asegur\u00f3 el abogado.<\/p>\n<p class=\"\">A pesar de que el hombre est\u00e1\u00a0<a title=\"https:\/\/elpais.com\/us\/migracion\/2025-08-06\/la-administracion-trump-endurece-la-obtencion-de-la-residencia-permanente-para-conyuges-extranjeros-de-ciudadanos-estadounidenses.html\" href=\"https:\/\/elpais.com\/us\/migracion\/2025-08-06\/la-administracion-trump-endurece-la-obtencion-de-la-residencia-permanente-para-conyuges-extranjeros-de-ciudadanos-estadounidenses.html\" target=\"_self\" rel=\"\" data-link-track-dtm=\"\" data-mrf-link=\"https:\/\/elpais.com\/us\/migracion\/2025-08-06\/la-administracion-trump-endurece-la-obtencion-de-la-residencia-permanente-para-conyuges-extranjeros-de-ciudadanos-estadounidenses.html\">casado con una ciudadana estadounidense<\/a>, nunca regulariz\u00f3 su estatus migratorio. Ahora, el hecho de que est\u00e9 detenido complica su defensa. \u201cNo puede cooperar \u00f3ptimamente y los t\u00e9rminos para someter su defensa van a correr mucho m\u00e1s r\u00e1pido\u201d, explic\u00f3 L\u00f3pez. Esto significa que el abogado tiene menos tiempo del usual para dise\u00f1ar su estrategia. Para el alivio que est\u00e1 preparando, debe probar que su cliente ha vivido por al menos 10 a\u00f1os en Estados Unidos. Aunque tenga manera de demostrarlo, reunir la documentaci\u00f3n mientras su cliente permanece en el centro de detenci\u00f3n es mucho m\u00e1s dif\u00edcil. \u201cNosotros estamos enfocados en tratar de trabajar con la apelaci\u00f3n, porque me dieron unos\u00a0<i>deadlines<\/i>\u00a0un poco agresivos. Solo he hablado con \u00e9l muy brevemente, as\u00ed que tengo que hacer todo a trav\u00e9s de su esposa\u201d, a\u00f1adi\u00f3 el letrado.<\/p>\n<p class=\"\">Para L\u00f3pez, el panorama se ha vuelto m\u00e1s complicado a\u00fan porque muchos jueces \u201cest\u00e1n interpretando err\u00f3neamente\u201d la nueva pol\u00edtica \u201cy le est\u00e1n negando la fianza a todo el mundo\u201d que pase por las cortes de inmigraci\u00f3n.<\/p>\n<p class=\"\">El pasado 19 de junio, la madre soltera Ana Franco Galdamez fue arrestada en Los \u00c1ngeles,\u00a0<a title=\"https:\/\/elpais.com\/us\/migracion\/2025-07-11\/muere-un-trabajador-tras-una-redada-contra-inmigrantes-en-granjas-de-cannabis-en-california.html\" href=\"https:\/\/elpais.com\/us\/migracion\/2025-07-11\/muere-un-trabajador-tras-una-redada-contra-inmigrantes-en-granjas-de-cannabis-en-california.html\" target=\"_self\" rel=\"\" data-link-track-dtm=\"\" data-mrf-link=\"https:\/\/elpais.com\/us\/migracion\/2025-07-11\/muere-un-trabajador-tras-una-redada-contra-inmigrantes-en-granjas-de-cannabis-en-california.html\">durante una operaci\u00f3n migratoria a gran escala<\/a>. Llevaba m\u00e1s de dos d\u00e9cadas en Estados Unidos sin haber tenido ni un contacto m\u00ednimo con las autoridades migratorias. Adem\u00e1s de criar a sus dos hijos, Franco acababa de finalizar un tratamiento contra el c\u00e1ncer de mama.<\/p>\n<p class=\"\">Actualmente, se encuentra detenida en el Centro de Procesamiento del ICE en la ciudad de Adelanto, California. La acusaron de ser inadmisible por, presuntamente, haber ingresado al pa\u00eds sin inspecci\u00f3n. No ha podido hacerse una mamograf\u00eda de seguimiento y no hay certeza de cu\u00e1ndo podr\u00eda salir, pues le fue denegada la fianza a pesar de que las cartas de apoyo que acompa\u00f1aron su solicitud la describen como una mujer \u00edntegra, trabajadora y comprometida con su familia. La posibilidad de apelar la decisi\u00f3n ante la Junta de Inmigraci\u00f3n y Aduanas, seg\u00fan el expediente judicial, no tiene efecto pr\u00e1ctico.<\/p>\n<p class=\"\">La historia de Ana Franco forma parte de\u00a0<a title=\"https:\/\/www.aclu.org\/press-releases\/groups-sue-trump-administration-over-stripping-bond-eligibility-for-millions-of-immigrants\" href=\"https:\/\/www.aclu.org\/press-releases\/groups-sue-trump-administration-over-stripping-bond-eligibility-for-millions-of-immigrants\" target=\"_blank\" rel=\"noopener\" data-link-track-dtm=\"\" data-mrf-link=\"https:\/\/www.aclu.org\/press-releases\/groups-sue-trump-administration-over-stripping-bond-eligibility-for-millions-of-immigrants\">una demanda colectiva presentada a finales del mes pasado<\/a> contra el Gobierno federal por la Uni\u00f3n Estadounidense por las Libertades Civiles (ACLU, por sus siglas en ingl\u00e9s), que tiene el objetivo de impugnar esta nueva pol\u00edtica. La organizaci\u00f3n, seg\u00fan declaraciones ofrecidas, tambi\u00e9n pretende hacer frente a una pol\u00edtica espec\u00edfica de California, donde los jueces del tribunal de inmigraci\u00f3n de Adelanto est\u00e1n negando la libertad bajo fianza.<\/p>\n<p class=\"\">En el documento se presentan otras historias de inmigrantes cuyas vidas han sido afectadas por esta pol\u00edtica. Un empaquetador de ropa \u201ctrabajador y respetuoso\u201d que ha vivido cuatro a\u00f1os en Los \u00c1ngeles; un padre de cuatro hijos que lleva 20 a\u00f1os en Estados Unidos; el progenitor de una ni\u00f1a que depende completamente de \u00e9l. <a title=\"https:\/\/elpais.com\/us\/migracion\/2025-06-18\/menos-del-10-de-los-inmigrantes-detenidos-por-el-ice-desde-octubre-habian-sido-condenados-por-delitos-graves.html\" href=\"https:\/\/elpais.com\/us\/migracion\/2025-06-18\/menos-del-10-de-los-inmigrantes-detenidos-por-el-ice-desde-octubre-habian-sido-condenados-por-delitos-graves.html\" target=\"_self\" rel=\"\" data-link-track-dtm=\"\" data-mrf-link=\"https:\/\/elpais.com\/us\/migracion\/2025-06-18\/menos-del-10-de-los-inmigrantes-detenidos-por-el-ice-desde-octubre-habian-sido-condenados-por-delitos-graves.html\">Ninguno tiene antecedentes penales<\/a>\u00a0ni ha tenido contacto previo con las autoridades migratorias. Sin embargo, seg\u00fan el documento, han sido castigados \u201cdesproporcionadamente\u201d.<\/p>\n<p class=\"\">El abogado Michael Tan, subdirector del Proyecto por los Derechos de los Inmigrantes de la ACLU, explic\u00f3 que con la demanda, la organizaci\u00f3n busca que se declare ilegal dicha pol\u00edtica y que restablezca el acceso de las personas a las audiencias de fianza. \u201cArgumentamos que esta pol\u00edtica viola las leyes de inmigraci\u00f3n, que han otorgado audiencias de fianza durante m\u00e1s de 70 a\u00f1os. Tambi\u00e9n argumentamos que viola el derecho al debido proceso\u201d, asegur\u00f3 el especialista, quien es uno de los firmantes de la reclamaci\u00f3n legal.<\/p>\n<p class=\"\">De acuerdo con Tan, la medida impulsada por la Casa Blanca \u201cles quita a los inmigrantes el derecho a solicitar la liberaci\u00f3n de un juez y otorga al ICE un control casi total sobre su encarcelamiento\u201d. A\u00f1adi\u00f3 que \u201cel resultado es la detenci\u00f3n indefinida: personas encarceladas durante meses o a\u00f1os sin un final a la vista. Esto obligar\u00e1 a las personas a renunciar a sus casos de inmigraci\u00f3n y aceptar la deportaci\u00f3n, incluso si tienen derecho a permanecer en el pa\u00eds, que es el objetivo final\u201d del Gobierno de Trump.<\/p>\n<p class=\"\">El abogado se\u00f1al\u00f3 que el pr\u00f3ximo paso de la ACLU ser\u00e1 \u201csolicitar al tribunal federal que la certifique como demanda colectiva a nivel nacional\u201d. \u201cConfiamos en que el tribunal rechazar\u00e1 esta pol\u00edtica radical y sin precedentes del Gobierno\u201d, dijo. Si esto sucede, abogados como Pedro L\u00f3pez podr\u00edan presentar una moci\u00f3n por cambio de circunstancias, para intentar liberar a sus clientes.<\/p>\n<p class=\"\">Seg\u00fan Tan, es m\u00e1s urgente que nunca \u201cacatar la Constituci\u00f3n\u201d, pues esta \u201cgarantiza a todas las personas dentro de los l\u00edmites de Estados Unidos el derecho a un debido proceso ante la ley, y punto\u201d. \u201cEl Gobierno nunca deber\u00eda permitir que alguien sea encarcelado sin garantizarle el\u00a0<a title=\"https:\/\/elpais.com\/us\/migracion\/2025-07-24\/un-venezolano-deportado-a-el-salvador-inicia-tramites-para-demandar-a-la-administracion-trump-por-expulsarlo-sin-el-debido-proceso.html\" href=\"https:\/\/elpais.com\/us\/migracion\/2025-07-24\/un-venezolano-deportado-a-el-salvador-inicia-tramites-para-demandar-a-la-administracion-trump-por-expulsarlo-sin-el-debido-proceso.html\" target=\"_self\" rel=\"\" data-link-track-dtm=\"\" data-mrf-link=\"https:\/\/elpais.com\/us\/migracion\/2025-07-24\/un-venezolano-deportado-a-el-salvador-inicia-tramites-para-demandar-a-la-administracion-trump-por-expulsarlo-sin-el-debido-proceso.html\">debido proceso<\/a>: una audiencia ante un juez donde la persona tenga la oportunidad de demostrar que no hay raz\u00f3n para encarcelarlo\u201d, manifest\u00f3.<\/p>\n<\/div>\n<\/div>\n<\/div>\n","protected":false},"excerpt":{"rendered":"<p>&nbsp; &nbsp; &#8211; Abogados denuncian las consecuencias de la pol\u00edtica de la Administraci\u00f3n del republicano que requiere que todo indocumentado permanezca en detenci\u00f3n los meses&hellip;<\/p>\n","protected":false},"author":99,"featured_media":534871,"comment_status":"open","ping_status":"open","sticky":false,"template":"","format":"standard","meta":{"footnotes":""},"categories":[24],"tags":[],"class_list":["post-534870","post","type-post","status-publish","format-standard","has-post-thumbnail","hentry","category-mundo"],"_links":{"self":[{"href":"https:\/\/diarioelpopular.com\/index.php\/wp-json\/wp\/v2\/posts\/534870","targetHints":{"allow":["GET"]}}],"collection":[{"href":"https:\/\/diarioelpopular.com\/index.php\/wp-json\/wp\/v2\/posts"}],"about":[{"href":"https:\/\/diarioelpopular.com\/index.php\/wp-json\/wp\/v2\/types\/post"}],"author":[{"embeddable":true,"href":"https:\/\/diarioelpopular.com\/index.php\/wp-json\/wp\/v2\/users\/99"}],"replies":[{"embeddable":true,"href":"https:\/\/diarioelpopular.com\/index.php\/wp-json\/wp\/v2\/comments?post=534870"}],"version-history":[{"count":1,"href":"https:\/\/diarioelpopular.com\/index.php\/wp-json\/wp\/v2\/posts\/534870\/revisions"}],"predecessor-version":[{"id":534872,"href":"https:\/\/diarioelpopular.com\/index.php\/wp-json\/wp\/v2\/posts\/534870\/revisions\/534872"}],"wp:featuredmedia":[{"embeddable":true,"href":"https:\/\/diarioelpopular.com\/index.php\/wp-json\/wp\/v2\/media\/534871"}],"wp:attachment":[{"href":"https:\/\/diarioelpopular.com\/index.php\/wp-json\/wp\/v2\/media?parent=534870"}],"wp:term":[{"taxonomy":"category","embeddable":true,"href":"https:\/\/diarioelpopular.com\/index.php\/wp-json\/wp\/v2\/categories?post=534870"},{"taxonomy":"post_tag","embeddable":true,"href":"https:\/\/diarioelpopular.com\/index.php\/wp-json\/wp\/v2\/tags?post=534870"}],"curies":[{"name":"wp","href":"https:\/\/api.w.org\/{rel}","templated":true}]}}