{"id":534874,"date":"2025-08-08T10:31:02","date_gmt":"2025-08-08T14:31:02","guid":{"rendered":"https:\/\/diarioelpopular.com\/?p=534874"},"modified":"2025-08-08T10:31:02","modified_gmt":"2025-08-08T14:31:02","slug":"la-ruta-de-la-arena-asesinatos-impunidad-y-destruccion-ambiental-en-republica-dominicana","status":"publish","type":"post","link":"https:\/\/diarioelpopular.com\/index.php\/2025\/08\/08\/la-ruta-de-la-arena-asesinatos-impunidad-y-destruccion-ambiental-en-republica-dominicana\/","title":{"rendered":"La ruta de la arena: asesinatos, impunidad y destrucci\u00f3n ambiental en Rep\u00fablica Dominicana"},"content":{"rendered":"<div id=\"attachment_534875\" style=\"width: 1210px\" class=\"wp-caption alignnone\"><img loading=\"lazy\" decoding=\"async\" aria-describedby=\"caption-attachment-534875\" class=\"wp-image-534875 size-custom-big-size\" src=\"https:\/\/diarioelpopular.com\/wp-content\/uploads\/2025\/08\/Screen-Shot-2025-08-08-at-10.29.47-AM-1200x807.png\" alt=\"\" width=\"1200\" height=\"807\" srcset=\"https:\/\/diarioelpopular.com\/wp-content\/uploads\/2025\/08\/Screen-Shot-2025-08-08-at-10.29.47-AM-1200x807.png 1200w, https:\/\/diarioelpopular.com\/wp-content\/uploads\/2025\/08\/Screen-Shot-2025-08-08-at-10.29.47-AM-300x202.png 300w, https:\/\/diarioelpopular.com\/wp-content\/uploads\/2025\/08\/Screen-Shot-2025-08-08-at-10.29.47-AM-768x516.png 768w, https:\/\/diarioelpopular.com\/wp-content\/uploads\/2025\/08\/Screen-Shot-2025-08-08-at-10.29.47-AM-636x428.png 636w, https:\/\/diarioelpopular.com\/wp-content\/uploads\/2025\/08\/Screen-Shot-2025-08-08-at-10.29.47-AM-80x55.png 80w, https:\/\/diarioelpopular.com\/wp-content\/uploads\/2025\/08\/Screen-Shot-2025-08-08-at-10.29.47-AM-109x73.png 109w, https:\/\/diarioelpopular.com\/wp-content\/uploads\/2025\/08\/Screen-Shot-2025-08-08-at-10.29.47-AM.png 1024w\" sizes=\"auto, (max-width: 1200px) 100vw, 1200px\" \/><p id=\"caption-attachment-534875\" class=\"wp-caption-text\">Tramo seco del r\u00edo Nizao, en la comunidad de El Roblegal, Ban\u00ed. Foto Kenny Cabrera<\/p><\/div>\n<p>&nbsp;<\/p>\n<h4 class=\"a_st\"><em>&#8211; La extracci\u00f3n ilegal de materiales para la construcci\u00f3n de los r\u00edos opera como una mafia organizada y expone la falta de control estatal<\/em><\/h4>\n<p>&nbsp;<\/p>\n<p class=\"\">Como en un viejo\u00a0<i>Western<\/i>, una caseta vac\u00eda custodia la entrada al\u00a0<a title=\"https:\/\/elpais.com\/eps\/2022-07-02\/republica-dominicana-donde-la-vida-fluye-por-el-rio-infinito.html\" href=\"https:\/\/elpais.com\/eps\/2022-07-02\/republica-dominicana-donde-la-vida-fluye-por-el-rio-infinito.html\" target=\"_self\" rel=\"\" data-link-track-dtm=\"\" data-mrf-link=\"https:\/\/elpais.com\/eps\/2022-07-02\/republica-dominicana-donde-la-vida-fluye-por-el-rio-infinito.html\">r\u00edo Nizao<\/a>, en el tramo que atraviesa El Roblegal, en la secci\u00f3n Las Barias, del municipio Ban\u00ed, en el sur de la Rep\u00fablica Dominicana. En ocasiones, dicen los vecinos, un vigilante armado controla el paso y solo permite el ingreso de camiones y maquinaria pesada. Alrededor de 25 volquetas entran y salen cargadas de agregados \u2014arena y grava que se usan para la construcci\u00f3n\u2014, levantando una nube de polvo entre piedras y charcos estancados, evidencia de un ecocidio que, poco a poco, ha hecho desaparecer el r\u00edo bajo tierra.<\/p>\n<div id=\"elpais_gpt-INTEXT\" data-google-query-id=\"CJCHxOW0-44DFVy9pgQdXBgbrQ\">\n<p class=\"\">\u201cD\u00e9cadas de explotaci\u00f3n indiscriminada han provocado una sobreexcavaci\u00f3n severa del cauce, hundiendo su lecho y colapsando sus m\u00e1rgenes\u201d, explica el bi\u00f3logo Luis Carvajal, miembro de la Academia de Ciencias de la Rep\u00fablica Dominicana y coordinador de la Comisi\u00f3n Ambiental de la Universidad Aut\u00f3noma de Santo Domingo (UASD).<\/p>\n<p>&nbsp;<\/p>\n<figure class=\"a_m a_m-h \">\n<p><div style=\"width: 424px\" class=\"wp-caption alignnone\"><img loading=\"lazy\" decoding=\"async\" class=\"_re lazyload a_m-h\" src=\"https:\/\/imagenes.elpais.com\/resizer\/v2\/25VHUAWIXJCZPFVCG526FXTA64.jpg?auth=69341cd9c00a84d481e141955c5d74abacba3ff9e5a1c2280d808fa8ce8ea9a6&amp;width=414\" sizes=\"auto, (min-width:1199px) 1155px,(min-width:1001px) calc(100vw - 44px),(min-width:768px) 767px, 100vw\" srcset=\"https:\/\/imagenes.elpais.com\/resizer\/v2\/25VHUAWIXJCZPFVCG526FXTA64.jpg?auth=69341cd9c00a84d481e141955c5d74abacba3ff9e5a1c2280d808fa8ce8ea9a6&amp;width=414 414w,https:\/\/imagenes.elpais.com\/resizer\/v2\/25VHUAWIXJCZPFVCG526FXTA64.jpg?auth=69341cd9c00a84d481e141955c5d74abacba3ff9e5a1c2280d808fa8ce8ea9a6&amp;width=828 640w,https:\/\/imagenes.elpais.com\/resizer\/v2\/25VHUAWIXJCZPFVCG526FXTA64.jpg?auth=69341cd9c00a84d481e141955c5d74abacba3ff9e5a1c2280d808fa8ce8ea9a6&amp;width=980 1000w,https:\/\/imagenes.elpais.com\/resizer\/v2\/25VHUAWIXJCZPFVCG526FXTA64.jpg?auth=69341cd9c00a84d481e141955c5d74abacba3ff9e5a1c2280d808fa8ce8ea9a6&amp;width=1960 1960w\" alt=\"Luis Carvajal, bi\u00f3logo y coordinador de la Comisi\u00f3n Medioambiental de la Universidad Auton\u00f3ma de Santo Domingo (UASD) y miembro de la Academia de Ciencias de la Rep\u00fablica Dominicana, ha documentado durante a\u00f1os la devastaci\u00f3n de los r\u00edos por parte de intereses comerciales y autoridades permisivas. \" width=\"414\" height=\"276\" \/><p class=\"wp-caption-text\">Luis Carvajal, bi\u00f3logo y coordinador de la Comisi\u00f3n Medioambiental de la Universidad Auton\u00f3ma de Santo Domingo (UASD) y miembro de la Academia de Ciencias de la Rep\u00fablica Dominicana, ha documentado durante a\u00f1os la devastaci\u00f3n de los r\u00edos por parte de intereses comerciales y autoridades permisivas. Foto Kenny Cabrera<\/p><\/div><figcaption class=\"a_m_p\" aria-hidden=\"true\"><\/figcaption><\/figure>\n<p>&nbsp;<\/p>\n<p class=\"\">Tres j\u00f3venes en motocicleta patrullan la zona, vigilando posibles intrusos. Al fondo, una retroexcavadora ruge mientras una pala carga un cami\u00f3n. Al intentar grabar la escena, un hombre arrebata violentamente el m\u00f3vil, mientras se acerca Milc\u00edades Mart\u00ednez, s\u00edndico del\u00a0<a title=\"https:\/\/elpais.com\/america\/2024-05-20\/luis-abinader-presidente-reelecto-y-ceo-de-republica-dominicana.html\" href=\"https:\/\/elpais.com\/america\/2024-05-20\/luis-abinader-presidente-reelecto-y-ceo-de-republica-dominicana.html\" target=\"_self\" rel=\"\" data-link-track-dtm=\"\" data-mrf-link=\"https:\/\/elpais.com\/america\/2024-05-20\/luis-abinader-presidente-reelecto-y-ceo-de-republica-dominicana.html\">Partido Revolucionario Dominicano<\/a>\u00a0(PRD) en la comunidad de Pizarrete, que colinda con el pueblo El Roblegal. Mart\u00ednez, exige documentos de identidad y, aunque ordena devolver el m\u00f3vil, hostiga al equipo de periodistas hasta su veh\u00edculo, alegando el derecho de propiedad privada. No hay letreros que lo indiquen, y la escena ocurre a escasos metros del cauce del afluente y de dos m\u00e1quinas en operaci\u00f3n.<\/p>\n<p class=\"\">Aunque el titular de la Procuradur\u00eda Especializada de Medio Ambiente y Recursos Naturales (Proedemaren), Francisco Contreras, asegur\u00f3 que el r\u00edo Nizao est\u00e1 vigilado permanentemente por el Servicio Nacional de Protecci\u00f3n Ambiental (SENPA), instituci\u00f3n que pertenece al Ej\u00e9rcito Nacional, durante la visita de los periodistas, no se observ\u00f3 ninguna autoridad en la zona. \u201cTengo entendido que ese se\u00f1or opera en una finca cercana. El problema es que a veces obtienen permisos y luego se exceden, incluso de noche\u201d, admiti\u00f3 Contreras.<\/p>\n<p class=\"\">La\u00a0<a title=\"https:\/\/mem.gob.do\/wp-content\/uploads\/2019\/01\/Ley-No.-64-00-que-crea-la-Secretaria-de-Estado-de-Medio-Ambiente-y-Recursos-Naturales.pdf\" href=\"https:\/\/mem.gob.do\/wp-content\/uploads\/2019\/01\/Ley-No.-64-00-que-crea-la-Secretaria-de-Estado-de-Medio-Ambiente-y-Recursos-Naturales.pdf\" target=\"_blank\" rel=\"noopener\" data-link-track-dtm=\"\" data-mrf-link=\"https:\/\/mem.gob.do\/wp-content\/uploads\/2019\/01\/Ley-No.-64-00-que-crea-la-Secretaria-de-Estado-de-Medio-Ambiente-y-Recursos-Naturales.pdf\">ley dominicana<\/a>\u00a0establece una franja de protecci\u00f3n de 30 metros alrededor de r\u00edos y arroyos. Sin embargo, tanto el ministro de Medio Ambiente y Recursos Naturales (Mimarena), Pa\u00edno Henr\u00edquez, como el procurador Contreras coinciden en que en casos como el del afluente Nizao, fragilizado por el constante saqueo de tierras, deber\u00eda ampliarse a 300 metros. Adem\u00e1s, la legislaci\u00f3n\u00a0<a title=\"https:\/\/bvearmb.do\/handle\/123456789\/1385\" href=\"https:\/\/bvearmb.do\/handle\/123456789\/1385\" target=\"_blank\" rel=\"noopener\" data-link-track-dtm=\"\" data-mrf-link=\"https:\/\/bvearmb.do\/handle\/123456789\/1385\">proh\u00edbe la extracci\u00f3n de agregados<\/a>, pero permite concesiones bajo ciertas condiciones, lo que genera contradicciones. Desde 1986, varios gobiernos han intentado frenar la actividad con decretos y acuerdos que nunca se han cumplido. Hoy, en teor\u00eda, est\u00e1 totalmente vetada. Las medidas de prohibici\u00f3n se repiten, pero el problema persiste.<\/p>\n<p>&nbsp;<\/p>\n<figure class=\"a_m a_m-h \">\n<p><div style=\"width: 424px\" class=\"wp-caption alignnone\"><img loading=\"lazy\" decoding=\"async\" class=\"_re lazyload a_m-h\" src=\"https:\/\/imagenes.elpais.com\/resizer\/v2\/IESITVK4XRBGPECPAXCVFKHJBE.jpg?auth=a18aedb8f1524b0fe8f02a196edc163b3e18206d7c7e09ab03f1bbcf987bdff5&amp;width=414\" sizes=\"auto, (min-width:1199px) 1155px,(min-width:1001px) calc(100vw - 44px),(min-width:768px) 767px, 100vw\" srcset=\"https:\/\/imagenes.elpais.com\/resizer\/v2\/IESITVK4XRBGPECPAXCVFKHJBE.jpg?auth=a18aedb8f1524b0fe8f02a196edc163b3e18206d7c7e09ab03f1bbcf987bdff5&amp;width=414 414w,https:\/\/imagenes.elpais.com\/resizer\/v2\/IESITVK4XRBGPECPAXCVFKHJBE.jpg?auth=a18aedb8f1524b0fe8f02a196edc163b3e18206d7c7e09ab03f1bbcf987bdff5&amp;width=828 640w,https:\/\/imagenes.elpais.com\/resizer\/v2\/IESITVK4XRBGPECPAXCVFKHJBE.jpg?auth=a18aedb8f1524b0fe8f02a196edc163b3e18206d7c7e09ab03f1bbcf987bdff5&amp;width=980 1000w,https:\/\/imagenes.elpais.com\/resizer\/v2\/IESITVK4XRBGPECPAXCVFKHJBE.jpg?auth=a18aedb8f1524b0fe8f02a196edc163b3e18206d7c7e09ab03f1bbcf987bdff5&amp;width=1960 1960w\" alt=\"A\u00f1os de extracci\u00f3n descontrolada de materiales de construcci\u00f3n, han secado el r\u00edo Nizao.\" width=\"414\" height=\"233\" \/><p class=\"wp-caption-text\">A\u00f1os de extracci\u00f3n descontrolada de materiales de construcci\u00f3n, han secado el r\u00edo Nizao. Foto Kenny Cabrera<\/p><\/div><figcaption class=\"a_m_p\" aria-hidden=\"true\"><\/figcaption><\/figure>\n<h3 class=\"\">El negocio de la miner\u00eda ilegal opera con rifles<\/h3>\n<p class=\"\">El propio presidente Luis Abinader ha comparado el negocio ilegal de\u00a0<i>las granceras<\/i>\u00a0(minas a cielo abierto de materiales)\u00a0<a title=\"https:\/\/centralnoticias.gob.do\/presidente-luis-abinader-califica-de-muy-delicado-el-negocio-ilegal-de-las-granceras-en-rd\" href=\"https:\/\/centralnoticias.gob.do\/presidente-luis-abinader-califica-de-muy-delicado-el-negocio-ilegal-de-las-granceras-en-rd\" target=\"_blank\" rel=\"noopener\" data-link-track-dtm=\"\" data-mrf-link=\"https:\/\/centralnoticias.gob.do\/presidente-luis-abinader-califica-de-muy-delicado-el-negocio-ilegal-de-las-granceras-en-rd\">con el narcotr\u00e1fico<\/a>. Como medida disuasoria, ha autorizado m\u00e1s permisos para canteras secas y el uso de sedimentos extra\u00eddos de presas como alternativa para el sector de la construcci\u00f3n.<\/p>\n<p class=\"\">El r\u00edo Nizao es un ejemplo emblem\u00e1tico de la extracci\u00f3n indiscriminada de materiales para la construcci\u00f3n, una pr\u00e1ctica que tambi\u00e9n afecta a otros afluentes como el Yuna, en el norte, el Tireo, en la Cordillera Central, y el Yaque del Norte y el Guayub\u00edn, ambos en Montecristi, ciudad costera y fronteriza con Hait\u00ed, entre muchos otros afluentes, comprometiendo la seguridad h\u00eddrica de numerosas comunidades del pa\u00eds caribe\u00f1o.<\/p>\n<p class=\"\">Seg\u00fan el ministro de Medio Ambiente, la evasi\u00f3n de impuestos y los bajos costos regulatorios permiten vender agregados ilegales por debajo del mercado, \u201cgenerando ganancias considerables\u201d. Un cami\u00f3n de 20\u202fmetros c\u00fabidos puede costar entre 20.000 y 22.000 pesos dominicanos (de 345 a 350 d\u00f3lares estadounidenses).<\/p>\n<p class=\"\">Pa\u00edno Henr\u00edquez estima que el negocio de los tambi\u00e9n llamados \u00e1ridos legales e ilegales mueve unos 1.000 millones de d\u00f3lares al a\u00f1o, equivalentes a m\u00e1s de 50 millones de metros c\u00fabicos de arena. \u201cAlgunas canteras extraen hasta 12,000\u202fm\u00b3 por d\u00eda. En el mercado informal, el metro c\u00fabico se vende entre 500 y 1.500 pesos (entre ocho y 25 d\u00f3lares), mientras que en el sector legal ronda los 1,800 a 2,200 pesos (de\u202f30 a 45 d\u00f3lares), alimentando un mercado negro que afecta a las empresas formales\u201d, asegura.<\/p>\n<h3 class=\"\">Los peligros de denunciar<\/h3>\n<p class=\"\">El activista Manuel Antonio Nina, del Movimiento Ecol\u00f3gico Vida en Peravia, denuncia que incluso mineras legales exceden los permisos ambientales. Recuerda que en 1998 el agricultor Sixto Ram\u00edrez fue asesinado tras denunciar la extracci\u00f3n ilegal donde operaba la\u00a0<i>grancera<\/i>\u00a0Alba S\u00e1nchez, que actualmente contin\u00faa con la explotaci\u00f3n de recursos en la zona. Denunciar sigue siendo peligroso. Alexis Rodr\u00edguez, exbeisbolista, public\u00f3 en febrero un video en TikTok mostrando operaciones ilegales en el r\u00edo Nizao, en su paso por la comunidad de Don Gregorio, en San Crist\u00f3bal. Poco despu\u00e9s, recibi\u00f3 amenazas de muerte y fue extorsionado por hombres a punta de pistolas, denunci\u00f3 a\u00a0<i>Am\u00e9rica Futura<\/i>.<\/p>\n<p>&nbsp;<\/p>\n<figure class=\"a_m a_m-h \">\n<p><div style=\"width: 424px\" class=\"wp-caption alignnone\"><img loading=\"lazy\" decoding=\"async\" class=\"_re lazyload a_m-h\" src=\"https:\/\/imagenes.elpais.com\/resizer\/v2\/3WYMZKBZ3BCLDJAJDELKKGPTJ4.jpg?auth=856b9bb3dfd082dfdedabf3d0bb64ef63e7961bfe8fb96897b94f0d93f324c43&amp;width=414\" sizes=\"auto, (min-width:1199px) 1155px,(min-width:1001px) calc(100vw - 44px),(min-width:768px) 767px, 100vw\" srcset=\"https:\/\/imagenes.elpais.com\/resizer\/v2\/3WYMZKBZ3BCLDJAJDELKKGPTJ4.jpg?auth=856b9bb3dfd082dfdedabf3d0bb64ef63e7961bfe8fb96897b94f0d93f324c43&amp;width=414 414w,https:\/\/imagenes.elpais.com\/resizer\/v2\/3WYMZKBZ3BCLDJAJDELKKGPTJ4.jpg?auth=856b9bb3dfd082dfdedabf3d0bb64ef63e7961bfe8fb96897b94f0d93f324c43&amp;width=828 640w,https:\/\/imagenes.elpais.com\/resizer\/v2\/3WYMZKBZ3BCLDJAJDELKKGPTJ4.jpg?auth=856b9bb3dfd082dfdedabf3d0bb64ef63e7961bfe8fb96897b94f0d93f324c43&amp;width=980 1000w,https:\/\/imagenes.elpais.com\/resizer\/v2\/3WYMZKBZ3BCLDJAJDELKKGPTJ4.jpg?auth=856b9bb3dfd082dfdedabf3d0bb64ef63e7961bfe8fb96897b94f0d93f324c43&amp;width=1960 1960w\" alt=\"Manuel Antonio Nina, defensor ambiental.\" width=\"414\" height=\"277\" \/><p class=\"wp-caption-text\">Manuel Antonio Nina, defensor ambiental. Foto Kenny Cabrera<\/p><\/div><figcaption class=\"a_m_p\" aria-hidden=\"true\"><\/figcaption><\/figure>\n<p>&nbsp;<\/p>\n<p class=\"\">Seg\u00fan cuenta, le exigieron 33.000 pesos dominicanos (\u202f560 d\u00f3lares), un monto similar a la multa oficial impuesta por el Ministerio P\u00fablico. \u201cMe vi obligado a rentar mi negocio de comida \u2014que opera a orillas del r\u00edo, donde hay unas 200 casetas similares que viven del turismo\u2014\u201d, dice el joven, viudo y padre de cinco hijos. Desde entonces, vive bajo perfil. Peor suerte corri\u00f3 el agricultor\u00a0<a title=\"https:\/\/ambiente.gob.do\/en\/oficina-de-medio-ambiente-dice-autoridades-investigan-denuncia-sobre-desaparicion-de-un-hombre-tras-discusion-relacionada-con-extraccion-ilegal-de-arena-del-rio-tireo\/\" href=\"https:\/\/ambiente.gob.do\/en\/oficina-de-medio-ambiente-dice-autoridades-investigan-denuncia-sobre-desaparicion-de-un-hombre-tras-discusion-relacionada-con-extraccion-ilegal-de-arena-del-rio-tireo\/\" target=\"_blank\" rel=\"noopener\" data-link-track-dtm=\"\" data-mrf-link=\"https:\/\/ambiente.gob.do\/en\/oficina-de-medio-ambiente-dice-autoridades-investigan-denuncia-sobre-desaparicion-de-un-hombre-tras-discusion-relacionada-con-extraccion-ilegal-de-arena-del-rio-tireo\/\">Francisco Ortiz<\/a>, asesinado el 11 de abril de 2024, tras intentar frenar la extracci\u00f3n ilegal en el r\u00edo Tireo. Recibi\u00f3 cuatro disparos, fue golpeado con una pala, incinerado y enterrado a 300\u202fkil\u00f3metros del lugar del crimen.<\/p>\n<p class=\"\">Tres personas enfrentan juicio, pero el proceso ha sido criticado por excluir cargos ambientales. Consultados por\u00a0<i>Am\u00e9rica Futura<\/i>, el ministro de Medio Ambiente y el encargado de Proedemaren dijeron desconocer esa omisi\u00f3n. \u201cEn Rep\u00fablica Dominicana, los casos se juzgan por el delito mayor\u201d, justific\u00f3 el magistrado Francisco Contreras. Juan Ortiz, hermano de la v\u00edctima, denunci\u00f3 que un juez reclasific\u00f3 recientemente el crimen como homicidio simple, excluyendo premeditaci\u00f3n y asociaci\u00f3n de malhechores. Activistas ven doble impunidad en el caso.<\/p>\n<h3 class=\"\">Iniciativas y desaf\u00edos frente a un crimen estructurado<\/h3>\n<p class=\"\">La violencia es com\u00fan: se reportan amenazas y disparos contra activistas medioambientales, periodistas, inspectores, cuerpo del ej\u00e9rcito, as\u00ed como asesinatos. El ambientalista Manuel Nina advierte que \u201cestas mafias cuentan, en ocasiones, con el respaldo de pol\u00edticos, funcionarios y miembros del Servicio Nacional de Protecci\u00f3n Ambiental (SENPA)\u201d, instituci\u00f3n que rechaz\u00f3 dar declaraciones.<\/p>\n<p class=\"\">Un ejemplo es la desarticulaci\u00f3n, a principio de a\u00f1o, de una red liderada por exmilitares que oper\u00f3 durante 15 a\u00f1os en la comunidad de Muchas Aguas, San Crist\u00f3bal, al sur del pa\u00eds, extrayendo agregados de forma ilegal.<\/p>\n<p class=\"\">Bernardo Alem\u00e1n,\u00a0<a title=\"https:\/\/elnuevodiario.com.do\/senador-aleman-denuncia-corrupcion-y-deterioro-ambiental-en-monte-cristi\/\" href=\"https:\/\/elnuevodiario.com.do\/senador-aleman-denuncia-corrupcion-y-deterioro-ambiental-en-monte-cristi\/\" target=\"_blank\" rel=\"noopener\" data-link-track-dtm=\"\" data-mrf-link=\"https:\/\/elnuevodiario.com.do\/senador-aleman-denuncia-corrupcion-y-deterioro-ambiental-en-monte-cristi\/\">senador de Monte Cristi<\/a>, denunci\u00f3 en abril ante la C\u00e1mara Alta la presunta complicidad de autoridades locales en la extracci\u00f3n ilegal de agregados de los r\u00edos Guayub\u00edn y Yaque del Norte, donde dijo que operan m\u00e1s de cinco retroexcavadoras y transitan unos 100 camiones de volteo al d\u00eda, una denuncia que revela el car\u00e1cter estructural del negocio.<\/p>\n<p class=\"\">En abril del a\u00f1o pasado, el director provincial de la regi\u00f3n de Monse\u00f1or Nouel\u00a0<a title=\"https:\/\/pgr.gob.do\/proedemaren-paraliza-operaciones-ilegales-de-granceras-en-la-margen-del-rio-yuna-en-maimon\/\" href=\"https:\/\/pgr.gob.do\/proedemaren-paraliza-operaciones-ilegales-de-granceras-en-la-margen-del-rio-yuna-en-maimon\/\" target=\"_blank\" rel=\"noopener\" data-link-track-dtm=\"\" data-mrf-link=\"https:\/\/pgr.gob.do\/proedemaren-paraliza-operaciones-ilegales-de-granceras-en-la-margen-del-rio-yuna-en-maimon\/\">otorg\u00f3 de forma irregular<\/a>\u00a0un permiso al Consorcio Minero de Maim\u00f3n, que termin\u00f3 perforando la capa fre\u00e1tica del r\u00edo Yuna. Como parte de un acuerdo con la Procuradur\u00eda Ambiental, la empresa se comprometi\u00f3 a reforestar 3.000 \u00e1rboles, a pagar una multa de tres millones de pesos dominicanos (casi 51.000 d\u00f3lares) y a operar bajo supervisi\u00f3n t\u00e9cnica ambiental, de acuerdo a declaraciones de Contreras para\u00a0<i>Am\u00e9rica Futura.<\/i><\/p>\n<p>&nbsp;<\/p>\n<figure class=\"a_m a_m-h \">\n<p><div style=\"width: 424px\" class=\"wp-caption alignnone\"><img loading=\"lazy\" decoding=\"async\" class=\"_re lazyload a_m-h\" src=\"https:\/\/imagenes.elpais.com\/resizer\/v2\/VKGYW7HQRFBBBKEQXJCXQRRW4U.jpg?auth=f062ba04883511fa0c5a08a08aee3b80b47b45d60163fd8c849a7e7279f5bfef&amp;width=414\" sizes=\"auto, (min-width:1199px) 1155px,(min-width:1001px) calc(100vw - 44px),(min-width:768px) 767px, 100vw\" srcset=\"https:\/\/imagenes.elpais.com\/resizer\/v2\/VKGYW7HQRFBBBKEQXJCXQRRW4U.jpg?auth=f062ba04883511fa0c5a08a08aee3b80b47b45d60163fd8c849a7e7279f5bfef&amp;width=414 414w,https:\/\/imagenes.elpais.com\/resizer\/v2\/VKGYW7HQRFBBBKEQXJCXQRRW4U.jpg?auth=f062ba04883511fa0c5a08a08aee3b80b47b45d60163fd8c849a7e7279f5bfef&amp;width=828 640w,https:\/\/imagenes.elpais.com\/resizer\/v2\/VKGYW7HQRFBBBKEQXJCXQRRW4U.jpg?auth=f062ba04883511fa0c5a08a08aee3b80b47b45d60163fd8c849a7e7279f5bfef&amp;width=980 1000w,https:\/\/imagenes.elpais.com\/resizer\/v2\/VKGYW7HQRFBBBKEQXJCXQRRW4U.jpg?auth=f062ba04883511fa0c5a08a08aee3b80b47b45d60163fd8c849a7e7279f5bfef&amp;width=1960 1960w\" alt=\"Familiares de Francisco Ortiz, asesinado en abril de 2024 tras oponerse a la extracci\u00f3n de arena del r\u00edo Tireo.\" width=\"414\" height=\"276\" \/><p class=\"wp-caption-text\">Familiares de Francisco Ortiz, asesinado en abril de 2024 tras oponerse a la extracci\u00f3n de arena del r\u00edo Tireo.\u00a0 \u00a0 \u00a0 \u00a0 \u00a0 \u00a0 \u00a0 \u00a0 \u00a0 \u00a0 \u00a0 \u00a0 \u00a0 \u00a0 \u00a0Foto Kenny Cabrera<\/p><\/div><figcaption class=\"a_m_p\" aria-hidden=\"true\"><\/figcaption><\/figure>\n<p>&nbsp;<\/p>\n<p class=\"\">La violencia tambi\u00e9n alcanza a los cuerpos oficiales. En enero, agentes del SENPA fueron\u00a0<a title=\"https:\/\/remolacha.net\/2025\/01\/ataque-senpa\/\" href=\"https:\/\/remolacha.net\/2025\/01\/ataque-senpa\/\" target=\"_self\" rel=\"\" data-link-track-dtm=\"\" data-mrf-link=\"https:\/\/remolacha.net\/2025\/01\/ataque-senpa\/\">emboscados<\/a>\u00a0en San Crist\u00f3bal tras incautar un cami\u00f3n con arena ilegal. Un grupo armado intercept\u00f3 el veh\u00edculo, enca\u00f1on\u00f3 a los agentes y recuper\u00f3 el cargamento, en una escena que fue grabada y difundida en redes sociales.<\/p>\n<p class=\"\">Seg\u00fan Proedemaren, varios operativos han sido cancelados por amenazas a la integridad de sus funcionarios. Su director lamenta la escasez de personal y presupuesto y advierte sobre la urgencia de crear una unidad de investigaci\u00f3n de la Polic\u00eda Nacional que trabaje con el Ministerio P\u00fablico en delitos ambientales. \u201cSolo as\u00ed podremos llegar a la ra\u00edz y la cabeza de estas mafias que son grandes empresarios\u201d, reclama.<\/p>\n<p class=\"\">Por su parte, el Ministerio de Medio Ambiente desarrolla una plataforma de trazabilidad con tecnolog\u00eda satelital y GPS para identificar a quienes se lucran de la extracci\u00f3n ilegal, seg\u00fan inform\u00f3 su titular. La instituci\u00f3n tambi\u00e9n impulsa programas de restauraci\u00f3n ecol\u00f3gica, pagos por servicios ambientales y una reforma legal para endurecer sanciones.<\/p>\n<h3 class=\"\">Impactos ecol\u00f3gicos, sociales y econ\u00f3micos<\/h3>\n<p class=\"\">La depredaci\u00f3n de los r\u00edos tiene consecuencias ecol\u00f3gicas severas, pero m\u00e1s all\u00e1 del ecocidio, la presidenta de la Fundaci\u00f3n Fondo de Aguas Santo Domingo (FASD), Patricia Abreu, advierte sobre los impactos sociales y econ\u00f3micos: \u201cMuchas comunidades ven contaminadas o reducidas sus fuentes de agua para consumo y agricultura, lo que genera desplazamientos humanos y pone en riesgo la seguridad alimentaria\u201d.<\/p>\n<p>&nbsp;<\/p>\n<figure class=\"a_m a_m-h \">\n<p><div style=\"width: 424px\" class=\"wp-caption alignnone\"><img loading=\"lazy\" decoding=\"async\" class=\"_re lazyload a_m-h\" src=\"https:\/\/imagenes.elpais.com\/resizer\/v2\/KURLYTAGQNB6HBMOVNMKGFTGYM.jpg?auth=b2e98250bc9dc25c8d799ae9977f3ec10d0c7142513383581fcb8a6ad0d33bcf&amp;width=414\" sizes=\"auto, (min-width:1199px) 1155px,(min-width:1001px) calc(100vw - 44px),(min-width:768px) 767px, 100vw\" srcset=\"https:\/\/imagenes.elpais.com\/resizer\/v2\/KURLYTAGQNB6HBMOVNMKGFTGYM.jpg?auth=b2e98250bc9dc25c8d799ae9977f3ec10d0c7142513383581fcb8a6ad0d33bcf&amp;width=414 414w,https:\/\/imagenes.elpais.com\/resizer\/v2\/KURLYTAGQNB6HBMOVNMKGFTGYM.jpg?auth=b2e98250bc9dc25c8d799ae9977f3ec10d0c7142513383581fcb8a6ad0d33bcf&amp;width=828 640w,https:\/\/imagenes.elpais.com\/resizer\/v2\/KURLYTAGQNB6HBMOVNMKGFTGYM.jpg?auth=b2e98250bc9dc25c8d799ae9977f3ec10d0c7142513383581fcb8a6ad0d33bcf&amp;width=980 1000w,https:\/\/imagenes.elpais.com\/resizer\/v2\/KURLYTAGQNB6HBMOVNMKGFTGYM.jpg?auth=b2e98250bc9dc25c8d799ae9977f3ec10d0c7142513383581fcb8a6ad0d33bcf&amp;width=1960 1960w\" alt=\"Patricia Abreu, directora ejecutiva de la Fundaci\u00f3n Aguas de Santo Domingo, organizaci\u00f3n que promueve la protecci\u00f3n de cuencas hidrogr\u00e1ficas y el acceso al agua como derecho humano. \" width=\"414\" height=\"276\" \/><p class=\"wp-caption-text\">Patricia Abreu, directora ejecutiva de la Fundaci\u00f3n Aguas de Santo Domingo, organizaci\u00f3n que promueve la protecci\u00f3n de cuencas hidrogr\u00e1ficas y el acceso al agua como derecho humano.\u00a0 \u00a0 \u00a0 \u00a0 \u00a0 \u00a0 \u00a0Foto Kenny Cabrera<\/p><\/div><figcaption class=\"a_m_p\" aria-hidden=\"true\"><\/figcaption><\/figure>\n<p>&nbsp;<\/p>\n<p class=\"\">Un caso cr\u00edtico es el\u00a0<a title=\"https:\/\/elpais.com\/america\/2023-09-25\/haiti-y-republica-dominicana-entran-en-conflicto-por-la-construccion-de-un-canal-en-el-rio-masacre.html\" href=\"https:\/\/elpais.com\/america\/2023-09-25\/haiti-y-republica-dominicana-entran-en-conflicto-por-la-construccion-de-un-canal-en-el-rio-masacre.html\" target=\"_self\" rel=\"\" data-link-track-dtm=\"\" data-mrf-link=\"https:\/\/elpais.com\/america\/2023-09-25\/haiti-y-republica-dominicana-entran-en-conflicto-por-la-construccion-de-un-canal-en-el-rio-masacre.html\">r\u00edo Masacre<\/a>, en la frontera con Hait\u00ed, cuya posible desaparici\u00f3n, por el desv\u00edo de aguas desde el pa\u00eds vecino y el saqueo de material en ambos lados de la isla, amenaza con forzar la migraci\u00f3n de comunidades enteras. \u201cYa hay pozos secos y escasez para el ganado en Dajab\u00f3n\u201d, denuncia el bi\u00f3logo Luis Carvajal.<\/p>\n<p class=\"\">La extracci\u00f3n descontrolada tambi\u00e9n pone en riesgo infraestructuras vitales. En mayo de 2024, una\u00a0<i>grancera\u00a0<\/i>en San Crist\u00f3bal socav\u00f3 el terreno bajo torres el\u00e9ctricas, obligando a una intervenci\u00f3n de emergencia. Y representa un costo p\u00fablico. En 2022, el Gobierno dominicano anunci\u00f3\u00a0<a title=\"mailto:https:\/\/caribbeandigital.net\/gobierno-invertira-mas-de-rd133-millones-en-adecuacion-del-rio-nizao-para-evitar-inundaciones-y-resguardar-vidas\/\" href=\"mailto:https:\/\/caribbeandigital.net\/gobierno-invertira-mas-de-rd133-millones-en-adecuacion-del-rio-nizao-para-evitar-inundaciones-y-resguardar-vidas\/\" target=\"_blank\" rel=\"noopener\" data-link-track-dtm=\"\">una inversi\u00f3n de m\u00e1s de 133 millones de pesos en la adecuaci\u00f3n del r\u00edo Nizao<\/a>\u00a0para prevenir inundaciones.<\/p>\n<p class=\"\">\u201cNecesitamos ciudadanos educados y empoderados que no se conviertan en c\u00f3mplices de quienes destruyen los r\u00edos por dinero. Solo con conciencia ciudadana podremos frenar esta depredaci\u00f3n\u201d, sostiene el titular de la Procuradur\u00eda Ambiental. La urgencia se hace evidente ante la devastaci\u00f3n causada por la extracci\u00f3n de agregados: ecosistemas alterados, cultivos en riesgo, asesinatos impunes y maquinaria pesada operando sin supervisi\u00f3n estatal.<\/p>\n<\/div>\n","protected":false},"excerpt":{"rendered":"<p>&nbsp; &#8211; La extracci\u00f3n ilegal de materiales para la construcci\u00f3n de los r\u00edos opera como una mafia organizada y expone la falta de control estatal&hellip;<\/p>\n","protected":false},"author":99,"featured_media":534875,"comment_status":"open","ping_status":"open","sticky":false,"template":"","format":"standard","meta":{"footnotes":""},"categories":[23],"tags":[],"class_list":["post-534874","post","type-post","status-publish","format-standard","has-post-thumbnail","hentry","category-latinoamerica"],"_links":{"self":[{"href":"https:\/\/diarioelpopular.com\/index.php\/wp-json\/wp\/v2\/posts\/534874","targetHints":{"allow":["GET"]}}],"collection":[{"href":"https:\/\/diarioelpopular.com\/index.php\/wp-json\/wp\/v2\/posts"}],"about":[{"href":"https:\/\/diarioelpopular.com\/index.php\/wp-json\/wp\/v2\/types\/post"}],"author":[{"embeddable":true,"href":"https:\/\/diarioelpopular.com\/index.php\/wp-json\/wp\/v2\/users\/99"}],"replies":[{"embeddable":true,"href":"https:\/\/diarioelpopular.com\/index.php\/wp-json\/wp\/v2\/comments?post=534874"}],"version-history":[{"count":1,"href":"https:\/\/diarioelpopular.com\/index.php\/wp-json\/wp\/v2\/posts\/534874\/revisions"}],"predecessor-version":[{"id":534876,"href":"https:\/\/diarioelpopular.com\/index.php\/wp-json\/wp\/v2\/posts\/534874\/revisions\/534876"}],"wp:featuredmedia":[{"embeddable":true,"href":"https:\/\/diarioelpopular.com\/index.php\/wp-json\/wp\/v2\/media\/534875"}],"wp:attachment":[{"href":"https:\/\/diarioelpopular.com\/index.php\/wp-json\/wp\/v2\/media?parent=534874"}],"wp:term":[{"taxonomy":"category","embeddable":true,"href":"https:\/\/diarioelpopular.com\/index.php\/wp-json\/wp\/v2\/categories?post=534874"},{"taxonomy":"post_tag","embeddable":true,"href":"https:\/\/diarioelpopular.com\/index.php\/wp-json\/wp\/v2\/tags?post=534874"}],"curies":[{"name":"wp","href":"https:\/\/api.w.org\/{rel}","templated":true}]}}