{"id":534960,"date":"2025-08-12T09:16:21","date_gmt":"2025-08-12T13:16:21","guid":{"rendered":"https:\/\/diarioelpopular.com\/?p=534960"},"modified":"2025-08-12T09:16:21","modified_gmt":"2025-08-12T13:16:21","slug":"al-menos-76-muertos-en-argentina-por-el-uso-de-fentanilo-clinico-contaminado","status":"publish","type":"post","link":"https:\/\/diarioelpopular.com\/index.php\/2025\/08\/12\/al-menos-76-muertos-en-argentina-por-el-uso-de-fentanilo-clinico-contaminado\/","title":{"rendered":"Al menos 76 muertos en Argentina por el uso de fentanilo cl\u00ednico contaminado"},"content":{"rendered":"<div id=\"attachment_534961\" style=\"width: 1210px\" class=\"wp-caption alignnone\"><img loading=\"lazy\" decoding=\"async\" aria-describedby=\"caption-attachment-534961\" class=\"wp-image-534961 size-custom-big-size\" src=\"https:\/\/diarioelpopular.com\/wp-content\/uploads\/2025\/08\/Screen-Shot-2025-08-12-at-9.15.39-AM-1200x796.png\" alt=\"\" width=\"1200\" height=\"796\" srcset=\"https:\/\/diarioelpopular.com\/wp-content\/uploads\/2025\/08\/Screen-Shot-2025-08-12-at-9.15.39-AM-1200x796.png 1200w, https:\/\/diarioelpopular.com\/wp-content\/uploads\/2025\/08\/Screen-Shot-2025-08-12-at-9.15.39-AM-300x199.png 300w, https:\/\/diarioelpopular.com\/wp-content\/uploads\/2025\/08\/Screen-Shot-2025-08-12-at-9.15.39-AM-768x510.png 768w, https:\/\/diarioelpopular.com\/wp-content\/uploads\/2025\/08\/Screen-Shot-2025-08-12-at-9.15.39-AM-85x55.png 85w, https:\/\/diarioelpopular.com\/wp-content\/uploads\/2025\/08\/Screen-Shot-2025-08-12-at-9.15.39-AM-1536x1019.png 1536w, https:\/\/diarioelpopular.com\/wp-content\/uploads\/2025\/08\/Screen-Shot-2025-08-12-at-9.15.39-AM-636x422.png 636w, https:\/\/diarioelpopular.com\/wp-content\/uploads\/2025\/08\/Screen-Shot-2025-08-12-at-9.15.39-AM-110x73.png 110w, https:\/\/diarioelpopular.com\/wp-content\/uploads\/2025\/08\/Screen-Shot-2025-08-12-at-9.15.39-AM.png 1024w\" sizes=\"auto, (max-width: 1200px) 100vw, 1200px\" \/><p id=\"caption-attachment-534961\" class=\"wp-caption-text\">Familiares de v\u00edctimas de fentanilo contaminado en el Hospital Italiano de La Plata (Argentina), el 31 de julio de 2025. Foto Juan Ignacio Roncoroni (EFE)<\/p><\/div>\n<p>&nbsp;<\/p>\n<p>&nbsp;<\/p>\n<h4 class=\"a_st\"><em>&#8211; La justicia confirma que podr\u00eda haber m\u00e1s v\u00edctimas y asegura que en los centros de salud ya no circulan ampollas con el opi\u00e1ceo infectado con bacterias<\/em><\/h4>\n<p>&nbsp;<\/p>\n<p class=\"\">La cifra de muertos por\u00a0<a title=\"https:\/\/elpais.com\/argentina\/2025-05-29\/suben-a-34-los-muertos-por-fentanilo-clinico-contaminado-en-argentina.html\" href=\"https:\/\/elpais.com\/argentina\/2025-05-29\/suben-a-34-los-muertos-por-fentanilo-clinico-contaminado-en-argentina.html\" target=\"_self\" rel=\"\" data-link-track-dtm=\"\" data-mrf-link=\"https:\/\/elpais.com\/argentina\/2025-05-29\/suben-a-34-los-muertos-por-fentanilo-clinico-contaminado-en-argentina.html\">el uso de fentanilo cl\u00ednico contaminado<\/a>\u00a0contin\u00faa aumentando en Argentina. Los datos oficiales, que provienen de una investigaci\u00f3n judicial a\u00fan en marcha, indican que al menos 76 personas murieron. Y que podr\u00eda haber m\u00e1s v\u00edctimas todav\u00eda no identificadas.<\/p>\n<p class=\"\">La contaminaci\u00f3n con bacterias alcanz\u00f3 a unas 154.000 ampollas del opi\u00e1ceo sint\u00e9tico, elaboradas por la farmac\u00e9utica HLB Pharma Group y el Laboratorio Ramallo, distribuidas en hospitales y centros de salud del pa\u00eds. Cerca de 45.000 fueron utilizadas con pacientes y el resto ya fue incautado o retirado de uso, seg\u00fan inform\u00f3 el juez a cargo de la causa.<\/p>\n<p class=\"\">La cantidad de v\u00edctimas fatales aument\u00f3 durante el \u00faltimo fin de semana, cuando se confirmaron nuevos casos de personas fallecidas tras ser tratadas con el fentanilo de HLB Pharma, antes de que se prohibiera su uso, a principios de mayo pasado. La \u00faltima edici\u00f3n del\u00a0<a title=\"https:\/\/www.argentina.gob.ar\/sites\/default\/files\/2025\/01\/ben-767-se-30_vf.pdf\" href=\"https:\/\/www.argentina.gob.ar\/sites\/default\/files\/2025\/01\/ben-767-se-30_vf.pdf\" target=\"_self\" rel=\"\" data-link-track-dtm=\"\" data-mrf-link=\"https:\/\/www.argentina.gob.ar\/sites\/default\/files\/2025\/01\/ben-767-se-30_vf.pdf\">Bolet\u00edn Epidemiol\u00f3gico Nacional<\/a>, fechada hace una semana, detallaba 67 muertos. Pero este domingo, el juez Ernesto Kreplak elev\u00f3 la suma a 76 fallecidos.<\/p>\n<p class=\"\">En todos los casos, se trata de personas que estaban internadas por otras dolencias y, cuando se les proporcion\u00f3 la droga como analg\u00e9sico o anest\u00e9sico, terminaron infectadas por bacterias multiresistentes que pueden causar enfermedades graves, como neumon\u00eda.<\/p>\n<p>&nbsp;<\/p>\n<figure class=\"a_m a_m-h \">\n<p><div style=\"width: 424px\" class=\"wp-caption alignnone\"><img loading=\"lazy\" decoding=\"async\" class=\"_re lazyload a_m-h\" src=\"https:\/\/imagenes.elpais.com\/resizer\/v2\/LAJM45SSZNCSLPXAVPPHAOSZXM.jpg?auth=47852d8dc9297bb23a2e64e983d2e362284eed4860f73fb667d10021c2e1b9a4&amp;width=414\" sizes=\"auto, (min-width:1199px) 1155px,(min-width:1001px) calc(100vw - 44px),(min-width:768px) 767px, 100vw\" srcset=\"https:\/\/imagenes.elpais.com\/resizer\/v2\/LAJM45SSZNCSLPXAVPPHAOSZXM.jpg?auth=47852d8dc9297bb23a2e64e983d2e362284eed4860f73fb667d10021c2e1b9a4&amp;width=414 414w,https:\/\/imagenes.elpais.com\/resizer\/v2\/LAJM45SSZNCSLPXAVPPHAOSZXM.jpg?auth=47852d8dc9297bb23a2e64e983d2e362284eed4860f73fb667d10021c2e1b9a4&amp;width=828 640w,https:\/\/imagenes.elpais.com\/resizer\/v2\/LAJM45SSZNCSLPXAVPPHAOSZXM.jpg?auth=47852d8dc9297bb23a2e64e983d2e362284eed4860f73fb667d10021c2e1b9a4&amp;width=980 1000w,https:\/\/imagenes.elpais.com\/resizer\/v2\/LAJM45SSZNCSLPXAVPPHAOSZXM.jpg?auth=47852d8dc9297bb23a2e64e983d2e362284eed4860f73fb667d10021c2e1b9a4&amp;width=1960 1960w\" alt=\"Familiares de victimas mortales por el uso de fentanilo contaminado, participando en una manifestaci\u00f3n frente al Hospital Italiano de La Plata, Argentina, el pasado 31 de julio.\" width=\"414\" height=\"276\" \/><p class=\"wp-caption-text\">Familiares de victimas mortales por el uso de fentanilo contaminado, participando en una manifestaci\u00f3n frente al Hospital Italiano de La Plata, Argentina, el pasado 31 de julio.\u00a0 Foto Juan Ignacio Roncoroni (EFE)<\/p><\/div><figcaption class=\"a_m_p\" aria-hidden=\"true\"><\/figcaption><\/figure>\n<p>&nbsp;<\/p>\n<p class=\"\">Los peritajes detectaron la presencia de las bacterias Klebsiella pneumoniae y Ralstonia pickettii tanto en los fallecidos como en las ampollas de dos lotes elaborados por el laboratorio. \u201cUno [de los lotes] tuvo una alta circulaci\u00f3n y se aplic\u00f3 ampliamente. Del otro, no lleg\u00f3 a administrarse ninguna dosis\u201d, explic\u00f3 el juez federal Kreplak, en una entrevista con\u00a0<i>Radio con vos<\/i>. Cada lote contaba con unas 154.000 ampollas.<\/p>\n<p class=\"\">\u201cHoy no circulan ampollas contaminadas\u201d en el pa\u00eds, asegur\u00f3 Kreplak, cuyo juzgado tiene sede en la ciudad de La Plata, capital de la provincia de Buenos Aires, donde se verificaron\u00a0<a title=\"https:\/\/elpais.com\/argentina\/2025-05-21\/mueren-14-personas-y-otras-50-resultan-infectadas-por-fentanilo-de-uso-clinico-contaminado-en-argentina.html\" href=\"https:\/\/elpais.com\/argentina\/2025-05-21\/mueren-14-personas-y-otras-50-resultan-infectadas-por-fentanilo-de-uso-clinico-contaminado-en-argentina.html\" target=\"_self\" rel=\"\" data-link-track-dtm=\"\" data-mrf-link=\"https:\/\/elpais.com\/argentina\/2025-05-21\/mueren-14-personas-y-otras-50-resultan-infectadas-por-fentanilo-de-uso-clinico-contaminado-en-argentina.html\">las primeras muertes, en abril pasado<\/a>. El total de v\u00edctimas no se ha podido precisar todav\u00eda porque en Argentina no hay un sistema de trazabilidad riguroso sobre el uso del fentanilo.<\/p>\n<p class=\"\">La causa judicial busca determinar la responsabilidad de autoridades, profesionales y empleados de HLB Pharma, el Laboratorio Ramallo y una trama de nueve empresas vinculadas. Si bien no hay hasta ahora acusaciones formales, hay 24 sospechosos, entre ellos el empresario Ariel Garc\u00eda Furfaro, se\u00f1alado como el principal responsable de las firmas. El juez les ha dictado la prohibici\u00f3n de salir del pa\u00eds y la inhibici\u00f3n general de sus bienes a los sospechosos. Tambi\u00e9n han sido allanados sus domicilios y secuestrados sus tel\u00e9fonos. El dictamen que fundament\u00f3 esas medidas aludi\u00f3 al presunto \u201cdespliegue de maniobras tendientes a evadir y\/u ocultar posibles conductas il\u00edcitas\u201d.<\/p>\n<p class=\"\">En los \u00faltimos a\u00f1os, HLB Pharma acumul\u00f3 diversas sanciones de la Administraci\u00f3n Nacional\u00a0<i>de Medicamentos, Alimentos y Tecnolog\u00eda M\u00e9dica<\/i>\u00a0(ANMAT) por falsificar productos o etiquetas, controles deficientes e incumplimientos de trazabilidad. Ahora, la ANMAT se ocup\u00f3 de aclarar que la farmac\u00e9utica\u00a0<a title=\"https:\/\/www.argentina.gob.ar\/noticias\/comunicado-oficial-de-anmat\" href=\"https:\/\/www.argentina.gob.ar\/noticias\/comunicado-oficial-de-anmat\" target=\"_blank\" rel=\"noopener\" data-link-track-dtm=\"\" data-mrf-link=\"https:\/\/www.argentina.gob.ar\/noticias\/comunicado-oficial-de-anmat\">\u201cno est\u00e1 habilitada para producir ni comercializar medicamentos\u201d<\/a>.<\/p>\n","protected":false},"excerpt":{"rendered":"<p>&nbsp; &nbsp; &#8211; La justicia confirma que podr\u00eda haber m\u00e1s v\u00edctimas y asegura que en los centros de salud ya no circulan ampollas con el&hellip;<\/p>\n","protected":false},"author":99,"featured_media":534961,"comment_status":"open","ping_status":"open","sticky":false,"template":"","format":"standard","meta":{"footnotes":""},"categories":[23],"tags":[],"class_list":["post-534960","post","type-post","status-publish","format-standard","has-post-thumbnail","hentry","category-latinoamerica"],"_links":{"self":[{"href":"https:\/\/diarioelpopular.com\/index.php\/wp-json\/wp\/v2\/posts\/534960","targetHints":{"allow":["GET"]}}],"collection":[{"href":"https:\/\/diarioelpopular.com\/index.php\/wp-json\/wp\/v2\/posts"}],"about":[{"href":"https:\/\/diarioelpopular.com\/index.php\/wp-json\/wp\/v2\/types\/post"}],"author":[{"embeddable":true,"href":"https:\/\/diarioelpopular.com\/index.php\/wp-json\/wp\/v2\/users\/99"}],"replies":[{"embeddable":true,"href":"https:\/\/diarioelpopular.com\/index.php\/wp-json\/wp\/v2\/comments?post=534960"}],"version-history":[{"count":1,"href":"https:\/\/diarioelpopular.com\/index.php\/wp-json\/wp\/v2\/posts\/534960\/revisions"}],"predecessor-version":[{"id":534962,"href":"https:\/\/diarioelpopular.com\/index.php\/wp-json\/wp\/v2\/posts\/534960\/revisions\/534962"}],"wp:featuredmedia":[{"embeddable":true,"href":"https:\/\/diarioelpopular.com\/index.php\/wp-json\/wp\/v2\/media\/534961"}],"wp:attachment":[{"href":"https:\/\/diarioelpopular.com\/index.php\/wp-json\/wp\/v2\/media?parent=534960"}],"wp:term":[{"taxonomy":"category","embeddable":true,"href":"https:\/\/diarioelpopular.com\/index.php\/wp-json\/wp\/v2\/categories?post=534960"},{"taxonomy":"post_tag","embeddable":true,"href":"https:\/\/diarioelpopular.com\/index.php\/wp-json\/wp\/v2\/tags?post=534960"}],"curies":[{"name":"wp","href":"https:\/\/api.w.org\/{rel}","templated":true}]}}