{"id":534968,"date":"2025-08-12T09:52:19","date_gmt":"2025-08-12T13:52:19","guid":{"rendered":"https:\/\/diarioelpopular.com\/?p=534968"},"modified":"2025-08-12T09:52:19","modified_gmt":"2025-08-12T13:52:19","slug":"una-tragedia-que-se-repite-34-anos-despues-la-historia-de-diana-turbay-y-miguel-uribe-madre-e-hijo-asesinados-en-colombia","status":"publish","type":"post","link":"https:\/\/diarioelpopular.com\/index.php\/2025\/08\/12\/una-tragedia-que-se-repite-34-anos-despues-la-historia-de-diana-turbay-y-miguel-uribe-madre-e-hijo-asesinados-en-colombia\/","title":{"rendered":"Una tragedia que se repite 34 a\u00f1os despu\u00e9s: la historia de Diana Turbay y Miguel Uribe, madre e hijo asesinados en Colombia"},"content":{"rendered":"<div id=\"attachment_534969\" style=\"width: 646px\" class=\"wp-caption alignnone\"><img loading=\"lazy\" decoding=\"async\" aria-describedby=\"caption-attachment-534969\" class=\"wp-image-534969 size-custom-full-size\" src=\"https:\/\/diarioelpopular.com\/wp-content\/uploads\/2025\/08\/Screen-Shot-2025-08-12-at-9.51.34-AM-636x357.png\" alt=\"\" width=\"636\" height=\"357\" srcset=\"https:\/\/diarioelpopular.com\/wp-content\/uploads\/2025\/08\/Screen-Shot-2025-08-12-at-9.51.34-AM-636x357.png 636w, https:\/\/diarioelpopular.com\/wp-content\/uploads\/2025\/08\/Screen-Shot-2025-08-12-at-9.51.34-AM-300x169.png 300w, https:\/\/diarioelpopular.com\/wp-content\/uploads\/2025\/08\/Screen-Shot-2025-08-12-at-9.51.34-AM-768x431.png 768w, https:\/\/diarioelpopular.com\/wp-content\/uploads\/2025\/08\/Screen-Shot-2025-08-12-at-9.51.34-AM-130x73.png 130w, https:\/\/diarioelpopular.com\/wp-content\/uploads\/2025\/08\/Screen-Shot-2025-08-12-at-9.51.34-AM.png 858w\" sizes=\"auto, (max-width: 636px) 100vw, 636px\" \/><p id=\"caption-attachment-534969\" class=\"wp-caption-text\">Cuando Diana Turbay falleci\u00f3, a su hijo Miguel le faltaban tres d\u00edas para cumplir cinco a\u00f1os.<\/p><\/div>\n<p>&nbsp;<\/p>\n<div class=\"bbc-19j92fr ebmt73l0\" dir=\"ltr\">\n<ul>\n<li class=\"bbc-hhl7in e17g058b0\" dir=\"ltr\"><em><b>Tres d\u00e9cadas despu\u00e9s, la violencia en Colombia repite la misma tragedia. Y en la misma familia.<\/b><\/em><\/li>\n<\/ul>\n<\/div>\n<div class=\"bbc-19j92fr ebmt73l0\" dir=\"ltr\">\n<p dir=\"ltr\">\n<p class=\"bbc-hhl7in e17g058b0\" dir=\"ltr\">Era enero de 1991, cuando tras varios meses de secuestro la destacada periodista Diana Turbay, de 40 a\u00f1os e hija del expresidente Julio Cesar Turbay, fue asesinada en un pol\u00e9mico intento de rescate.<\/p>\n<\/div>\n<div class=\"bbc-19j92fr ebmt73l0\" dir=\"ltr\">\n<p class=\"bbc-hhl7in e17g058b0\" dir=\"ltr\">Su hijo menor, Miguel Uribe Turbay, estaba cerca de cumplir 5 a\u00f1os.<\/p>\n<\/div>\n<div class=\"bbc-19j92fr ebmt73l0\" dir=\"ltr\">\n<p class=\"bbc-hhl7in e17g058b0\" dir=\"ltr\">34 a\u00f1os m\u00e1s tarde Miguel, convertido en un pol\u00edtico con t\u00edtulo de abogado y maestr\u00eda en pol\u00edticas p\u00fablicas que hab\u00eda conseguido trabajar en la Alcald\u00eda de Bogot\u00e1, ser concejal de esa ciudad y, m\u00e1s recientemente, senador de la Rep\u00fablica, se perfilaba como uno de los candidatos favoritos para las pr\u00f3ximas elecciones presidenciales.<\/p>\n<\/div>\n<div class=\"bbc-19j92fr ebmt73l0\" dir=\"ltr\">\n<p class=\"bbc-hhl7in e17g058b0\" dir=\"ltr\">Hasta que el pasado 7 de junio fue brutalmente baleado en un evento p\u00fablico de su campa\u00f1a y en plena calle.<\/p>\n<\/div>\n<div class=\"bbc-19j92fr ebmt73l0\" dir=\"ltr\">\n<p class=\"bbc-hhl7in e17g058b0\" dir=\"ltr\">La noticia de su atentado, como en su momento la del secuestro de su madre, acapar\u00f3 los titulares de prensa y gener\u00f3 gran indignaci\u00f3n en el pa\u00eds.<\/p>\n<\/div>\n<div class=\"bbc-19j92fr ebmt73l0\" dir=\"ltr\">\n<p class=\"bbc-hhl7in e17g058b0\" dir=\"ltr\">Las autoridades iniciaron la investigaci\u00f3n para dar con los responsables. Seis personas fueron detenidas como sospechosas, incluido el adolescente de 15 a\u00f1os, acusado de ser el autor material de los disparos.<\/p>\n<\/div>\n<div class=\"bbc-19j92fr ebmt73l0\" dir=\"ltr\">\n<p class=\"bbc-hhl7in e17g058b0\" dir=\"ltr\">En la madrugada de este lunes 11 de agosto y luego de m\u00e1s de dos meses en cuidados intensivos, Miguel Uribe Turbay falleci\u00f3 a sus 39 a\u00f1os, casi a la misma edad que falleci\u00f3 Diana, su madre.<\/p>\n<\/div>\n<div class=\"bbc-19j92fr ebmt73l0\" dir=\"ltr\">\n<p class=\"bbc-hhl7in e17g058b0\" dir=\"ltr\">Su \u00fanico hijo, Alejandro, tambi\u00e9n est\u00e1 cerca de cumplir 5 a\u00f1os.<\/p>\n<\/div>\n<div class=\"bbc-19j92fr ebmt73l0\" dir=\"ltr\">\n<p class=\"bbc-hhl7in e17g058b0\" dir=\"ltr\">Breve historia de la familia Turbay que, como muchas otras familias colombianas, ha sido v\u00edctima de una violencia sistem\u00e1tica que ha dejado a millones de ni\u00f1os hu\u00e9rfanos.<\/p>\n<p dir=\"ltr\">\n<\/div>\n<figure class=\"bbc-1qn0xuy\">\n<div class=\"bbc-1gbs0ve\">\n<div style=\"width: 942px\" class=\"wp-caption alignnone\"><img loading=\"lazy\" decoding=\"async\" class=\"bbc-139onq\" src=\"https:\/\/ichef.bbci.co.uk\/ace\/ws\/640\/cpsprodpb\/1f7b\/live\/b103a920-770e-11f0-bfc0-171d95523ed7.jpg.webp\" alt=\"Foto de Miguel Uribe Turbay en el Congreso en Bogot\u00e1.\" width=\"932\" height=\"524\" \/><p class=\"wp-caption-text\">Fuente de la imagen,Raul Arboleda\/AFP via Getty Images. Homenaje a Miguel Uribe en el Congreso en Bogot\u00e1, tras su fallecimiento.<\/p><\/div>\n<p class=\"bbc-by8ykd\" role=\"text\">\n<\/div>\n<\/figure>\n<div class=\"bbc-19j92fr ebmt73l0\" dir=\"ltr\">\n<h2 id=\"El-origen-de-Diana-y-Miguel\" class=\"bbc-1lgzob2 eglt09e0\" tabindex=\"-1\">El origen de Diana y Miguel<\/h2>\n<\/div>\n<div class=\"bbc-19j92fr ebmt73l0\" dir=\"ltr\">\n<p class=\"bbc-hhl7in e17g058b0\" dir=\"ltr\">Los padres de Diana Turbay Quintero fueron personalidades relevantes en la historia reciente de Colombia.<\/p>\n<\/div>\n<div class=\"bbc-19j92fr ebmt73l0\" dir=\"ltr\">\n<p class=\"bbc-hhl7in e17g058b0\" dir=\"ltr\">Julio Cesar Turbay Ayala, su padre, fue presidente entre 1978 y 1982. De ascendencia libanesa y miembro del partido liberal, ocup\u00f3 varios cargos diplom\u00e1ticos.<\/p>\n<\/div>\n<div class=\"bbc-19j92fr ebmt73l0\" dir=\"ltr\">\n<p class=\"bbc-hhl7in e17g058b0\" dir=\"ltr\">Nydia Quintero, su madre, dedic\u00f3 su vida al trabajo social y la filantrop\u00eda. Cre\u00f3 la Fundaci\u00f3n Solidaridad por Colombia con la que institucionaliz\u00f3 una caminata anual que busca recoger fondos para obras sociales.<\/p>\n<p dir=\"ltr\">\n<\/div>\n<figure class=\"bbc-1qn0xuy\">\n<div class=\"bbc-1gbs0ve\">\n<div style=\"width: 661px\" class=\"wp-caption alignnone\"><img loading=\"lazy\" decoding=\"async\" class=\"bbc-139onq\" src=\"https:\/\/ichef.bbci.co.uk\/ace\/ws\/640\/cpsprodpb\/bc2c\/live\/c58daca0-770a-11f0-b367-5f3c65de1880.jpg.webp\" alt=\"Los abuelos maternos de Miguel Uribe, el expresidente Julio Cesar Turbay ayala y Nydia Quintero\" width=\"651\" height=\"366\" \/><p class=\"wp-caption-text\">Fuente de la imagen,UPI\/Bettmann Archive\/Getty Images. Los abuelos maternos de Miguel Uribe, el expresidente Julio Cesar Turbay Ayala y Nydia Quintero.<\/p><\/div>\n<p class=\"bbc-by8ykd\" role=\"text\">\n<\/div>\n<\/figure>\n<div class=\"bbc-19j92fr ebmt73l0\" dir=\"ltr\">\n<p class=\"bbc-hhl7in e17g058b0\" dir=\"ltr\">Diana naci\u00f3 en 1950, fue la mayor de cuatro hermanos con quienes creci\u00f3 en Bogot\u00e1. Aunque estudi\u00f3 Derecho, no ejerci\u00f3 como abogada y en cambio forj\u00f3 una exitosa carrera como periodista.<\/p>\n<\/div>\n<div class=\"bbc-19j92fr ebmt73l0\" dir=\"ltr\">\n<p class=\"bbc-hhl7in e17g058b0\" dir=\"ltr\">De su primer matrimonio naci\u00f3 Mar\u00eda Carolina Hoyos Turbay, en 1972, quien tambi\u00e9n se dedic\u00f3 al periodismo y a la funci\u00f3n p\u00fablica en el \u00e1rea de comunicaciones.<\/p>\n<\/div>\n<div class=\"bbc-19j92fr ebmt73l0\" dir=\"ltr\">\n<p class=\"bbc-hhl7in e17g058b0\" dir=\"ltr\">Y de su segundo matrimonio, con el empresario Miguel Uribe Lodo\u00f1o, naci\u00f3 su hijo Miguel Uribe Turbay en 1986.<\/p>\n<\/div>\n<div class=\"bbc-19j92fr ebmt73l0\" dir=\"ltr\">\n<p class=\"bbc-hhl7in e17g058b0\" dir=\"ltr\">Miguel solo pudo compartir sus primeros a\u00f1os de vida con su mam\u00e1, &#8220;yo he conocido a mi mam\u00e1 a partir de las historias de otras personas, especialmente de mi familia&#8221;, dijo en un documental sobre la historia de Diana publicado hace nueve a\u00f1os.<\/p>\n<\/div>\n<div class=\"bbc-19j92fr ebmt73l0\" dir=\"ltr\">\n<p class=\"bbc-hhl7in e17g058b0\" dir=\"ltr\">La \u00faltima vez que la vio, fue en la ma\u00f1ana en la que ella sali\u00f3 a un supuesto viaje de trabaj\u00f3 que result\u00f3 ser una trampa y deriv\u00f3 en secuestro.<\/p>\n<\/div>\n<div class=\"bbc-19j92fr ebmt73l0\" dir=\"ltr\">\n<p class=\"bbc-hhl7in e17g058b0\" dir=\"ltr\">&#8220;Tengo clar\u00edsima la imagen del \u00faltimo d\u00eda en que la vi, el \u00faltimo abrazo y el beso antes de que se fuera. Si para un adulto la muerte es dif\u00edcil de entender, para un ni\u00f1o es peor&#8221;, record\u00f3 Miguel Uribe en una entrevista para la revista Bocas en 2021.<\/p>\n<\/div>\n<div class=\"bbc-19j92fr ebmt73l0\" dir=\"ltr\">\n<h2 id=\"La-tragedia-de-Diana\" class=\"bbc-1lgzob2 eglt09e0\" tabindex=\"-1\">La tragedia de Diana<\/h2>\n<\/div>\n<figure class=\"bbc-1qn0xuy\">\n<div class=\"bbc-1gbs0ve\">\n<div style=\"width: 314px\" class=\"wp-caption alignnone\"><img loading=\"lazy\" decoding=\"async\" class=\"bbc-139onq\" src=\"https:\/\/ichef.bbci.co.uk\/ace\/ws\/640\/cpsprodpb\/eb58\/live\/2445c330-770c-11f0-abd9-959a2f322828.png.webp\" alt=\"Miguel cuando era peque\u00f1o junto a  su padre\" width=\"304\" height=\"456\" \/><p class=\"wp-caption-text\">Fuente de la imagen,Instagram de Miguel Uribe Turbay. Miguel con su padre, quien ha dicho que hizo las labores de mam\u00e1 y pap\u00e1, luego de que Diana falleciera.<\/p><\/div>\n<p class=\"bbc-by8ykd\" role=\"text\">\n<\/div>\n<\/figure>\n<div class=\"bbc-19j92fr ebmt73l0\" dir=\"ltr\">\n<p dir=\"ltr\">\n<p class=\"bbc-hhl7in e17g058b0\" dir=\"ltr\">En plenos a\u00f1os 80 e inicio de los 90 Diana Turbay Quintero era una periodista reconocida en Colombia, mientras el narcotr\u00e1fico estaba en auge y las guerrillas en expansi\u00f3n.<\/p>\n<\/div>\n<div class=\"bbc-19j92fr ebmt73l0\" dir=\"ltr\">\n<p class=\"bbc-hhl7in e17g058b0\" dir=\"ltr\">Trabajaba como directora de una revista independiente y de un noticiero de televisi\u00f3n cuando le toc\u00f3 registrar, en un lapso de ocho meses, el asesinato de tres candidatos presidenciales: Carlos Gal\u00e1n, Bernardo Jaramillo y Carlos Pizarro.<\/p>\n<\/div>\n<div class=\"bbc-19j92fr ebmt73l0\" dir=\"ltr\">\n<p class=\"bbc-hhl7in e17g058b0\" dir=\"ltr\">Su hijo Miguel es el cuarto aspirante a la presidencia asesinado en la historia reciente del pa\u00eds.<\/p>\n<\/div>\n<div class=\"bbc-19j92fr ebmt73l0\" dir=\"ltr\">\n<p class=\"bbc-hhl7in e17g058b0\" dir=\"ltr\">En ese contexto de violencia desmedida, Diana Turbay recibi\u00f3 una propuesta para entrevistar a alias El Cura Perez, quien era l\u00edder del Ej\u00e9rcito de Liberaci\u00f3n Nacional, ELN, pues se hablaba de ciertos acercamientos e intentos de di\u00e1logo entre esa guerrilla y el gobierno de entonces.<\/p>\n<\/div>\n<div class=\"bbc-19j92fr ebmt73l0\" dir=\"ltr\">\n<p class=\"bbc-hhl7in e17g058b0\" dir=\"ltr\">&#8220;Yo creo que mi mam\u00e1 siempre so\u00f1\u00f3 con la paz de Colombia (&#8230;) y como desde el periodismo pod\u00eda aportar un granito de arena&#8230;&#8221;, cont\u00f3 Mar\u00eda Carolina en el documental sobre la vida de Diana.<\/p>\n<\/div>\n<div class=\"bbc-19j92fr ebmt73l0\" dir=\"ltr\">\n<p class=\"bbc-hhl7in e17g058b0\" dir=\"ltr\">Diana acept\u00f3 la entrevista, viaj\u00f3 con un grupo de colegas a la selva para el supuesto encuentro, pero result\u00f3 ser una trampa que le tendi\u00f3 el llamado grupo de extraditables, conformado por varios narcotraficantes entre los que se encontraba Pablo Escobar.<\/p>\n<\/div>\n<div class=\"bbc-19j92fr ebmt73l0\" dir=\"ltr\">\n<p class=\"bbc-hhl7in e17g058b0\" dir=\"ltr\">Los capos secuestraron a varias personalidades para presionar al gobierno y que no aceptara extraditarlos, pues dec\u00edan preferir una tumba en Colombia a una celda en una c\u00e1rcel de Estados Unidos.<\/p>\n<\/div>\n<div class=\"bbc-19j92fr ebmt73l0\" dir=\"ltr\">\n<p class=\"bbc-hhl7in e17g058b0\" dir=\"ltr\">Diana Turbay fue la primera v\u00edctima de esa macabra estrategia. Estuvo secuestrada durante cinco meses en una finca en Antioquia, hasta que en un intento de rescate por parte de las autoridades result\u00f3 gravemente herida.<\/p>\n<\/div>\n<div class=\"bbc-19j92fr ebmt73l0\" dir=\"ltr\">\n<p class=\"bbc-hhl7in e17g058b0\" dir=\"ltr\">Seg\u00fan inform\u00f3 la prensa local, Diana y su compa\u00f1ero camar\u00f3grafo intentaron huir al escuchar el sobrevuelo de un helic\u00f3ptero, pero sus captores ten\u00edan la orden de no dejar que fuera rescatada con vida. El 25 de enero de 1991 y pese a haber llegado con vida al hospital m\u00e1s cercano, Diana falleci\u00f3, luego de recibir varios impactos de bala.<\/p>\n<\/div>\n<div class=\"bbc-19j92fr ebmt73l0\" dir=\"ltr\">\n<p class=\"bbc-hhl7in e17g058b0\" dir=\"ltr\">18 a\u00f1os despu\u00e9s, en 2009, el crimen fue declarado delito de lesa humanidad.<\/p>\n<\/div>\n<div class=\"bbc-19j92fr ebmt73l0\" dir=\"ltr\">\n<h2 id=\"El-perd\u00f3n-de-Miguel-y-su-familia\" class=\"bbc-1lgzob2 eglt09e0\" tabindex=\"-1\">El perd\u00f3n de Miguel y su familia<\/h2>\n<\/div>\n<figure class=\"bbc-1qn0xuy\">\n<div class=\"bbc-1gbs0ve\">\n<div style=\"width: 692px\" class=\"wp-caption alignnone\"><img loading=\"lazy\" decoding=\"async\" class=\"bbc-139onq\" src=\"https:\/\/ichef.bbci.co.uk\/ace\/ws\/640\/cpsprodpb\/2d87\/live\/4a7ef5c0-770d-11f0-81e1-6bd3e07743ec.jpg.webp\" alt=\"Mar\u00eda Carolina Hoyos Turbay, rezando por la vida de su hermano Miguel\" width=\"682\" height=\"384\" \/><p class=\"wp-caption-text\">Fuente de la imagen,Luis Acosta\/AFP via Getty Images. Mar\u00eda Carolina Hoyos Turbay, hermana de Miguel ha sido un s\u00edmbolo de perd\u00f3n y reconciliaci\u00f3n en Colombia.<\/p><\/div>\n<p class=\"bbc-by8ykd\" role=\"text\">\n<\/div>\n<\/figure>\n<div class=\"bbc-19j92fr ebmt73l0\" dir=\"ltr\">\n<p dir=\"ltr\">\n<p class=\"bbc-hhl7in e17g058b0\" dir=\"ltr\">&#8220;Recuerdo que fuimos a la velaci\u00f3n de ella en el Concejo de Bogot\u00e1, parad\u00f3jicamente, en el mismo sal\u00f3n en el que sesion\u00e9 como concejal y presidente del Concejo 20 a\u00f1os m\u00e1s tarde. Y despu\u00e9s de eso me acuerdo de estar en el cementerio enterr\u00e1ndola. No recuerdo, por ejemplo, la misa ni la capilla&#8221;, cont\u00f3 Miguel en la entrevista de 2021.<\/p>\n<\/div>\n<div class=\"bbc-19j92fr ebmt73l0\" dir=\"ltr\">\n<p class=\"bbc-hhl7in e17g058b0\" dir=\"ltr\">Y Colombia fue testigo de lo que relata. En los noticieros se vieron las im\u00e1genes del ata\u00fad forrado con la bandera tricolor y acompa\u00f1ado por una multitud encabezada por los padres de Diana, su hija Mar\u00eda Carolina, que ten\u00eda 18 a\u00f1os, y el entonces peque\u00f1o Miguel -vestido con una camiseta blanca de rayas oscuras- que tomaba en una mano a su padre y en la otra a su hermana.<\/p>\n<\/div>\n<div class=\"bbc-19j92fr ebmt73l0\" dir=\"ltr\">\n<p class=\"bbc-hhl7in e17g058b0\" dir=\"ltr\">25 a\u00f1os despu\u00e9s de esa dolorosa despedida, en octubre de 2015, Mar\u00eda Carolina se encontr\u00f3 con Jhon Jairo Vel\u00e1squez V\u00e1squez, alias Popeye, el \u00fanico sobreviviente del cartel de Medell\u00edn que estuvo involucrado en el secuestro de su mam\u00e1.<\/p>\n<\/div>\n<div class=\"bbc-19j92fr ebmt73l0\" dir=\"ltr\">\n<p class=\"bbc-hhl7in e17g058b0\" dir=\"ltr\">En el emotivo encuentro que fue registrado por Noticias Caracol, el sicario de Pablo Escobar confirm\u00f3 de forma tajante que Diana &#8220;fue un veh\u00edculo para tumbar la extradici\u00f3n, presionar al presidente y utilizar a su abuelo el se\u00f1or Turbay&#8221;. Dijo, adem\u00e1s, que la orden hab\u00eda sido matarla si no ca\u00eda la extradici\u00f3n.<\/p>\n<\/div>\n<div class=\"bbc-19j92fr ebmt73l0\" dir=\"ltr\">\n<p class=\"bbc-hhl7in e17g058b0\" dir=\"ltr\">Popeye cont\u00f3 que hab\u00eda visto a Miguel Uribe en televisi\u00f3n, quien ya ten\u00eda una vida p\u00fablica por su ejercicio pol\u00edtico y que &#8220;se ve\u00eda una buena persona&#8221;.<\/p>\n<\/div>\n<div class=\"bbc-19j92fr ebmt73l0\" dir=\"ltr\">\n<p class=\"bbc-hhl7in e17g058b0\" dir=\"ltr\">Mar\u00eda Carolina, entre l\u00e1grimas, le contest\u00f3: &#8220;cuando ustedes secuestraron a mi mam\u00e1 yo ten\u00eda 17 a\u00f1os y \u00e9l [Miguel] ten\u00eda tres [en realidad eran cuatro] y ha sido muy duro, pero nosotros dos lo perdonamos. Yo lo perdono y mi hermanito tambi\u00e9n&#8221;.<\/p>\n<\/div>\n<div class=\"bbc-19j92fr ebmt73l0\" dir=\"ltr\">\n<p class=\"bbc-hhl7in e17g058b0\" dir=\"ltr\">Seis a\u00f1os despu\u00e9s de ese encuentro Miguel habl\u00f3 de su propio proceso de perd\u00f3n en una entrevista.<\/p>\n<\/div>\n<div class=\"bbc-19j92fr ebmt73l0\" dir=\"ltr\">\n<p class=\"bbc-hhl7in e17g058b0\" dir=\"ltr\">&#8220;Yo perdon\u00e9 a todos los que estuvieron involucrados, incluyendo a Popeye y compa\u00f1\u00eda. Primero, entend\u00ed que ya hab\u00eda pasado, que nada que yo hiciera me devolver\u00eda a mi mam\u00e1, y en cambio perdonar s\u00ed me iba a enriquecer como persona y me permitir\u00eda vivir sin carga&#8221;<\/p>\n<\/div>\n<div class=\"bbc-19j92fr ebmt73l0\" dir=\"ltr\">\n<p class=\"bbc-hhl7in e17g058b0\" dir=\"ltr\">Y se refiri\u00f3 a Mar\u00eda Carolina: &#8220;mi hermana tiene una frase que desde que la o\u00ed, la tengo presente y es: &#8220;Cuando mi mam\u00e1 se muere, uno pregunta \u00bfpor qu\u00e9?, pero la pregunta que hay que hacer es \u00bfpara qu\u00e9?&#8221;. Esa es la pregunta que me ayud\u00f3 a encontrar camino y significado en la vida&#8221;.<\/p>\n<\/div>\n<div class=\"bbc-19j92fr ebmt73l0\" dir=\"ltr\">\n<p class=\"bbc-hhl7in e17g058b0\" dir=\"ltr\">Miguel Uribe reiter\u00f3 varias veces que su mam\u00e1 era un ejemplo y su principal motivaci\u00f3n para seguir en su propuesta pol\u00edtica.<\/p>\n<\/div>\n<div class=\"bbc-19j92fr ebmt73l0\" dir=\"ltr\">\n<h2 id=\"La-tragedia-que-se-repite\" class=\"bbc-1lgzob2 eglt09e0\" tabindex=\"-1\">La tragedia que se repite<\/h2>\n<\/div>\n<figure class=\"bbc-1qn0xuy\">\n<div class=\"bbc-1gbs0ve\">\n<div style=\"width: 598px\" class=\"wp-caption alignnone\"><img loading=\"lazy\" decoding=\"async\" class=\"bbc-139onq\" src=\"https:\/\/ichef.bbci.co.uk\/ace\/ws\/640\/cpsprodpb\/9bb8\/live\/83f272f0-770d-11f0-81e1-6bd3e07743ec.jpg.webp\" alt=\"Mar\u00eda Claudia Tarazona, esposa de Miguel Uribe y madre de su \u00fanico hijo Alejandro.\" width=\"588\" height=\"331\" \/><p class=\"wp-caption-text\">Fuente de la imagen,Luis Acosta\/AFP via Getty Images. Mar\u00eda Claudia Tarazona, esposa de Miguel Uribe y madre de su \u00fanico hijo, Alejandro.<\/p><\/div>\n<p class=\"bbc-by8ykd\" role=\"text\">\n<\/div>\n<\/figure>\n<div class=\"bbc-19j92fr ebmt73l0\" dir=\"ltr\">\n<p dir=\"ltr\">\n<p class=\"bbc-hhl7in e17g058b0\" dir=\"ltr\">Do\u00f1a Nydia Quintero, como era conocida en Colombia, tuvo que enterrar a su hija cuando ten\u00eda 58 a\u00f1os y a sus 92 fue ingresada a la misma cl\u00ednica en la que su nieto se encontraba en cuidados intensivos.<\/p>\n<\/div>\n<div class=\"bbc-19j92fr ebmt73l0\" dir=\"ltr\">\n<p class=\"bbc-hhl7in e17g058b0\" dir=\"ltr\">Muri\u00f3 el pasado 30 de junio por complicaciones propias de su edad y sin conocer el desenlace de la historia de Miguel.<\/p>\n<\/div>\n<div class=\"bbc-19j92fr ebmt73l0\" dir=\"ltr\">\n<p class=\"bbc-hhl7in e17g058b0\" dir=\"ltr\">&#8220;Gracias por ser mi mam\u00e1 de la vida, mi refugio cuando perd\u00ed a la m\u00eda&#8221;, escribi\u00f3 Mar\u00eda Carolina en sus redes al despedir a su abuela.<\/p>\n<\/div>\n<div class=\"bbc-19j92fr ebmt73l0\" dir=\"ltr\">\n<p class=\"bbc-hhl7in e17g058b0\" dir=\"ltr\">Entre tanto Mar\u00eda Claudia Tarazona, la esposa de Miguel, compart\u00eda p\u00fablicamente los avances del tratamiento m\u00e9dico que lo manten\u00eda con vida, as\u00ed como algunos detalles de su entorno familiar.<\/p>\n<\/div>\n<div class=\"bbc-19j92fr ebmt73l0\" dir=\"ltr\">\n<p class=\"bbc-hhl7in e17g058b0\" dir=\"ltr\">Miguel y Mar\u00eda Claudia llevaban 14 a\u00f1os juntos y viv\u00edan con las tres hijas de ella -de su primer matrimonio- y con Alejandro, el hijo de ambos.<\/p>\n<\/div>\n<div class=\"bbc-19j92fr ebmt73l0\" dir=\"ltr\">\n<p class=\"bbc-hhl7in e17g058b0\" dir=\"ltr\">En la \u00fanica entrevista que ha dado a un medio local, Mar\u00eda Claudia cont\u00f3 el pasado 15 de julio que estaba con Miguel el d\u00eda del atentado y que lo acompa\u00f1\u00f3 en la ambulancia hasta la cl\u00ednica.<\/p>\n<\/div>\n<div class=\"bbc-19j92fr ebmt73l0\" dir=\"ltr\">\n<p class=\"bbc-hhl7in e17g058b0\" dir=\"ltr\">Sobre el principal sospechoso del crimen contra su esposo, dijo que &#8220;el problema est\u00e1 en qu\u00e9 tipo de sociedad somos nosotros y qu\u00e9 tipo de pa\u00eds somos y c\u00f3mo normalizamos que ni\u00f1os de 14 a\u00f1os sean instrumentos para la guerra&#8221;.<\/p>\n<\/div>\n<div class=\"bbc-19j92fr ebmt73l0\" dir=\"ltr\">\n<p class=\"bbc-hhl7in e17g058b0\" dir=\"ltr\">Agradeci\u00f3 todo el apoyo que ha recibido de la gente en medio de la tragedia y dijo que le prometi\u00f3 a Miguel estar bien para que sus hijos est\u00e9n bien.<\/p>\n<\/div>\n<div class=\"bbc-19j92fr ebmt73l0\" dir=\"ltr\">\n<p class=\"bbc-hhl7in e17g058b0\" dir=\"ltr\">As\u00ed como el padre de Miguel se convirti\u00f3 en su mam\u00e1 y su pap\u00e1 para sacarlo adelante cuando ten\u00eda cinco a\u00f1os, hoy es Mar\u00eda Claudia quien se enfrenta a esa compleja tarea tras esta nueva tragedia familiar.<\/p>\n<\/div>\n<div class=\"bbc-19j92fr ebmt73l0\" dir=\"ltr\">\n<p class=\"bbc-hhl7in e17g058b0\" dir=\"ltr\">&#8220;Se que si Miguel estuviera ac\u00e1 me estar\u00eda diciendo (&#8230;) necesito que est\u00e9s con Alejandro&#8221;, dijo en la entrevista.<\/p>\n<\/div>\n<div class=\"bbc-19j92fr ebmt73l0\" dir=\"ltr\">\n<p class=\"bbc-hhl7in e17g058b0\" dir=\"ltr\">Tras conocerse la noticia de la muerte de Miguel, Mar\u00eda Claudia public\u00f3 un emotivo mensaje en sus redes sociales: &#8220;descansa en paz amor de mi vida, yo cuidar\u00e9 a nuestros hijos&#8221;, al que se sum\u00f3 Mar\u00eda Carolina: &#8220;estoy segura que nuestra mam\u00e1, que tanto te ama, te recibe hoy con los brazos abiertos. Mami \u2026 nuestra abuela, nuestra mam\u00e1 de la vida, tambi\u00e9n te est\u00e1 esperando con ternura infinita&#8221;.<\/p>\n<\/div>\n","protected":false},"excerpt":{"rendered":"<p>&nbsp; Tres d\u00e9cadas despu\u00e9s, la violencia en Colombia repite la misma tragedia. Y en la misma familia. Era enero de 1991, cuando tras varios meses&hellip;<\/p>\n","protected":false},"author":99,"featured_media":534969,"comment_status":"open","ping_status":"open","sticky":false,"template":"","format":"standard","meta":{"footnotes":""},"categories":[23],"tags":[],"class_list":["post-534968","post","type-post","status-publish","format-standard","has-post-thumbnail","hentry","category-latinoamerica"],"_links":{"self":[{"href":"https:\/\/diarioelpopular.com\/index.php\/wp-json\/wp\/v2\/posts\/534968","targetHints":{"allow":["GET"]}}],"collection":[{"href":"https:\/\/diarioelpopular.com\/index.php\/wp-json\/wp\/v2\/posts"}],"about":[{"href":"https:\/\/diarioelpopular.com\/index.php\/wp-json\/wp\/v2\/types\/post"}],"author":[{"embeddable":true,"href":"https:\/\/diarioelpopular.com\/index.php\/wp-json\/wp\/v2\/users\/99"}],"replies":[{"embeddable":true,"href":"https:\/\/diarioelpopular.com\/index.php\/wp-json\/wp\/v2\/comments?post=534968"}],"version-history":[{"count":1,"href":"https:\/\/diarioelpopular.com\/index.php\/wp-json\/wp\/v2\/posts\/534968\/revisions"}],"predecessor-version":[{"id":534970,"href":"https:\/\/diarioelpopular.com\/index.php\/wp-json\/wp\/v2\/posts\/534968\/revisions\/534970"}],"wp:featuredmedia":[{"embeddable":true,"href":"https:\/\/diarioelpopular.com\/index.php\/wp-json\/wp\/v2\/media\/534969"}],"wp:attachment":[{"href":"https:\/\/diarioelpopular.com\/index.php\/wp-json\/wp\/v2\/media?parent=534968"}],"wp:term":[{"taxonomy":"category","embeddable":true,"href":"https:\/\/diarioelpopular.com\/index.php\/wp-json\/wp\/v2\/categories?post=534968"},{"taxonomy":"post_tag","embeddable":true,"href":"https:\/\/diarioelpopular.com\/index.php\/wp-json\/wp\/v2\/tags?post=534968"}],"curies":[{"name":"wp","href":"https:\/\/api.w.org\/{rel}","templated":true}]}}