{"id":535000,"date":"2025-08-13T11:21:50","date_gmt":"2025-08-13T15:21:50","guid":{"rendered":"https:\/\/diarioelpopular.com\/?p=535000"},"modified":"2025-08-13T11:21:50","modified_gmt":"2025-08-13T15:21:50","slug":"quienes-son-los-26-narcotraficantes-mexicanos-entregados-a-estados-unidos-por-el-gobierno-de-sheinbaum","status":"publish","type":"post","link":"https:\/\/diarioelpopular.com\/index.php\/2025\/08\/13\/quienes-son-los-26-narcotraficantes-mexicanos-entregados-a-estados-unidos-por-el-gobierno-de-sheinbaum\/","title":{"rendered":"Qui\u00e9nes son los 26 narcotraficantes mexicanos entregados a Estados Unidos por el Gobierno de Sheinbaum"},"content":{"rendered":"<div id=\"attachment_535001\" style=\"width: 1210px\" class=\"wp-caption alignnone\"><img loading=\"lazy\" decoding=\"async\" aria-describedby=\"caption-attachment-535001\" class=\"wp-image-535001 size-custom-big-size\" src=\"https:\/\/diarioelpopular.com\/wp-content\/uploads\/2025\/08\/Screen-Shot-2025-08-13-at-11.20.55-AM-1200x575.png\" alt=\"\" width=\"1200\" height=\"575\" srcset=\"https:\/\/diarioelpopular.com\/wp-content\/uploads\/2025\/08\/Screen-Shot-2025-08-13-at-11.20.55-AM-1200x575.png 1200w, https:\/\/diarioelpopular.com\/wp-content\/uploads\/2025\/08\/Screen-Shot-2025-08-13-at-11.20.55-AM-300x144.png 300w, https:\/\/diarioelpopular.com\/wp-content\/uploads\/2025\/08\/Screen-Shot-2025-08-13-at-11.20.55-AM-768x368.png 768w, https:\/\/diarioelpopular.com\/wp-content\/uploads\/2025\/08\/Screen-Shot-2025-08-13-at-11.20.55-AM-636x305.png 636w, https:\/\/diarioelpopular.com\/wp-content\/uploads\/2025\/08\/Screen-Shot-2025-08-13-at-11.20.55-AM-146x70.png 146w, https:\/\/diarioelpopular.com\/wp-content\/uploads\/2025\/08\/Screen-Shot-2025-08-13-at-11.20.55-AM.png 1024w\" sizes=\"auto, (max-width: 1200px) 100vw, 1200px\" \/><p id=\"caption-attachment-535001\" class=\"wp-caption-text\">Algunos de los criminales extraditados a Washington.\u00a0 Foto DEA \/ GOBIERNO DE M\u00c9XICO<\/p><\/div>\n<p>&nbsp;<\/p>\n<h4 class=\"a_st\"><em>&#8211; En un nuevo y discreto operativo, el Gobierno mexicano envi\u00f3 al vecino pa\u00eds a una decena de fugitivos entre los que se encuentran l\u00edderes y operadores del Cartel de Sinaloa, Cartel Jalisco Nueva Generaci\u00f3n y Cartel del Noroeste<\/em><\/h4>\n<p>&nbsp;<\/p>\n<p class=\"\">En un nuevo operativo,\u00a0<a title=\"https:\/\/elpais.com\/mexico\/2025-08-12\/mexico-extradita-a-estados-unidos-a-otros-26-narcos-bajo-la-promesa-de-que-no-se-les-impondra-la-pena-de-muerte.html\" href=\"https:\/\/elpais.com\/mexico\/2025-08-12\/mexico-extradita-a-estados-unidos-a-otros-26-narcos-bajo-la-promesa-de-que-no-se-les-impondra-la-pena-de-muerte.html\" target=\"_self\" rel=\"\" data-link-track-dtm=\"\" data-mrf-link=\"https:\/\/elpais.com\/mexico\/2025-08-12\/mexico-extradita-a-estados-unidos-a-otros-26-narcos-bajo-la-promesa-de-que-no-se-les-impondra-la-pena-de-muerte.html\">26 fugitivos acusados de narcotr\u00e1fico y delitos violentos<\/a>\u00a0han sido entregados por el Gobierno de Claudia Sheinbaum a las autoridades de Estados Unidos tras una operaci\u00f3n coordinada entre ambos pa\u00edses.<\/p>\n<p class=\"\">En el grupo figuran l\u00edderes y operadores del Cartel de Sinaloa, el Cartel Jalisco Nueva Generaci\u00f3n (CJNG) y el Cartel del Noreste \u2014antes Los Zetas\u2014, se\u00f1alados por su participaci\u00f3n en el tr\u00e1fico masivo de coca\u00edna, metanfetaminas, fentanilo y hero\u00edna, as\u00ed como por secuestros, homicidios y lavado de dinero. Las autoridades mexicanas han indicado que la entrega se da bajo el compromiso de Estados Unidos de no solicitar para ellos la pena de muerte.<\/p>\n<p class=\"\">La entrega, que el Gobierno mexicano define como un \u201ctraslado especial\u201d y no como una extradici\u00f3n formal, marca la segunda transferencia de alto perfil en lo que va de la administraci\u00f3n de Claudia Sheinbaum.\u00a0<a title=\"https:\/\/elpais.com\/mexico\/2025-02-27\/mexico-extradita-a-29-narcotraficantes-a-estados-unidos-entre-ellos-los-lideres-de-los-zetas.html\" href=\"https:\/\/elpais.com\/mexico\/2025-02-27\/mexico-extradita-a-29-narcotraficantes-a-estados-unidos-entre-ellos-los-lideres-de-los-zetas.html\" target=\"_self\" rel=\"\" data-link-track-dtm=\"\" data-mrf-link=\"https:\/\/elpais.com\/mexico\/2025-02-27\/mexico-extradita-a-29-narcotraficantes-a-estados-unidos-entre-ellos-los-lideres-de-los-zetas.html\">En febrero pasado fueron enviados otros 29 acusados, incluido Rafael Caro Quintero<\/a>, reclamado por la justicia estadounidense desde hace d\u00e9cadas.<\/p>\n<div>\n<div id=\"primisPlayerContainerDiv\" class=\"primisslate\">\n<p class=\"\">El Departamento de Justicia de Estados Unidos ha emitido un comunicado en el que sostiene que los 26 detenidos forman parte de<a title=\"https:\/\/elpais.com\/mexico\/2025-02-19\/estados-unidos-designa-como-organizaciones-terroristas-globales-a-seis-carteles-mexicanos-y-dos-pandillas.html\" href=\"https:\/\/elpais.com\/mexico\/2025-02-19\/estados-unidos-designa-como-organizaciones-terroristas-globales-a-seis-carteles-mexicanos-y-dos-pandillas.html\" target=\"_self\" rel=\"\" data-link-track-dtm=\"\" data-mrf-link=\"https:\/\/elpais.com\/mexico\/2025-02-19\/estados-unidos-designa-como-organizaciones-terroristas-globales-a-seis-carteles-mexicanos-y-dos-pandillas.html\">\u00a0grupos designados como organizaciones terroristas globales<\/a>. Los expedientes incluyen acusaciones de tr\u00e1fico de drogas a territorio estadounidense, el asesinato de un alguacil adjunto, tr\u00e1fico de personas, usar armas de uso exclusivo del Ej\u00e9rcito y el secuestro de un ciudadano estadounidense.<\/p>\n<h3 class=\"\">Estos son los 26 perfiles<\/h3>\n<div class=\"a_fts\" data-dtm-region=\"articulo_sumarioenlaces-fototexto\">\n<section class=\"a_ft _g _g-md\">\n<figure class=\"a_ft_m a_m-h c_m--nf\"><span class=\"a_m_w _db\"><img loading=\"lazy\" decoding=\"async\" class=\"_re lazyload a_m-h\" src=\"https:\/\/imagenes.elpais.com\/resizer\/v2\/BNDFTBGNE5ATZMTNPMDXBMKPMA.jpg?auth=61528012e5e78353865f75330b68f7eb313bbda3f5c03491a50fead078cfa2db&amp;width=414&amp;height=414&amp;smart=true\" srcset=\"https:\/\/imagenes.elpais.com\/resizer\/v2\/BNDFTBGNE5ATZMTNPMDXBMKPMA.jpg?auth=61528012e5e78353865f75330b68f7eb313bbda3f5c03491a50fead078cfa2db&amp;width=290&amp;height=290&amp;smart=true 290w,https:\/\/imagenes.elpais.com\/resizer\/v2\/BNDFTBGNE5ATZMTNPMDXBMKPMA.jpg?auth=61528012e5e78353865f75330b68f7eb313bbda3f5c03491a50fead078cfa2db&amp;width=414&amp;height=414&amp;smart=true 414w\" alt=\"\" width=\"414\" height=\"414\" \/><\/span><\/figure>\n<div class=\"a_ft_txt\">\n<h2 class=\"a_ft_t\">Abigael Gonz\u00e1lez Valencia, &#8216;Cuini&#8217;<\/h2>\n<div>Uno de los l\u00edderes de Los Cuinis, brazo financiero y log\u00edstico del Cartel Jalisco Nueva Generaci\u00f3n, responsable de traficar grandes cantidades de coca\u00edna desde Sudam\u00e9rica a Estados Unidos. Mano derecha y cu\u00f1ado del fundador del CJNG, Nemesio Oseguera Cervantes, El Mencho. Fue detenido en 2015 en Puerto Vallarta. Procesado en el Distrito de Columbia, pena de hasta cadena perpetua.<\/div>\n<\/div>\n<\/section>\n<section class=\"a_ft _g _g-md\">\n<figure class=\"a_ft_m a_m-h c_m--nf\"><span class=\"a_m_w _db\"><img loading=\"lazy\" decoding=\"async\" class=\"_re lazyload a_m-h\" src=\"https:\/\/imagenes.elpais.com\/resizer\/v2\/GRLD5UPR5RH33OOWS76FQXPG3E.jpg?auth=200b00ad8060b6e67c42c508d9ef81f564d3f436351872c8677cefb31c8615df&amp;width=414&amp;height=414&amp;smart=true\" srcset=\"https:\/\/imagenes.elpais.com\/resizer\/v2\/GRLD5UPR5RH33OOWS76FQXPG3E.jpg?auth=200b00ad8060b6e67c42c508d9ef81f564d3f436351872c8677cefb31c8615df&amp;width=290&amp;height=290&amp;smart=true 290w,https:\/\/imagenes.elpais.com\/resizer\/v2\/GRLD5UPR5RH33OOWS76FQXPG3E.jpg?auth=200b00ad8060b6e67c42c508d9ef81f564d3f436351872c8677cefb31c8615df&amp;width=414&amp;height=414&amp;smart=true 414w\" alt=\"\" width=\"414\" height=\"414\" \/><\/span><\/figure>\n<div class=\"a_ft_txt\">\n<h2 class=\"a_ft_t\">Kevin Gil Acosta, &#8216;el 200&#8217;<\/h2>\n<div>Uno de los l\u00edderes del cuerpo de seguridad de Iv\u00e1n Archivaldo Guzm\u00e1n, el l\u00edder de Los Chapitos. Jefe de seguridad de laboratorios de fentanilo del grupo delictivo. Lider\u00f3 ataques contra las fuerzas de seguridad de M\u00e9xico. El 200 fue capturado en febrero en un operativo realizado en Culiac\u00e1n. Procesado en el Distrito Sur de Nueva York.<\/div>\n<\/div>\n<\/section>\n<section class=\"a_ft _g _g-md\">\n<div class=\"a_ft_txt\">\n<h2 class=\"a_ft_t\">Mart\u00edn Zazueta P\u00e9rez<\/h2>\n<div>Otro de los jefes de seguridad del l\u00edder de Los Chapitos, Iv\u00e1n Archivaldo. Procesado en el Distrito Sur de Nueva York, podr\u00eda tener una pena de cadena perpetua.<\/div>\n<\/div>\n<\/section>\n<section class=\"a_ft _g _g-md\">\n<figure class=\"a_ft_m a_m-h c_m--nf\"><span class=\"a_m_w _db\"><img loading=\"lazy\" decoding=\"async\" class=\"_re lazyload a_m-h\" src=\"https:\/\/imagenes.elpais.com\/resizer\/v2\/THQHA3X7CJEOBLIAY6QCBADNDQ.jpg?auth=71f8471dd88988ff8867e41e62c056700323806f6a9ab9108b1a37ef386021a6&amp;width=414&amp;height=414&amp;smart=true\" srcset=\"https:\/\/imagenes.elpais.com\/resizer\/v2\/THQHA3X7CJEOBLIAY6QCBADNDQ.jpg?auth=71f8471dd88988ff8867e41e62c056700323806f6a9ab9108b1a37ef386021a6&amp;width=290&amp;height=290&amp;smart=true 290w,https:\/\/imagenes.elpais.com\/resizer\/v2\/THQHA3X7CJEOBLIAY6QCBADNDQ.jpg?auth=71f8471dd88988ff8867e41e62c056700323806f6a9ab9108b1a37ef386021a6&amp;width=414&amp;height=414&amp;smart=true 414w\" alt=\"\" width=\"414\" height=\"414\" \/><\/span><\/figure>\n<div class=\"a_ft_txt\">\n<h2 class=\"a_ft_t\">Abdul Karim Conteh<\/h2>\n<div>Ciudadano de Sierra Leona, acusado de encabezar una red de tr\u00e1fico de migrantes procedentes de pa\u00edses como Ir\u00e1n, Afganist\u00e1n, Pakist\u00e1n y Somalia hacia Estados Unidos, cobrando hasta decenas de miles de d\u00f3lares por persona.<\/div>\n<\/div>\n<\/section>\n<section class=\"a_ft _g _g-md\">\n<figure class=\"a_ft_m a_m-h c_m--nf\"><span class=\"a_m_w _db\"><img loading=\"lazy\" decoding=\"async\" class=\"_re lazyload a_m-h\" src=\"https:\/\/imagenes.elpais.com\/resizer\/v2\/3ZPCF4V64VCIZC5WFCMHYNYFPY.jpg?auth=a978f9a1cb476490feaefcda9637d87c974203a8f45ea4add3ecb2ae26841ed8&amp;width=414&amp;height=414&amp;smart=true\" srcset=\"https:\/\/imagenes.elpais.com\/resizer\/v2\/3ZPCF4V64VCIZC5WFCMHYNYFPY.jpg?auth=a978f9a1cb476490feaefcda9637d87c974203a8f45ea4add3ecb2ae26841ed8&amp;width=290&amp;height=290&amp;smart=true 290w,https:\/\/imagenes.elpais.com\/resizer\/v2\/3ZPCF4V64VCIZC5WFCMHYNYFPY.jpg?auth=a978f9a1cb476490feaefcda9637d87c974203a8f45ea4add3ecb2ae26841ed8&amp;width=414&amp;height=414&amp;smart=true 414w\" alt=\"\" width=\"414\" height=\"414\" \/><\/span><\/figure>\n<div class=\"a_ft_txt\">\n<h2 class=\"a_ft_t\">Leobardo Garc\u00eda Corrales<\/h2>\n<div>Operador del C\u00e1rtel de Sinaloa, cercano a Joaqu\u00edn El Chapo Guzm\u00e1n, acusado de traficar fentanilo a cambio de armas de uso militar.<\/div>\n<\/div>\n<\/section>\n<section class=\"a_ft _g _g-md\">\n<figure class=\"a_ft_m a_m-h c_m--nf\"><span class=\"a_m_w _db\"><img loading=\"lazy\" decoding=\"async\" class=\"_re lazyload a_m-h\" src=\"https:\/\/imagenes.elpais.com\/resizer\/v2\/2DOF4JXKYRHTTN6BVCLOAXV3AY.jpg?auth=06fff79616510f5e5e384e8c824c54976ab3cff9571002105dd336b477d58d8c&amp;width=414&amp;height=414&amp;smart=true\" srcset=\"https:\/\/imagenes.elpais.com\/resizer\/v2\/2DOF4JXKYRHTTN6BVCLOAXV3AY.jpg?auth=06fff79616510f5e5e384e8c824c54976ab3cff9571002105dd336b477d58d8c&amp;width=290&amp;height=290&amp;smart=true 290w,https:\/\/imagenes.elpais.com\/resizer\/v2\/2DOF4JXKYRHTTN6BVCLOAXV3AY.jpg?auth=06fff79616510f5e5e384e8c824c54976ab3cff9571002105dd336b477d58d8c&amp;width=414&amp;height=414&amp;smart=true 414w\" alt=\"\" width=\"414\" height=\"414\" \/><\/span><\/figure>\n<div class=\"a_ft_txt\">\n<h2 class=\"a_ft_t\">Luis Ra\u00fal Castro Valenzuela, &#8216;Chacho&#8217;<\/h2>\n<div>Miembro del C\u00e1rtel de Sinaloa acusado de secuestrar a un ciudadano estadounidense.<\/div>\n<\/div>\n<\/section>\n<section class=\"a_ft _g _g-md\">\n<figure class=\"a_ft_m a_m-h c_m--nf\"><span class=\"a_m_w _db\"><img loading=\"lazy\" decoding=\"async\" class=\"_re lazyload a_m-h\" src=\"https:\/\/imagenes.elpais.com\/resizer\/v2\/DTSSAEVT6JBC7B2X42QHLECLMI.jpg?auth=f659165bf4fc08d1fd229f435f0dd29ea68f27149006319aef5cffffb937c6a1&amp;width=414&amp;height=414&amp;smart=true\" srcset=\"https:\/\/imagenes.elpais.com\/resizer\/v2\/DTSSAEVT6JBC7B2X42QHLECLMI.jpg?auth=f659165bf4fc08d1fd229f435f0dd29ea68f27149006319aef5cffffb937c6a1&amp;width=290&amp;height=290&amp;smart=true 290w,https:\/\/imagenes.elpais.com\/resizer\/v2\/DTSSAEVT6JBC7B2X42QHLECLMI.jpg?auth=f659165bf4fc08d1fd229f435f0dd29ea68f27149006319aef5cffffb937c6a1&amp;width=414&amp;height=414&amp;smart=true 414w\" alt=\"\" width=\"414\" height=\"414\" \/><\/span><\/figure>\n<div class=\"a_ft_txt\">\n<h2 class=\"a_ft_t\">Juan Carlos F\u00e9lix Gast\u00e9lum, &#8216;El Chavo F\u00e9lix&#8217;<\/h2>\n<div>Yerno de Ismael &#8216;El Mayo&#8217; Zambada, acusado de operar laboratorios clandestinos de metanfetaminas y coca\u00edna en la Sierra Madre.<\/div>\n<\/div>\n<\/section>\n<section class=\"a_ft _g _g-md\">\n<figure class=\"a_ft_m a_m-h c_m--nf\"><span class=\"a_m_w _db\"><img loading=\"lazy\" decoding=\"async\" class=\"_re lazyload a_m-h\" src=\"https:\/\/imagenes.elpais.com\/resizer\/v2\/EZNDJC5UXZAMVGD6LMSP4K44XI.jpg?auth=7d9d0a72b9f9c8b2c6aa4fc77c4de6ac5c56bcb5bd9efc0394f54066c65dff0b&amp;width=414&amp;height=414&amp;smart=true\" srcset=\"https:\/\/imagenes.elpais.com\/resizer\/v2\/EZNDJC5UXZAMVGD6LMSP4K44XI.jpg?auth=7d9d0a72b9f9c8b2c6aa4fc77c4de6ac5c56bcb5bd9efc0394f54066c65dff0b&amp;width=290&amp;height=290&amp;smart=true 290w,https:\/\/imagenes.elpais.com\/resizer\/v2\/EZNDJC5UXZAMVGD6LMSP4K44XI.jpg?auth=7d9d0a72b9f9c8b2c6aa4fc77c4de6ac5c56bcb5bd9efc0394f54066c65dff0b&amp;width=414&amp;height=414&amp;smart=true 414w\" alt=\"\" width=\"414\" height=\"414\" \/><\/span><\/figure>\n<div class=\"a_ft_txt\">\n<h2 class=\"a_ft_t\">Roberto Salazar<\/h2>\n<div>Acusado del asesinato del alguacil Juan Escalante en Los \u00c1ngeles en 2008.<\/div>\n<\/div>\n<\/section>\n<section class=\"a_ft _g _g-md\">\n<figure class=\"a_ft_m a_m-h c_m--nf\"><span class=\"a_m_w _db\"><img loading=\"lazy\" decoding=\"async\" class=\"_re lazyload a_m-h\" src=\"https:\/\/imagenes.elpais.com\/resizer\/v2\/LRQ4M4XLF5AEFIKMLN4QPJVWSY.jpg?auth=969c79a5eda0103537fa0a9e3f34140c0331fbc702637d36a075cff6897fb461&amp;width=414&amp;height=414&amp;smart=true\" srcset=\"https:\/\/imagenes.elpais.com\/resizer\/v2\/LRQ4M4XLF5AEFIKMLN4QPJVWSY.jpg?auth=969c79a5eda0103537fa0a9e3f34140c0331fbc702637d36a075cff6897fb461&amp;width=290&amp;height=290&amp;smart=true 290w,https:\/\/imagenes.elpais.com\/resizer\/v2\/LRQ4M4XLF5AEFIKMLN4QPJVWSY.jpg?auth=969c79a5eda0103537fa0a9e3f34140c0331fbc702637d36a075cff6897fb461&amp;width=414&amp;height=414&amp;smart=true 414w\" alt=\"\" width=\"414\" height=\"414\" \/><\/span><\/figure>\n<div class=\"a_ft_txt\">\n<h2 class=\"a_ft_t\">Pablo Edwin Huerta Nu\u00f1o, &#8216;Flaquito&#8217;<\/h2>\n<div>Jefe de plaza en Tijuana durante m\u00e1s de 15 a\u00f1os, vinculado al suministro de drogas y lavado de millones de d\u00f3lares.<\/div>\n<\/div>\n<\/section>\n<section class=\"a_ft _g _g-md\">\n<figure class=\"a_ft_m a_m-h c_m--nf\"><span class=\"a_m_w _db\"><img loading=\"lazy\" decoding=\"async\" class=\"_re lazyload a_m-h\" src=\"https:\/\/imagenes.elpais.com\/resizer\/v2\/P6YKEDQI4ZA2ZFI5YHKHCB5D6U.jpg?auth=9aae4158047570ba1c3b9c75ddf6d2b3ad764abb319797c2a4923200fe805c42&amp;width=414&amp;height=414&amp;smart=true\" srcset=\"https:\/\/imagenes.elpais.com\/resizer\/v2\/P6YKEDQI4ZA2ZFI5YHKHCB5D6U.jpg?auth=9aae4158047570ba1c3b9c75ddf6d2b3ad764abb319797c2a4923200fe805c42&amp;width=290&amp;height=290&amp;smart=true 290w,https:\/\/imagenes.elpais.com\/resizer\/v2\/P6YKEDQI4ZA2ZFI5YHKHCB5D6U.jpg?auth=9aae4158047570ba1c3b9c75ddf6d2b3ad764abb319797c2a4923200fe805c42&amp;width=414&amp;height=414&amp;smart=true 414w\" alt=\"\" width=\"414\" height=\"414\" \/><\/span><\/figure>\n<div class=\"a_ft_txt\">\n<h2 class=\"a_ft_t\">Enrique Arballo Talamantes<\/h2>\n<div>Acusado en el Distrito de Nuevo M\u00e9xico. Enfrenta cargos por narcotr\u00e1fico que podr\u00edan derivar en cadena perpetua.<\/div>\n<\/div>\n<\/section>\n<\/div>\n<div class=\"a_fts\" data-dtm-region=\"articulo_sumarioenlaces-fototexto\">\n<section class=\"a_ft _g _g-md\">\n<figure class=\"a_ft_m a_m-h c_m--nf\"><span class=\"a_m_w _db\"><img loading=\"lazy\" decoding=\"async\" class=\"_re lazyload a_m-h\" src=\"https:\/\/imagenes.elpais.com\/resizer\/v2\/5R5LAGPB6NGI7JGZBLAUXYFXYI.jpg?auth=4d67e2a61ac553ff31ba97daf62714e024b22b1894f91b6dd547bcba244af4ac&amp;width=414&amp;height=414&amp;smart=true\" srcset=\"https:\/\/imagenes.elpais.com\/resizer\/v2\/5R5LAGPB6NGI7JGZBLAUXYFXYI.jpg?auth=4d67e2a61ac553ff31ba97daf62714e024b22b1894f91b6dd547bcba244af4ac&amp;width=290&amp;height=290&amp;smart=true 290w,https:\/\/imagenes.elpais.com\/resizer\/v2\/5R5LAGPB6NGI7JGZBLAUXYFXYI.jpg?auth=4d67e2a61ac553ff31ba97daf62714e024b22b1894f91b6dd547bcba244af4ac&amp;width=414&amp;height=414&amp;smart=true 414w\" alt=\"\" width=\"414\" height=\"414\" \/><\/span><\/figure>\n<div class=\"a_ft_txt\">\n<h2 class=\"a_ft_t\">Benito Barrios Maldonado, &#8216;el Comandante&#8217;<\/h2>\n<div>Fue oficial de la Agencia Ministerial de Investigaci\u00f3n Criminal (AMIC) en Sonora. Fue detenido en 2022 y acusado de delitos federales relacionados con asociaci\u00f3n delictuosa y narcotr\u00e1fico. Vinculado a operaciones de tr\u00e1fico de drogas en el Distrito de Arizona; enfrenta una pena de hasta cadena perpetua.<\/div>\n<\/div>\n<\/section>\n<section class=\"a_ft _g _g-md\">\n<div class=\"a_ft_txt\">\n<h2 class=\"a_ft_t\">Francisco Ch\u00e1vez<\/h2>\n<div>Enfrenta cargos de narcotr\u00e1fico en el Distrito de Colorado, con posible cadena perpetua.<\/div>\n<\/div>\n<\/section>\n<section class=\"a_ft _g _g-md\">\n<figure class=\"a_ft_m a_m-h c_m--nf\"><span class=\"a_m_w _db\"><img loading=\"lazy\" decoding=\"async\" class=\"_re lazyload a_m-h\" src=\"https:\/\/imagenes.elpais.com\/resizer\/v2\/NSAEHXLTEZFXHDQKEWKDVXVPQ4.jpg?auth=51f43c7c09b38b3e3f993aba1b25d283bfb066e48547c062da26de2147638ce6&amp;width=414&amp;height=414&amp;smart=true\" srcset=\"https:\/\/imagenes.elpais.com\/resizer\/v2\/NSAEHXLTEZFXHDQKEWKDVXVPQ4.jpg?auth=51f43c7c09b38b3e3f993aba1b25d283bfb066e48547c062da26de2147638ce6&amp;width=290&amp;height=290&amp;smart=true 290w,https:\/\/imagenes.elpais.com\/resizer\/v2\/NSAEHXLTEZFXHDQKEWKDVXVPQ4.jpg?auth=51f43c7c09b38b3e3f993aba1b25d283bfb066e48547c062da26de2147638ce6&amp;width=414&amp;height=414&amp;smart=true 414w\" alt=\"\" width=\"414\" height=\"414\" \/><\/span><\/figure>\n<div class=\"a_ft_txt\">\n<h2 class=\"a_ft_t\">Baldomero Fern\u00e1ndez Beltr\u00e1n, &#8216;el Mero&#8217;<\/h2>\n<div>Presunto operador del C\u00e1rtel de Sinaloa, espec\u00edficamente vinculado al grupo armado de Los Pelones, brazo operativo de Los Chapitos en Sonora. Su detenci\u00f3n tuvo lugar el 8 de septiembre de 2024. Enfrenta cargos de narcotr\u00e1fico en el Distrito de Arizona.<\/div>\n<\/div>\n<\/section>\n<section class=\"a_ft _g _g-md\">\n<div class=\"a_ft_txt\">\n<h2 class=\"a_ft_t\">Ismael Enrique Fern\u00e1ndez V\u00e1zquez<\/h2>\n<div>Vinculado a tr\u00e1fico de drogas y armas; acusado en el Distrito Este de Texas.<\/div>\n<\/div>\n<\/section>\n<section class=\"a_ft _g _g-md\">\n<div class=\"a_ft_txt\">\n<h2 class=\"a_ft_t\">Jos\u00e9 Carlos Guzm\u00e1n Bernal<\/h2>\n<div>Acusado de narcotr\u00e1fico en el Distrito de Alaska.<\/div>\n<\/div>\n<\/section>\n<section class=\"a_ft _g _g-md\">\n<figure class=\"a_ft_m a_m-h c_m--nf\"><span class=\"a_m_w _db\"><img loading=\"lazy\" decoding=\"async\" class=\"_re lazyload a_m-h\" src=\"https:\/\/imagenes.elpais.com\/resizer\/v2\/A3V6MWDM4JEWNEYW4PVDQB7LAI.jpg?auth=c4f455bc39f55f20370522f9d35780542fa1e859027694d531cdc0b3bc27f624&amp;width=414&amp;height=414&amp;smart=true\" srcset=\"https:\/\/imagenes.elpais.com\/resizer\/v2\/A3V6MWDM4JEWNEYW4PVDQB7LAI.jpg?auth=c4f455bc39f55f20370522f9d35780542fa1e859027694d531cdc0b3bc27f624&amp;width=290&amp;height=290&amp;smart=true 290w,https:\/\/imagenes.elpais.com\/resizer\/v2\/A3V6MWDM4JEWNEYW4PVDQB7LAI.jpg?auth=c4f455bc39f55f20370522f9d35780542fa1e859027694d531cdc0b3bc27f624&amp;width=414&amp;height=414&amp;smart=true 414w\" alt=\"\" width=\"414\" height=\"414\" \/><\/span><\/figure>\n<div class=\"a_ft_txt\">\n<h2 class=\"a_ft_t\">Anton Petrov Kulkin<\/h2>\n<div>Un bioqu\u00edmico de origen b\u00falgaro que trabajaba para la organizaci\u00f3n criminal de El Chapo Guzm\u00e1n, seg\u00fan dio a conocer Insight Crime. Est\u00e1 acusado de delitos relacionados con narc\u00f3ticos en el Distrito de Massachusetts.<\/div>\n<\/div>\n<\/section>\n<section class=\"a_ft _g _g-md\">\n<figure class=\"a_ft_m a_m-h c_m--nf\"><span class=\"a_m_w _db\"><img loading=\"lazy\" decoding=\"async\" class=\"_re lazyload a_m-h\" src=\"https:\/\/imagenes.elpais.com\/resizer\/v2\/O23AL4SMXZEGTHHKHEMD6F45Q4.jpg?auth=5b191e8b7899a129a024a16308e5db8d58f8d7dd9752b927367825131cd429dc&amp;width=414&amp;height=414&amp;smart=true\" srcset=\"https:\/\/imagenes.elpais.com\/resizer\/v2\/O23AL4SMXZEGTHHKHEMD6F45Q4.jpg?auth=5b191e8b7899a129a024a16308e5db8d58f8d7dd9752b927367825131cd429dc&amp;width=290&amp;height=290&amp;smart=true 290w,https:\/\/imagenes.elpais.com\/resizer\/v2\/O23AL4SMXZEGTHHKHEMD6F45Q4.jpg?auth=5b191e8b7899a129a024a16308e5db8d58f8d7dd9752b927367825131cd429dc&amp;width=414&amp;height=414&amp;smart=true 414w\" alt=\"\" width=\"414\" height=\"414\" \/><\/span><\/figure>\n<div class=\"a_ft_txt\">\n<h2 class=\"a_ft_t\">Roberto Omar L\u00f3pez<\/h2>\n<div>Procesado en el Distrito Norte de Georgia por delitos de drogas.<\/div>\n<\/div>\n<\/section>\n<section class=\"a_ft _g _g-md\">\n<div class=\"a_ft_txt\">\n<h2 class=\"a_ft_t\">Jos\u00e9 Francisco Mendoza G\u00f3mez<\/h2>\n<div>Enfrenta cargos de narcotr\u00e1fico en el Distrito Este de Virginia.<\/div>\n<\/div>\n<\/section>\n<section class=\"a_ft _g _g-md\">\n<figure class=\"a_ft_m a_m-h c_m--nf\"><span class=\"a_m_w _db\"><img loading=\"lazy\" decoding=\"async\" class=\"_re lazyload a_m-h\" src=\"https:\/\/imagenes.elpais.com\/resizer\/v2\/HNCPWHIVHBE6JMEKRLFXPDSOBY.jpg?auth=aca5aca8325c74fbef8a3d19fcd45b044e16b50ff0e6f9d1d617fe4b04f948eb&amp;width=414&amp;height=414&amp;smart=true\" srcset=\"https:\/\/imagenes.elpais.com\/resizer\/v2\/HNCPWHIVHBE6JMEKRLFXPDSOBY.jpg?auth=aca5aca8325c74fbef8a3d19fcd45b044e16b50ff0e6f9d1d617fe4b04f948eb&amp;width=290&amp;height=290&amp;smart=true 290w,https:\/\/imagenes.elpais.com\/resizer\/v2\/HNCPWHIVHBE6JMEKRLFXPDSOBY.jpg?auth=aca5aca8325c74fbef8a3d19fcd45b044e16b50ff0e6f9d1d617fe4b04f948eb&amp;width=414&amp;height=414&amp;smart=true 414w\" alt=\"\" width=\"414\" height=\"414\" \/><\/span><\/figure>\n<div class=\"a_ft_txt\">\n<h2 class=\"a_ft_t\">Hern\u00e1n Domingo Ojeda L\u00f3pez<\/h2>\n<div>Narcotraficante mexicano vinculado al C\u00e1rtel de Sinaloa y presunto t\u00edo de Ovidio Guzm\u00e1n L\u00f3pez, alias &#8216;El Rat\u00f3n&#8217;, hijo de Joaqu\u00edn &#8216;El Chapo&#8217; Guzm\u00e1n. Su detenci\u00f3n ocurri\u00f3 en diciembre de 2024 en Badiraguato, Sinaloa. Procesado en el Distrito de Columbia por delitos de narcotr\u00e1fico.<\/div>\n<\/div>\n<\/section>\n<section class=\"a_ft _g _g-md\">\n<figure class=\"a_ft_m a_m-h c_m--nf\"><span class=\"a_m_w _db\"><img loading=\"lazy\" decoding=\"async\" class=\"_re lazyload a_m-h\" src=\"https:\/\/imagenes.elpais.com\/resizer\/v2\/OLXWXBRE45AGFM3BCZRCNV3S5I.jpg?auth=b3d9e15bfd25ebbc38517cbff289ac9822a2fcd8fc25aea7221d24bd78393d3c&amp;width=414&amp;height=414&amp;smart=true\" srcset=\"https:\/\/imagenes.elpais.com\/resizer\/v2\/OLXWXBRE45AGFM3BCZRCNV3S5I.jpg?auth=b3d9e15bfd25ebbc38517cbff289ac9822a2fcd8fc25aea7221d24bd78393d3c&amp;width=290&amp;height=290&amp;smart=true 290w,https:\/\/imagenes.elpais.com\/resizer\/v2\/OLXWXBRE45AGFM3BCZRCNV3S5I.jpg?auth=b3d9e15bfd25ebbc38517cbff289ac9822a2fcd8fc25aea7221d24bd78393d3c&amp;width=414&amp;height=414&amp;smart=true 414w\" alt=\"\" width=\"414\" height=\"414\" \/><\/span><\/figure>\n<div class=\"a_ft_txt\">\n<h2 class=\"a_ft_t\">Daniel P\u00e9rez Rojas<\/h2>\n<div>Vinculado al grupo criminal Los Zetas. En Guatemala, P\u00e9rez Rojas fue condenado en 2010 a 47 a\u00f1os de prisi\u00f3n. En 2015, fue extraditado a M\u00e9xico para enfrentar cargos de narcotr\u00e1fico. Acusado de delitos graves de narcotr\u00e1fico en el Distrito de Columbia.<\/div>\n<\/div>\n<\/section>\n<\/div>\n<div class=\"a_fts\" data-dtm-region=\"articulo_sumarioenlaces-fototexto\">\n<section class=\"a_ft _g _g-md\">\n<div class=\"a_ft_txt\">\n<h2 class=\"a_ft_t\">Juan Carlos S\u00e1nchez Gayt\u00e1n<\/h2>\n<div>Procesado en el Distrito Sur de Texas por tr\u00e1fico de drogas.<\/div>\n<\/div>\n<\/section>\n<section class=\"a_ft _g _g-md\">\n<figure class=\"a_ft_m a_m-h c_m--nf\"><span class=\"a_m_w _db\"><img loading=\"lazy\" decoding=\"async\" class=\"_re lazyload a_m-h\" src=\"https:\/\/imagenes.elpais.com\/resizer\/v2\/4VSVBRVW6FEMRMIC7NX3IJUDQY.jpg?auth=f3acec4499023b7b5e1b4721caf397c4d79d8eb34c5ec45a6414eba078ae4adc&amp;width=414&amp;height=414&amp;smart=true\" srcset=\"https:\/\/imagenes.elpais.com\/resizer\/v2\/4VSVBRVW6FEMRMIC7NX3IJUDQY.jpg?auth=f3acec4499023b7b5e1b4721caf397c4d79d8eb34c5ec45a6414eba078ae4adc&amp;width=290&amp;height=290&amp;smart=true 290w,https:\/\/imagenes.elpais.com\/resizer\/v2\/4VSVBRVW6FEMRMIC7NX3IJUDQY.jpg?auth=f3acec4499023b7b5e1b4721caf397c4d79d8eb34c5ec45a6414eba078ae4adc&amp;width=414&amp;height=414&amp;smart=true 414w\" alt=\"\" width=\"414\" height=\"414\" \/><\/span><\/figure>\n<div class=\"a_ft_txt\">\n<h2 class=\"a_ft_t\">David Fernando V\u00e1squez Bejarano<\/h2>\n<div>Vinculado al C\u00e1rtel de Sinaloa, espec\u00edficamente a la facci\u00f3n conocida como \u201cLos Rusos\u201d. Este grupo opera principalmente en Mexicali, Baja California. Fue detenido en 2023. Acusado de narcotr\u00e1fico en el Distrito Este de Virginia.<\/div>\n<\/div>\n<\/section>\n<section class=\"a_ft _g _g-md\">\n<div class=\"a_ft_txt\">\n<h2 class=\"a_ft_t\">Jos\u00e9 Antonio Vivanco Hern\u00e1ndez<\/h2>\n<div>Procesado en el Distrito Norte de Illinois por delitos de drogas.<\/div>\n<\/div>\n<\/section>\n<section class=\"a_ft _g _g-md\">\n<figure class=\"a_ft_m a_m-h c_m--nf\"><span class=\"a_m_w _db\"><img loading=\"lazy\" decoding=\"async\" class=\"_re lazyload a_m-h\" src=\"https:\/\/imagenes.elpais.com\/resizer\/v2\/PS3OTVOCT5HURLUTD7OZWR4AZE.jpg?auth=421107910c2e9c2bc7df052a42f6d28ba01cf9b4e77798cd84171cb32f4a25ba&amp;width=414&amp;height=414&amp;smart=true\" srcset=\"https:\/\/imagenes.elpais.com\/resizer\/v2\/PS3OTVOCT5HURLUTD7OZWR4AZE.jpg?auth=421107910c2e9c2bc7df052a42f6d28ba01cf9b4e77798cd84171cb32f4a25ba&amp;width=290&amp;height=290&amp;smart=true 290w,https:\/\/imagenes.elpais.com\/resizer\/v2\/PS3OTVOCT5HURLUTD7OZWR4AZE.jpg?auth=421107910c2e9c2bc7df052a42f6d28ba01cf9b4e77798cd84171cb32f4a25ba&amp;width=414&amp;height=414&amp;smart=true 414w\" alt=\"\" width=\"414\" height=\"414\" \/><\/span><\/figure>\n<div class=\"a_ft_txt\">\n<h2 class=\"a_ft_t\">Mauro Alberto N\u00fa\u00f1ez Ojeda<\/h2>\n<div>Acusado de narcotr\u00e1fico en el Distrito de Columbia.<\/div>\n<\/div>\n<\/section>\n<section class=\"a_ft _g _g-md\">\n<figure class=\"a_ft_m a_m-h c_m--nf\"><span class=\"a_m_w _db\"><img loading=\"lazy\" decoding=\"async\" class=\"_re lazyload a_m-h\" src=\"https:\/\/imagenes.elpais.com\/resizer\/v2\/TZSPYGG2L5AB3JIXN7XJ2DS5JY.jpg?auth=3f9a92dad3bbd65d548509b4ab61801aba3dbd65f3621dd8465aa975e4a822d6&amp;width=414&amp;height=414&amp;smart=true\" srcset=\"https:\/\/imagenes.elpais.com\/resizer\/v2\/TZSPYGG2L5AB3JIXN7XJ2DS5JY.jpg?auth=3f9a92dad3bbd65d548509b4ab61801aba3dbd65f3621dd8465aa975e4a822d6&amp;width=290&amp;height=290&amp;smart=true 290w,https:\/\/imagenes.elpais.com\/resizer\/v2\/TZSPYGG2L5AB3JIXN7XJ2DS5JY.jpg?auth=3f9a92dad3bbd65d548509b4ab61801aba3dbd65f3621dd8465aa975e4a822d6&amp;width=414&amp;height=414&amp;smart=true 414w\" alt=\"\" width=\"414\" height=\"414\" \/><\/span><\/figure>\n<div class=\"a_ft_txt\">\n<h2 class=\"a_ft_t\">Jes\u00fas Guzm\u00e1n Castro<\/h2>\n<div>Vinculado al C\u00e1rtel de Sinaloa, espec\u00edficamente a Los Chapitos. El 8 de febrero pasado fue detenido en Sinaloa. Acusado en el Distrito Este de Nueva York y en el Distrito de Carolina del Sur por delitos de drogas.<\/div>\n<\/div>\n<\/section>\n<section class=\"a_ft _g _g-md\">\n<figure class=\"a_ft_m a_m-h c_m--nf\"><span class=\"a_m_w _db\"><img loading=\"lazy\" decoding=\"async\" class=\"_re lazyload a_m-h\" src=\"https:\/\/imagenes.elpais.com\/resizer\/v2\/CGTADS2TAJGITPEJTGXIAXAV7M.jpg?auth=5dfbff6b9da7775354724264038720c3af33edf9757491009d18e86759ac757d&amp;width=414&amp;height=414&amp;smart=true\" srcset=\"https:\/\/imagenes.elpais.com\/resizer\/v2\/CGTADS2TAJGITPEJTGXIAXAV7M.jpg?auth=5dfbff6b9da7775354724264038720c3af33edf9757491009d18e86759ac757d&amp;width=290&amp;height=290&amp;smart=true 290w,https:\/\/imagenes.elpais.com\/resizer\/v2\/CGTADS2TAJGITPEJTGXIAXAV7M.jpg?auth=5dfbff6b9da7775354724264038720c3af33edf9757491009d18e86759ac757d&amp;width=414&amp;height=414&amp;smart=true 414w\" alt=\"\" width=\"414\" height=\"414\" \/><\/span><\/figure>\n<div class=\"a_ft_txt\">\n<h2 class=\"a_ft_t\">Servando G\u00f3mez Mart\u00ednez, &#8216;la Tuta&#8217;<\/h2>\n<div>Fue l\u00edder del otrora poderoso cartel Los Caballeros Templarios.En 2022 fue condenado a 47 a\u00f1os de c\u00e1rcel por los delitos dedelincuencia organizada y tr\u00e1fico de drogas.<\/div>\n<\/div>\n<\/section>\n<\/div>\n<\/div>\n<\/div>\n","protected":false},"excerpt":{"rendered":"<p>&nbsp; &#8211; En un nuevo y discreto operativo, el Gobierno mexicano envi\u00f3 al vecino pa\u00eds a una decena de fugitivos entre los que se encuentran&hellip;<\/p>\n","protected":false},"author":99,"featured_media":535001,"comment_status":"open","ping_status":"open","sticky":false,"template":"","format":"standard","meta":{"footnotes":""},"categories":[23],"tags":[],"class_list":["post-535000","post","type-post","status-publish","format-standard","has-post-thumbnail","hentry","category-latinoamerica"],"_links":{"self":[{"href":"https:\/\/diarioelpopular.com\/index.php\/wp-json\/wp\/v2\/posts\/535000","targetHints":{"allow":["GET"]}}],"collection":[{"href":"https:\/\/diarioelpopular.com\/index.php\/wp-json\/wp\/v2\/posts"}],"about":[{"href":"https:\/\/diarioelpopular.com\/index.php\/wp-json\/wp\/v2\/types\/post"}],"author":[{"embeddable":true,"href":"https:\/\/diarioelpopular.com\/index.php\/wp-json\/wp\/v2\/users\/99"}],"replies":[{"embeddable":true,"href":"https:\/\/diarioelpopular.com\/index.php\/wp-json\/wp\/v2\/comments?post=535000"}],"version-history":[{"count":1,"href":"https:\/\/diarioelpopular.com\/index.php\/wp-json\/wp\/v2\/posts\/535000\/revisions"}],"predecessor-version":[{"id":535002,"href":"https:\/\/diarioelpopular.com\/index.php\/wp-json\/wp\/v2\/posts\/535000\/revisions\/535002"}],"wp:featuredmedia":[{"embeddable":true,"href":"https:\/\/diarioelpopular.com\/index.php\/wp-json\/wp\/v2\/media\/535001"}],"wp:attachment":[{"href":"https:\/\/diarioelpopular.com\/index.php\/wp-json\/wp\/v2\/media?parent=535000"}],"wp:term":[{"taxonomy":"category","embeddable":true,"href":"https:\/\/diarioelpopular.com\/index.php\/wp-json\/wp\/v2\/categories?post=535000"},{"taxonomy":"post_tag","embeddable":true,"href":"https:\/\/diarioelpopular.com\/index.php\/wp-json\/wp\/v2\/tags?post=535000"}],"curies":[{"name":"wp","href":"https:\/\/api.w.org\/{rel}","templated":true}]}}