{"id":535038,"date":"2025-08-14T09:11:15","date_gmt":"2025-08-14T13:11:15","guid":{"rendered":"https:\/\/diarioelpopular.com\/?p=535038"},"modified":"2025-08-14T09:11:15","modified_gmt":"2025-08-14T13:11:15","slug":"el-entierro-de-miguel-uribe-profundiza-las-distancias-entre-el-gobierno-de-gustavo-petro-y-la-derecha","status":"publish","type":"post","link":"https:\/\/diarioelpopular.com\/index.php\/2025\/08\/14\/el-entierro-de-miguel-uribe-profundiza-las-distancias-entre-el-gobierno-de-gustavo-petro-y-la-derecha\/","title":{"rendered":"El entierro de Miguel Uribe profundiza las distancias entre el Gobierno de Gustavo Petro y la derecha"},"content":{"rendered":"<p><img loading=\"lazy\" decoding=\"async\" class=\"alignnone size-custom-full-size wp-image-535039\" src=\"https:\/\/diarioelpopular.com\/wp-content\/uploads\/2025\/08\/Screen-Shot-2025-08-14-at-9.09.57-AM-636x393.png\" alt=\"\" width=\"636\" height=\"393\" srcset=\"https:\/\/diarioelpopular.com\/wp-content\/uploads\/2025\/08\/Screen-Shot-2025-08-14-at-9.09.57-AM-636x393.png 636w, https:\/\/diarioelpopular.com\/wp-content\/uploads\/2025\/08\/Screen-Shot-2025-08-14-at-9.09.57-AM-300x185.png 300w, https:\/\/diarioelpopular.com\/wp-content\/uploads\/2025\/08\/Screen-Shot-2025-08-14-at-9.09.57-AM-768x474.png 768w, https:\/\/diarioelpopular.com\/wp-content\/uploads\/2025\/08\/Screen-Shot-2025-08-14-at-9.09.57-AM-118x73.png 118w, https:\/\/diarioelpopular.com\/wp-content\/uploads\/2025\/08\/Screen-Shot-2025-08-14-at-9.09.57-AM.png 862w\" sizes=\"auto, (max-width: 636px) 100vw, 636px\" \/><\/p>\n<p>&nbsp;<\/p>\n<p>&nbsp;<\/p>\n<h4 class=\"a_st\"><em>Discursos, trinos y declaraciones de la oposici\u00f3n y el oficialismo alimentan un choque cada vez m\u00e1s enconado<\/em><\/h4>\n<p>&nbsp;<\/p>\n<p class=\"\">\u201cMientras Gustavo Petro instiga al odio, ning\u00fan presidente de Colombia \u2014incluido \u00c1lvaro Uribe\u2014 instig\u00f3 contra la Uni\u00f3n Patri\u00f3tica ni neg\u00f3 el genocidio de sus integrantes. Esa es la diferencia: en la historia reciente, jam\u00e1s un presidente hab\u00eda alentado la violencia desde el poder, como ocurre hoy&#8221;, escribi\u00f3 este mi\u00e9rcoles el Centro Democr\u00e1tico, el partido opositor de derecha que fund\u00f3 y lidera Uribe, y en el que militaba el asesinado senador Miguel Uribe Turbay.<\/p>\n<p class=\"\">Hab\u00edan pasado menos de cuatro horas desde\u00a0<a title=\"https:\/\/elpais.com\/america-colombia\/2025-08-13\/el-entierro-de-miguel-uribe-remarca-las-fracturas-politicas-en-colombia.html\" href=\"https:\/\/elpais.com\/america-colombia\/2025-08-13\/el-entierro-de-miguel-uribe-remarca-las-fracturas-politicas-en-colombia.html\" target=\"_self\" rel=\"\" data-link-track-dtm=\"\" data-mrf-link=\"https:\/\/elpais.com\/america-colombia\/2025-08-13\/el-entierro-de-miguel-uribe-remarca-las-fracturas-politicas-en-colombia.html\">la ceremonia religiosa de entierro<\/a> del tambi\u00e9n precandidato presidencial, al que no acudieron Petro ni sus funcionarios por petici\u00f3n de la familia de la v\u00edctima. Esos dos hechos marcan el nivel de la distancia entre el primer Gobierno de izquierda del pa\u00eds en las \u00faltimas d\u00e9cadas y su oposici\u00f3n, una fractura que tensiona a\u00fan m\u00e1s las inciertas elecciones presidenciales y legislativas de 2026.<\/p>\n<p class=\"\">Las\u00a0<a title=\"https:\/\/elpais.com\/america-colombia\/2025-08-13\/colombia-da-ultimo-adios-al-senador-miguel-uribe-turbay-en-imagenes.html\" href=\"https:\/\/elpais.com\/america-colombia\/2025-08-13\/colombia-da-ultimo-adios-al-senador-miguel-uribe-turbay-en-imagenes.html\" target=\"_self\" rel=\"\" data-link-track-dtm=\"\" data-mrf-link=\"https:\/\/elpais.com\/america-colombia\/2025-08-13\/colombia-da-ultimo-adios-al-senador-miguel-uribe-turbay-en-imagenes.html\">honras f\u00fanebres de Uribe Turbay<\/a>, que sobrevivi\u00f3 por 65 d\u00edas a un atentado sicarial que lo dej\u00f3 en cuidados intensivos, congelaron al pa\u00eds. Luego de varios comentarios inapropiados, Petro decret\u00f3 un d\u00eda de duelo nacional y honores oficiales a quien fuera su cr\u00edtico. Las banderas ondearon a media asta en las oficinas p\u00fablicas, incluyendo el palacio presidencial; el presidente y sus altos funcionarios enviaron mensajes de condolencias, al igual que pol\u00edticos de todas las tendencias.<\/p>\n<p class=\"\">Los medios hicieron transmisiones en vivo de las ceremonias, desde que su f\u00e9retro lleg\u00f3 al Congreso en la tarde del lunes hasta la misa en la catedral de Bogot\u00e1 sobre el mediod\u00eda del mi\u00e9rcoles. El marco estaba dado para una muestra de unidad frente a la violencia asesina. Pero no solo no fue as\u00ed sino que las diferencias quedaron exacerbadas.<\/p>\n<div id=\"elpais_gpt-INTEXT\" data-google-query-id=\"CJX0oNWtio8DFW8APgMdVWcADA\">\n<div id=\"google_ads_iframe_7811748\/elpais_colombia_web_5__container__\" class=\"primisslate\">\n<div id=\"primis_container_div_689dddde7582a\">\n<p class=\"\">Miguel Uribe Londo\u00f1o, padre de la v\u00edctima, habl\u00f3 en la ceremonia religiosa que se transmit\u00eda por televisores y computadoras de restaurantes, hogares u oficinas. \u201cEsta guerra tiene culpables y responsables, todos lo sabemos. No tenemos ninguna duda de d\u00f3nde viene la violencia. No tenemos duda qui\u00e9n la promueve. No tenemos duda qui\u00e9n la permite\u201d, dijo, sin mencionar nombres. La clara alusi\u00f3n a <a title=\"https:\/\/elpais.com\/america-colombia\/2025-08-13\/gustavo-petro-denuncia-penalmente-a-alvaro-leyva-y-sugiere-que-instigo-el-asesinato-de-miguel-uribe.html\" href=\"https:\/\/elpais.com\/america-colombia\/2025-08-13\/gustavo-petro-denuncia-penalmente-a-alvaro-leyva-y-sugiere-que-instigo-el-asesinato-de-miguel-uribe.html\" target=\"_self\" rel=\"\" data-link-track-dtm=\"\" data-mrf-link=\"https:\/\/elpais.com\/america-colombia\/2025-08-13\/gustavo-petro-denuncia-penalmente-a-alvaro-leyva-y-sugiere-que-instigo-el-asesinato-de-miguel-uribe.html\">Petro<\/a>\u00a0se complementaba con la explicaci\u00f3n que hab\u00edan dado, pocas horas antes, el presidente y sus altos funcionarios sobre su inasistencia a la eucarist\u00eda: la familia les hab\u00eda pedido no asistir. El funeral de Estado se dio sin la presencia del jefe del Estado colombiano.<\/p>\n<p class=\"\">Esas palabras y solicitudes se dieron en parte como respuesta a las declaraciones que hizo el lunes del jefe de gabinete presidencial,\u00a0<a title=\"https:\/\/elpais.com\/america-colombia\/2025-06-18\/alfredo-saade-aterriza-en-el-gobierno-como-jefe-de-gabinete-de-gustavo-petro.html\" href=\"https:\/\/elpais.com\/america-colombia\/2025-06-18\/alfredo-saade-aterriza-en-el-gobierno-como-jefe-de-gabinete-de-gustavo-petro.html\" target=\"_self\" rel=\"\" data-link-track-dtm=\"\" data-mrf-link=\"https:\/\/elpais.com\/america-colombia\/2025-06-18\/alfredo-saade-aterriza-en-el-gobierno-como-jefe-de-gabinete-de-gustavo-petro.html\">Alfredo Saade<\/a>, ante varios medios. \u201cLa actividad pol\u00edtica siempre tiene un riesgo, toda actividad tiene un riesgo. Manejar bicicleta tiene un riesgo de caerse, tropezarse o que lo atropelle un veh\u00edculo\u201d, dijo en respuesta a las denuncias de varios aspirantes y sectores de una falta de protecci\u00f3n en actividades electorales. Esas palabras, horas despu\u00e9s de conocerse la muerte del precandidato, fueron recibidas como una minimizaci\u00f3n de la gravedad del asesinato de un aspirante presidencial en un acto de campa\u00f1a.<\/p>\n<p class=\"\">Si ya con lo ocurrido en la misa quedaba claro el tama\u00f1o de la fractura, lo que sigui\u00f3 revel\u00f3 c\u00f3mo aumenta. Gabriel Vallejo Chujfi, director del Centro Democr\u00e1tico, ley\u00f3 en la ceremonia una intervenci\u00f3n de\u00a0<a title=\"https:\/\/elpais.com\/america-colombia\/2025-08-12\/alvaro-uribe-critica-a-juan-manuel-santos-por-asistir-a-los-actos-funebres-de-miguel-uribe.html\" href=\"https:\/\/elpais.com\/america-colombia\/2025-08-12\/alvaro-uribe-critica-a-juan-manuel-santos-por-asistir-a-los-actos-funebres-de-miguel-uribe.html\" target=\"_self\" rel=\"\" data-link-track-dtm=\"\" data-mrf-link=\"https:\/\/elpais.com\/america-colombia\/2025-08-12\/alvaro-uribe-critica-a-juan-manuel-santos-por-asistir-a-los-actos-funebres-de-miguel-uribe.html\">Uribe V\u00e9lez<\/a>. El expresidente no pudo asistir porque cumple una pena de prisi\u00f3n domiciliaria en una reciente condena por soborno de testigos, que ha apelado y que ha tildado de ser efecto de una instrumentalizaci\u00f3n de la pol\u00edtica cometida por aliados de Petro. \u201cAsesinaron a Miguel, que ejerc\u00eda la oposici\u00f3n cr\u00edtica y razonada, con la instigaci\u00f3n de la venganza inducida por el presidente de la Rep\u00fablica, que encontr\u00f3 como muletilla acusar de asesino y torturador al expresidente Turbay, abuelo de nuestro m\u00e1rtir\u201d, ley\u00f3 Vallejo cuando las c\u00e1maras de los medios, y la atenci\u00f3n de los colombianos, estaban enfocadas en la catedral.<\/p>\n<p class=\"\">Y sigui\u00f3 con una muy sensible referencia a un partido pol\u00edtico de izquierda arrasado a punta de asesinatos en los a\u00f1os 80 y 90,\u00a0<a title=\"https:\/\/elpais.com\/america-colombia\/2023-01-30\/la-corte-interamericana-de-derechos-humanos-condena-a-colombia-por-el-exterminio-de-la-union-patriotica.html\" href=\"https:\/\/elpais.com\/america-colombia\/2023-01-30\/la-corte-interamericana-de-derechos-humanos-condena-a-colombia-por-el-exterminio-de-la-union-patriotica.html\" target=\"_self\" rel=\"\" data-link-track-dtm=\"\" data-mrf-link=\"https:\/\/elpais.com\/america-colombia\/2023-01-30\/la-corte-interamericana-de-derechos-humanos-condena-a-colombia-por-el-exterminio-de-la-union-patriotica.html\">la Uni\u00f3n Patri\u00f3tica<\/a>. \u201c\u00c9l [Uribe Turbay], como nuestro partido y las fuerzas democr\u00e1ticas de Colombia, nunca apel\u00f3 a la combinaci\u00f3n de las formas de lucha, a diferencia de algunos miembros de la Uni\u00f3n Patri\u00f3tica que promov\u00edan el secuestro, participaban de \u00f3rdenes de asesinato, pero se sent\u00edan con derecho a imponerse sobre la democracia\u201d.<\/p>\n<p class=\"\">Petro respondi\u00f3 a finales de la tarde con un contraataque, a la vez muestra y alimento del aumento del encontronazo. \u201c\u00c1lvaro Uribe est\u00e1 lleno de veneno, desconoce el genocidio de la UP y la participaci\u00f3n del Estado en \u00e9l. Incluso que hoy hace 26 a\u00f1os asesinaron a Jaime Garz\u00f3n por instigaci\u00f3n de un asesor de su gobierno, y asigna como responsable al gobierno actual, cuando sabe que los indicios apuntan a los mismos que asesinaron a la UP. Ahora gente subjudice como anta\u00f1o, marca la l\u00ednea de la extrema derecha\u201d, escribi\u00f3 en su popular cuenta de X, recordando la situaci\u00f3n legal de su opositor.<\/p>\n<p class=\"\">La espiral de juicios negativos solo crece mientras <a title=\"https:\/\/elpais.com\/america-colombia\/2025-08-11\/el-asesinato-de-miguel-uribe-devuelve-a-colombia-al-horror-de-la-violencia-a-nueve-meses-de-las-elecciones.html\" href=\"https:\/\/elpais.com\/america-colombia\/2025-08-11\/el-asesinato-de-miguel-uribe-devuelve-a-colombia-al-horror-de-la-violencia-a-nueve-meses-de-las-elecciones.html\" target=\"_self\" rel=\"\" data-link-track-dtm=\"\" data-mrf-link=\"https:\/\/elpais.com\/america-colombia\/2025-08-11\/el-asesinato-de-miguel-uribe-devuelve-a-colombia-al-horror-de-la-violencia-a-nueve-meses-de-las-elecciones.html\">se acercan las elecciones<\/a>\u00a0y la definici\u00f3n del recurso legal de la defensa de Uribe V\u00e9lez contra la sentencia en su contra.<\/p>\n<\/div>\n<\/div>\n<\/div>\n","protected":false},"excerpt":{"rendered":"<p>&nbsp; &nbsp; Discursos, trinos y declaraciones de la oposici\u00f3n y el oficialismo alimentan un choque cada vez m\u00e1s enconado &nbsp; \u201cMientras Gustavo Petro instiga al&hellip;<\/p>\n","protected":false},"author":99,"featured_media":535039,"comment_status":"open","ping_status":"open","sticky":false,"template":"","format":"standard","meta":{"footnotes":""},"categories":[23],"tags":[],"class_list":["post-535038","post","type-post","status-publish","format-standard","has-post-thumbnail","hentry","category-latinoamerica"],"_links":{"self":[{"href":"https:\/\/diarioelpopular.com\/index.php\/wp-json\/wp\/v2\/posts\/535038","targetHints":{"allow":["GET"]}}],"collection":[{"href":"https:\/\/diarioelpopular.com\/index.php\/wp-json\/wp\/v2\/posts"}],"about":[{"href":"https:\/\/diarioelpopular.com\/index.php\/wp-json\/wp\/v2\/types\/post"}],"author":[{"embeddable":true,"href":"https:\/\/diarioelpopular.com\/index.php\/wp-json\/wp\/v2\/users\/99"}],"replies":[{"embeddable":true,"href":"https:\/\/diarioelpopular.com\/index.php\/wp-json\/wp\/v2\/comments?post=535038"}],"version-history":[{"count":1,"href":"https:\/\/diarioelpopular.com\/index.php\/wp-json\/wp\/v2\/posts\/535038\/revisions"}],"predecessor-version":[{"id":535040,"href":"https:\/\/diarioelpopular.com\/index.php\/wp-json\/wp\/v2\/posts\/535038\/revisions\/535040"}],"wp:featuredmedia":[{"embeddable":true,"href":"https:\/\/diarioelpopular.com\/index.php\/wp-json\/wp\/v2\/media\/535039"}],"wp:attachment":[{"href":"https:\/\/diarioelpopular.com\/index.php\/wp-json\/wp\/v2\/media?parent=535038"}],"wp:term":[{"taxonomy":"category","embeddable":true,"href":"https:\/\/diarioelpopular.com\/index.php\/wp-json\/wp\/v2\/categories?post=535038"},{"taxonomy":"post_tag","embeddable":true,"href":"https:\/\/diarioelpopular.com\/index.php\/wp-json\/wp\/v2\/tags?post=535038"}],"curies":[{"name":"wp","href":"https:\/\/api.w.org\/{rel}","templated":true}]}}