{"id":535046,"date":"2025-08-14T09:31:15","date_gmt":"2025-08-14T13:31:15","guid":{"rendered":"https:\/\/diarioelpopular.com\/?p=535046"},"modified":"2025-08-14T09:31:15","modified_gmt":"2025-08-14T13:31:15","slug":"la-polemica-ley-de-amnistia-aprobada-en-peru-que-perdonara-a-centenares-de-policias-y-militares-acusados-de-violaciones-a-los-derechos-humanos","status":"publish","type":"post","link":"https:\/\/diarioelpopular.com\/index.php\/2025\/08\/14\/la-polemica-ley-de-amnistia-aprobada-en-peru-que-perdonara-a-centenares-de-policias-y-militares-acusados-de-violaciones-a-los-derechos-humanos\/","title":{"rendered":"La pol\u00e9mica ley de amnist\u00eda aprobada en Per\u00fa que perdonar\u00e1 a centenares de polic\u00edas y militares acusados de violaciones a los derechos humanos"},"content":{"rendered":"<div id=\"attachment_535047\" style=\"width: 646px\" class=\"wp-caption alignnone\"><img loading=\"lazy\" decoding=\"async\" aria-describedby=\"caption-attachment-535047\" class=\"wp-image-535047 size-custom-full-size\" src=\"https:\/\/diarioelpopular.com\/wp-content\/uploads\/2025\/08\/Screen-Shot-2025-08-14-at-9.30.16-AM-636x361.png\" alt=\"\" width=\"636\" height=\"361\" srcset=\"https:\/\/diarioelpopular.com\/wp-content\/uploads\/2025\/08\/Screen-Shot-2025-08-14-at-9.30.16-AM-636x361.png 636w, https:\/\/diarioelpopular.com\/wp-content\/uploads\/2025\/08\/Screen-Shot-2025-08-14-at-9.30.16-AM-300x170.png 300w, https:\/\/diarioelpopular.com\/wp-content\/uploads\/2025\/08\/Screen-Shot-2025-08-14-at-9.30.16-AM-768x436.png 768w, https:\/\/diarioelpopular.com\/wp-content\/uploads\/2025\/08\/Screen-Shot-2025-08-14-at-9.30.16-AM-129x73.png 129w, https:\/\/diarioelpopular.com\/wp-content\/uploads\/2025\/08\/Screen-Shot-2025-08-14-at-9.30.16-AM.png 852w\" sizes=\"auto, (max-width: 636px) 100vw, 636px\" \/><p id=\"caption-attachment-535047\" class=\"wp-caption-text\">La mandataria Dina Boluarte firm\u00f3 la amnist\u00eda en una ceremonia en el Palacio de Gobierno de Lima.<\/p><\/div>\n<p>&nbsp;<\/p>\n<p>&nbsp;<\/p>\n<div class=\"bbc-19j92fr ebmt73l0\" dir=\"ltr\">\n<ul>\n<li class=\"bbc-hhl7in e17g058b0\" dir=\"ltr\"><em><b>Los cr\u00edmenes cometidos durante el conflicto armado interno siguen coleando y generando pol\u00e9mica en Per\u00fa.<\/b><\/em><\/li>\n<\/ul>\n<\/div>\n<div class=\"bbc-19j92fr ebmt73l0\" dir=\"ltr\">\n<p dir=\"ltr\">\n<p class=\"bbc-hhl7in e17g058b0\" dir=\"ltr\">La presidente Dina Boluarte, promulg\u00f3 este mi\u00e9rcoles una ley que amnist\u00eda a los militares, polic\u00edas y miembros de los Comit\u00e9s de Autodefensa procesados por cr\u00edmenes contra los derechos humanos cometidos durante la guerra que enfrent\u00f3 al Estado peruano y las guerrilas de ultraizquierda de Sendero Luminoso y el Movimiento Revolucionario T\u00fapac Amaru (MRTA) entre 1980 y 2000.<\/p>\n<\/div>\n<div class=\"bbc-19j92fr ebmt73l0\" dir=\"ltr\">\n<p class=\"bbc-hhl7in e17g058b0\" dir=\"ltr\">En un acto solemne en el Palacio de Gobierno de Lima en el que estuvo acompa\u00f1ada por los diputados que promovieron su aprobaci\u00f3n y de altas autoridades, Boluarte firm\u00f3 una ley que, dijo, hace &#8220;justicia&#8221; y &#8220;honra&#8221; a quienes lucharon contra el &#8220;terrorismo&#8221;.<\/p>\n<\/div>\n<div class=\"bbc-19j92fr ebmt73l0\" dir=\"ltr\">\n<p class=\"bbc-hhl7in e17g058b0\" dir=\"ltr\">&#8220;Muchos de estos hombres y mujeres entregaron su vida en defensa de la paz que hoy gozamos. Otros sobrevivieron, pero cargaron durante a\u00f1os con el peso de juicios interminables, de acusaciones injustas, de un dolor que no solo alcanz\u00f3 a ellos, sino tambi\u00e9n a sus familias&#8221;, declar\u00f3.<\/p>\n<\/div>\n<div class=\"bbc-19j92fr ebmt73l0\" dir=\"ltr\">\n<p class=\"bbc-hhl7in e17g058b0\" dir=\"ltr\">Con la ley, dijo la presidente, &#8220;les devolvemos la dignidad que nunca debi\u00f3 ser cuestionada&#8221;.<\/p>\n<\/div>\n<div class=\"bbc-19j92fr ebmt73l0\" dir=\"ltr\">\n<p class=\"bbc-hhl7in e17g058b0\" dir=\"ltr\">La ley desat\u00f3 la indignaci\u00f3n de los miles de familiares de las v\u00edctimas.<\/p>\n<\/div>\n<div class=\"bbc-19j92fr ebmt73l0\" dir=\"ltr\">\n<p class=\"bbc-hhl7in e17g058b0\" dir=\"ltr\">&#8220;La ley premia a los violadores de derechos humanos y cierra las investigaciones a\u00fan en curso&#8221;, denunci\u00f3 Gisela Ortiz, portavoz de las v\u00edctimas de la matanza de La Cantuta de 1992, en la que miembros del servicio de inteligencia y de la Polic\u00eda secuestraron y asesinaron a diez personas en una universidad de los alrededores de Lima.<\/p>\n<\/div>\n<div class=\"bbc-19j92fr ebmt73l0\" dir=\"ltr\">\n<p class=\"bbc-hhl7in e17g058b0\" dir=\"ltr\">Te\u00f3fila Ochoa, sobreviviente de la masacre de 69 personas de una comunidad ind\u00edgena perpetrada por una patrulla militar en Accomarca en agosto de 1985, dijo que le &#8220;duele como peruana&#8221; que se aprueben leyes para que &#8220;sean libres los asesinos que han quemado, matado y violado a nuestros familiares&#8221;.<\/p>\n<\/div>\n<div class=\"bbc-19j92fr ebmt73l0\" dir=\"ltr\">\n<p class=\"bbc-hhl7in e17g058b0\" dir=\"ltr\">Tania Pariona, de la Coordinadora de Derechos Humanos, una organizaci\u00f3n local, le dijo que &#8220;la amnist\u00eda busca imponer una pol\u00edtica de olvido forzoso sobre los hechos ocurridos entre 1980 y 2000, cuando hay muchas familias que llevan d\u00e9cadas esperando a recibir justicia&#8221;.<\/p>\n<\/div>\n<div class=\"bbc-19j92fr ebmt73l0\" dir=\"ltr\">\n<p class=\"bbc-hhl7in e17g058b0\" dir=\"ltr\"><em><strong>La medida tambi\u00e9n ha sido cuestionada fuera de Per\u00fa.<\/strong><\/em><\/p>\n<\/div>\n<div class=\"bbc-19j92fr ebmt73l0\" dir=\"ltr\">\n<p class=\"bbc-hhl7in e17g058b0\" dir=\"ltr\">Un grupo de expertos independientes del Consejo de Derechos Humanos de Naciones Unidas advirti\u00f3 en julio que la aprobaci\u00f3n de la amnist\u00eda pondr\u00eda al Estado peruano &#8220;en claro incumplimiento de sus obligaciones en virtud del derecho internacional&#8221;, cuyas normas &#8220;proh\u00edben amnist\u00edas o indultos por cr\u00edmenes tan graves&#8221;.<\/p>\n<\/div>\n<div class=\"bbc-19j92fr ebmt73l0\" dir=\"ltr\">\n<p class=\"bbc-hhl7in e17g058b0\" dir=\"ltr\">Y la presidente de la Corte Interamericana de Derechos Humanos (CIDH), Nancy Hern\u00e1ndez L\u00f3pez, requiri\u00f3 al Estado peruano que suspendiera la tramitaci\u00f3n de la pol\u00e9mica ley hasta que el tribunal regional analice c\u00f3mo afecta su contenido a las v\u00edctimas de las matanzas de Barrios Altos y La Cantuta, dos de las m\u00e1s destacadas de aquellos a\u00f1os y por los que fue condenado el entonces presidente Alberto Fujimori.<\/p>\n<\/div>\n<div class=\"bbc-19j92fr ebmt73l0\" dir=\"ltr\">\n<p class=\"bbc-hhl7in e17g058b0\" dir=\"ltr\">El conflicto peruano dej\u00f3 cerca de 70.000 muertos, un 30% causados por agentes del Estado, seg\u00fan estim\u00f3 el informe final de la Comisi\u00f3n de la Verdad y la Reconciliaci\u00f3n.<\/p>\n<\/div>\n<div class=\"bbc-19j92fr ebmt73l0\" dir=\"ltr\">\n<h2 id=\"A-qui\u00e9n-beneficia-la-amnist\u00eda\" class=\"bbc-1lgzob2 eglt09e0\" tabindex=\"-1\">A qui\u00e9n beneficia la amnist\u00eda<\/h2>\n<\/div>\n<div class=\"bbc-19j92fr ebmt73l0\" dir=\"ltr\">\n<p class=\"bbc-hhl7in e17g058b0\" dir=\"ltr\">La norma amnist\u00eda a los miembros de las Fuerzas Armadas y de la Polic\u00eda Nacional del Per\u00fa &#8220;que se encuentren denunciados, investigados o procesados por hechos delictivos derivados u originados con ocasi\u00f3n de su participaci\u00f3n en la lucha contra el terrorismo entre los a\u00f1os 1980 y 2000&#8221;.<\/p>\n<\/div>\n<div class=\"bbc-19j92fr ebmt73l0\" dir=\"ltr\">\n<p class=\"bbc-hhl7in e17g058b0\" dir=\"ltr\">Los miembros de estas organizaciones que ya hayan sido condenados disfrutar\u00e1n de la amnist\u00eda si han cumplido 70 a\u00f1os, lo que, seg\u00fan las organizaciones de v\u00edctimas, permitir\u00e1 que, dado el tiempo transcurrido, todos ellos salgan de la c\u00e1rcel o queden sin castigo.<\/p>\n<\/div>\n<div class=\"bbc-19j92fr ebmt73l0\" dir=\"ltr\">\n<p class=\"bbc-hhl7in e17g058b0\" dir=\"ltr\">La norma beneficia tambi\u00e9n a los milicianos de los Comit\u00e9s de Autodefensa, una especie de patrullas ciudadanas que proliferaron durante el conflicto en las zonas con una menor presencia de las fuerzas estatales.<\/p>\n<\/div>\n<div class=\"bbc-19j92fr ebmt73l0\" dir=\"ltr\">\n<p class=\"bbc-hhl7in e17g058b0\" dir=\"ltr\">Entre los potenciales beneficiados por la medida est\u00e1n mandos militares que han eludido la acci\u00f3n de la justicia, como el general Jos\u00e9 Valdivia Due\u00f1as, que mandaba las fuerzas que en mayo de 1988 acabaron con la vida de 29 personas en Cayara, Ayacucho.<\/p>\n<\/div>\n<div class=\"bbc-19j92fr ebmt73l0\" dir=\"ltr\">\n<p class=\"bbc-hhl7in e17g058b0\" dir=\"ltr\">Otros, como Santiago Mart\u00edn Rivas, encarcelado por liderar el llamado Grupo Colina, el comando que perpetr\u00f3 las matanzas de Barrios Altos y La Cantuta, podr\u00edan salir de prisi\u00f3n sin haber cumplido su condena ni indemnizado a las v\u00edctimas.<\/p>\n<\/div>\n<div class=\"bbc-19j92fr ebmt73l0\" dir=\"ltr\">\n<p class=\"bbc-hhl7in e17g058b0\" dir=\"ltr\">Otro que podr\u00eda ser liberado es Telmo Hurtado, un exmilitar conocido como el &#8220;carnicero de los Andes&#8221;, condenado en 2016 a 23 a\u00f1os de c\u00e1rcel por dirigir la matanza de Accomarca.<\/p>\n<\/div>\n<div class=\"bbc-19j92fr ebmt73l0\" dir=\"ltr\">\n<p class=\"bbc-hhl7in e17g058b0\" dir=\"ltr\">&#8220;No hay una cifra oficial, pero tenemos certeza de por lo menos 156 casos con sentencia firme y 600 en proceso que quedar\u00edan cancelados&#8221;, dijo Pariona, de la Coordinadora Nacional de Derechos Humanos.<\/p>\n<p dir=\"ltr\">\n<\/div>\n<figure class=\"bbc-1qn0xuy\">\n<div class=\"bbc-1gbs0ve\">\n<div style=\"width: 1034px\" class=\"wp-caption alignnone\"><img loading=\"lazy\" decoding=\"async\" class=\"bbc-139onq\" src=\"https:\/\/ichef.bbci.co.uk\/ace\/ws\/640\/cpsprodpb\/cc9e\/live\/f59839d0-78c5-11f0-a20f-3b86f375586a.jpg.webp\" alt=\"Santiago Mart\u00edn Rivas se\u00f1ala una l\u00ednea en un documento durante una audiencia judicial en 2008. \" width=\"1024\" height=\"750\" \/><p class=\"wp-caption-text\">Fuente de la imagen,Getty Images.\u00a0 Entre los que podr\u00edan ser liberados est\u00e1 Santiago Mart\u00edn Rivas, condenado por pertenecer al comando que perpetr\u00f3 las matanzas de Barrios Altos y la Cantuta.<\/p><\/div>\n<p class=\"bbc-by8ykd\" role=\"text\">\n<\/div>\n<\/figure>\n<div class=\"bbc-19j92fr ebmt73l0\" dir=\"ltr\">\n<h2 id=\"Qui\u00e9n-promovi\u00f3-la-amnist\u00eda-y-por-qu\u00e9\" class=\"bbc-1lgzob2 eglt09e0\" tabindex=\"-1\">Qui\u00e9n promovi\u00f3 la amnist\u00eda y por qu\u00e9<\/h2>\n<\/div>\n<div class=\"bbc-19j92fr ebmt73l0\" dir=\"ltr\">\n<p class=\"bbc-hhl7in e17g058b0\" dir=\"ltr\">La ley de Amnist\u00eda fue aprobada con los votos de Fuerza Popular, liderada por Keiko Fujimori, hija del expresidente Fujimori, condenado por cr\u00edmenes contra los derechos humanos y delitos de corrupci\u00f3n cometidos durante su mandato.<\/p>\n<\/div>\n<div class=\"bbc-19j92fr ebmt73l0\" dir=\"ltr\">\n<p class=\"bbc-hhl7in e17g058b0\" dir=\"ltr\">Otros congresistas de derecha votaron a favor, entre ellos el almirante retirado Jorge Montoya, quien redact\u00f3 el proyecto y se quej\u00f3 porque &#8220;m\u00e1s de 1.200 familias&#8221; de polic\u00edas y militares han sufrido durante a\u00f1os las llamadas de la Fiscal\u00eda a sus seres queridos.<\/p>\n<\/div>\n<div class=\"bbc-19j92fr ebmt73l0\" dir=\"ltr\">\n<p class=\"bbc-hhl7in e17g058b0\" dir=\"ltr\">El fujimorista Fernando Rospigliosi, defensor de la ley, dijo que con \u00e9l se hace justicia a &#8220;quienes con coraje y amor a la patria&#8221; se enfrentaron al &#8220;terrorismo&#8221;.<\/p>\n<p dir=\"ltr\">\n<\/div>\n<figure class=\"bbc-1qn0xuy\">\n<div class=\"bbc-1gbs0ve\">\n<div style=\"width: 1034px\" class=\"wp-caption alignnone\"><img loading=\"lazy\" decoding=\"async\" class=\"bbc-139onq\" src=\"https:\/\/ichef.bbci.co.uk\/ace\/ws\/640\/cpsprodpb\/6361\/live\/4f2f6810-78c6-11f0-a20f-3b86f375586a.jpg.webp\" alt=\"Alberto Fujimori, en pie y rodeado de militares en la tribuna de autoridades en un acto oficial cuando era presidente de Per\u00fa. \" width=\"1024\" height=\"686\" \/><p class=\"wp-caption-text\">Fuente de la imagen,Getty Images. El expresidente Fujimori fue condenado por cr\u00edmenes contra los derechos humanos cometidos durante su mandato.<\/p><\/div>\n<p class=\"bbc-by8ykd\" role=\"text\">\n<\/div>\n<\/figure>\n<div class=\"bbc-19j92fr ebmt73l0\" dir=\"ltr\">\n<h2 id=\"Qu\u00e9-puede-pasar-ahora\" class=\"bbc-1lgzob2 eglt09e0\" tabindex=\"-1\">Qu\u00e9 puede pasar ahora<\/h2>\n<\/div>\n<div class=\"bbc-19j92fr ebmt73l0\" dir=\"ltr\">\n<p class=\"bbc-hhl7in e17g058b0\" dir=\"ltr\">Las organizaciones de v\u00edctimas han iniciado protestas y medidas legales para impedir la aplicaci\u00f3n de la amnist\u00eda.<\/p>\n<\/div>\n<div class=\"bbc-19j92fr ebmt73l0\" dir=\"ltr\">\n<p class=\"bbc-hhl7in e17g058b0\" dir=\"ltr\">Tienen sus esperanzas puestas en la CIDH, que les ha dado la raz\u00f3n otras veces.<\/p>\n<\/div>\n<div class=\"bbc-19j92fr ebmt73l0\" dir=\"ltr\">\n<p class=\"bbc-hhl7in e17g058b0\" dir=\"ltr\">La presidente de este tribunal internacional ha convocado a los familiares de las v\u00edctimas de Barrios Altos y La Cantuta a una audiencia p\u00fablica sobre el tema el pr\u00f3ximo 21 de agosto a la que tambi\u00e9n ha citado al Estado peruano.<\/p>\n<\/div>\n<div class=\"bbc-19j92fr ebmt73l0\" dir=\"ltr\">\n<p class=\"bbc-hhl7in e17g058b0\" dir=\"ltr\">Pero Per\u00fa ya ha ignorado algunas de sus resoluciones desde que Dina Boluarte es presidente, como cuando liber\u00f3 Fujimori en virtud de un pol\u00e9mico indulto que la corte consider\u00f3 ilegal.<\/p>\n<\/div>\n<div class=\"bbc-19j92fr ebmt73l0\" dir=\"ltr\">\n<p class=\"bbc-hhl7in e17g058b0\" dir=\"ltr\">Semanas antes de firmar la ley, Boluarte proclam\u00f3 que &#8220;Per\u00fa no es colonia de nadie&#8221;. &#8220;No permitiremos la intervenci\u00f3n de la Corte&#8221;, prometi\u00f3.<\/p>\n<p dir=\"ltr\">\n<\/div>\n<figure class=\"bbc-1qn0xuy\">\n<div class=\"bbc-1gbs0ve\">\n<div style=\"width: 1034px\" class=\"wp-caption alignnone\"><img loading=\"lazy\" decoding=\"async\" class=\"bbc-139onq\" src=\"https:\/\/ichef.bbci.co.uk\/ace\/ws\/640\/cpsprodpb\/512a\/live\/af9cec40-78c6-11f0-a20f-3b86f375586a.jpg.webp\" alt=\"Fotos de algunas de las v\u00edctimas de las fuerzas del Estado colocadas junto a banderitas peruanas en un acto organizado por sus familiares. \" width=\"1024\" height=\"683\" \/><p class=\"wp-caption-text\">Fuente de la imagen,Getty Images. Los familiares de las v\u00edctimas denuncian que se vuelve a abrir la puerta a la impunidad en Per\u00fa.<\/p><\/div>\n<p class=\"bbc-by8ykd\" role=\"text\">\n<\/div>\n<\/figure>\n<div class=\"bbc-19j92fr ebmt73l0\" dir=\"ltr\">\n<p dir=\"ltr\">\n<p class=\"bbc-hhl7in e17g058b0\" dir=\"ltr\">Sin embargo, hay voces que sostienen que ser\u00e1n los jueces quienes finalmente decidan en cada caso si se aplica la amnist\u00eda.<\/p>\n<\/div>\n<div class=\"bbc-19j92fr ebmt73l0\" dir=\"ltr\">\n<p class=\"bbc-hhl7in e17g058b0\" dir=\"ltr\">Mantienen que la ley es inconstitucional y quebranta los compromisos adquiridos por Per\u00fa como estado firmante de la Convenci\u00f3n Americana de Derechos Humanos, por lo que podr\u00edan aplicar el principio jur\u00eddico conocido como &#8220;control difuso de constitucionalidad&#8221; o &#8220;convencionalidad&#8221;, que permite a un juez dejar de aplicar en un caso de su competencia una norma que le parezca contraria a la Constituci\u00f3n peruana o a la citada Convenci\u00f3n.<\/p>\n<\/div>\n<div class=\"bbc-19j92fr ebmt73l0\" dir=\"ltr\">\n<p class=\"bbc-hhl7in e17g058b0\" dir=\"ltr\">Seg\u00fan Omar Cairo, profesor de Derecho Constitucional de la Pontificia Universidad Cat\u00f3lica del Per\u00fa, &#8220;todos los jueces peruanos, por mandato del articulo 138 de la Constituci\u00f3n, tienen el deber de inaplicar la Ley de Amnist\u00eda&#8221;.<\/p>\n<\/div>\n<div class=\"bbc-19j92fr ebmt73l0\" dir=\"ltr\">\n<p class=\"bbc-hhl7in e17g058b0\" dir=\"ltr\">David Lovat\u00f3n, asesor legal de DPLF, una organizaci\u00f3n dedicada a la defensa de los derechos humanos y el estado de derecho en Am\u00e9rica Latina, pronostica que &#8220;Ciertamente los militares, polic\u00edas y civiles investigados, procesados o condenados por graves violaciones de derechos humanos exigir\u00e1n la aplicaci\u00f3n de esta ley en las respectivas carpetas fiscales o procesos judiciales, pero corresponder\u00e1 a los jueces evaluar si procede \u2013o no\u2013, constitucional y convencionalmente, este pedido&#8221;.<\/p>\n<\/div>\n<div class=\"bbc-19j92fr ebmt73l0\" dir=\"ltr\">\n<p class=\"bbc-hhl7in e17g058b0\" dir=\"ltr\">Lovat\u00f3n cree que &#8220;esta nueva Ley de Amnist\u00eda es claramente incompatible con la Convenci\u00f3n Americana a la luz de la sostenida jurisprudencia de la Corte Interamericana a partir del caso Barrios Altos vs. Per\u00fa del a\u00f1o 2001, que ha proscrito en nuestro continente toda norma o medida estatal como amnist\u00edas, indultos o prescripciones, que pretendan la impunidad de graves violaciones de derechos humanos&#8221;.<\/p>\n<\/div>\n<div class=\"bbc-19j92fr ebmt73l0\" dir=\"ltr\">\n<p class=\"bbc-hhl7in e17g058b0\" dir=\"ltr\">Lo m\u00e1s probable es que la controversia jur\u00eddica sobre los cr\u00edmenes cometidos en el conflicto peruano continuar\u00e1, un nuevo ejemplo de que a\u00fan supuran a\u00fan heridas que al pa\u00eds le cuesta cerrar.<\/p>\n<\/div>\n","protected":false},"excerpt":{"rendered":"<p>&nbsp; &nbsp; Los cr\u00edmenes cometidos durante el conflicto armado interno siguen coleando y generando pol\u00e9mica en Per\u00fa. La presidente Dina Boluarte, promulg\u00f3 este mi\u00e9rcoles una&hellip;<\/p>\n","protected":false},"author":99,"featured_media":535047,"comment_status":"open","ping_status":"open","sticky":false,"template":"","format":"standard","meta":{"footnotes":""},"categories":[23],"tags":[],"class_list":["post-535046","post","type-post","status-publish","format-standard","has-post-thumbnail","hentry","category-latinoamerica"],"_links":{"self":[{"href":"https:\/\/diarioelpopular.com\/index.php\/wp-json\/wp\/v2\/posts\/535046","targetHints":{"allow":["GET"]}}],"collection":[{"href":"https:\/\/diarioelpopular.com\/index.php\/wp-json\/wp\/v2\/posts"}],"about":[{"href":"https:\/\/diarioelpopular.com\/index.php\/wp-json\/wp\/v2\/types\/post"}],"author":[{"embeddable":true,"href":"https:\/\/diarioelpopular.com\/index.php\/wp-json\/wp\/v2\/users\/99"}],"replies":[{"embeddable":true,"href":"https:\/\/diarioelpopular.com\/index.php\/wp-json\/wp\/v2\/comments?post=535046"}],"version-history":[{"count":1,"href":"https:\/\/diarioelpopular.com\/index.php\/wp-json\/wp\/v2\/posts\/535046\/revisions"}],"predecessor-version":[{"id":535048,"href":"https:\/\/diarioelpopular.com\/index.php\/wp-json\/wp\/v2\/posts\/535046\/revisions\/535048"}],"wp:featuredmedia":[{"embeddable":true,"href":"https:\/\/diarioelpopular.com\/index.php\/wp-json\/wp\/v2\/media\/535047"}],"wp:attachment":[{"href":"https:\/\/diarioelpopular.com\/index.php\/wp-json\/wp\/v2\/media?parent=535046"}],"wp:term":[{"taxonomy":"category","embeddable":true,"href":"https:\/\/diarioelpopular.com\/index.php\/wp-json\/wp\/v2\/categories?post=535046"},{"taxonomy":"post_tag","embeddable":true,"href":"https:\/\/diarioelpopular.com\/index.php\/wp-json\/wp\/v2\/tags?post=535046"}],"curies":[{"name":"wp","href":"https:\/\/api.w.org\/{rel}","templated":true}]}}