{"id":535050,"date":"2025-08-14T09:46:36","date_gmt":"2025-08-14T13:46:36","guid":{"rendered":"https:\/\/diarioelpopular.com\/?p=535050"},"modified":"2025-08-14T09:46:36","modified_gmt":"2025-08-14T13:46:36","slug":"racismo-extremo-trump-defiende-detener-a-todo-aquel-que-tenga-acento-o-sea-de-piel-oscura","status":"publish","type":"post","link":"https:\/\/diarioelpopular.com\/index.php\/2025\/08\/14\/racismo-extremo-trump-defiende-detener-a-todo-aquel-que-tenga-acento-o-sea-de-piel-oscura\/","title":{"rendered":"Racismo extremo: Trump defiende detener a todo aquel que tenga acento o sea de piel oscura"},"content":{"rendered":"<div id=\"attachment_535051\" style=\"width: 1210px\" class=\"wp-caption alignnone\"><img loading=\"lazy\" decoding=\"async\" aria-describedby=\"caption-attachment-535051\" class=\"wp-image-535051 size-custom-big-size\" src=\"https:\/\/diarioelpopular.com\/wp-content\/uploads\/2025\/08\/Screen-Shot-2025-08-14-at-9.43.33-AM-1200x858.png\" alt=\"\" width=\"1200\" height=\"858\" srcset=\"https:\/\/diarioelpopular.com\/wp-content\/uploads\/2025\/08\/Screen-Shot-2025-08-14-at-9.43.33-AM-1200x858.png 1200w, https:\/\/diarioelpopular.com\/wp-content\/uploads\/2025\/08\/Screen-Shot-2025-08-14-at-9.43.33-AM-300x214.png 300w, https:\/\/diarioelpopular.com\/wp-content\/uploads\/2025\/08\/Screen-Shot-2025-08-14-at-9.43.33-AM-768x549.png 768w, https:\/\/diarioelpopular.com\/wp-content\/uploads\/2025\/08\/Screen-Shot-2025-08-14-at-9.43.33-AM-636x455.png 636w, https:\/\/diarioelpopular.com\/wp-content\/uploads\/2025\/08\/Screen-Shot-2025-08-14-at-9.43.33-AM-102x73.png 102w, https:\/\/diarioelpopular.com\/wp-content\/uploads\/2025\/08\/Screen-Shot-2025-08-14-at-9.43.33-AM.png 1024w\" sizes=\"auto, (max-width: 1200px) 100vw, 1200px\" \/><p id=\"caption-attachment-535051\" class=\"wp-caption-text\">Agentes federales en un tribunal de inmigraci\u00f3n en Phoenix, Arizona, en mayo de 2025. Caitlin O&#8217;Hara (REUTERS)<\/p><\/div>\n<p>&nbsp;<\/p>\n<p>&nbsp;<\/p>\n<h4 class=\"a_st\"><em>&#8211; La Administraci\u00f3n solicita al Tribunal Supremo que suspenda la orden de un juez de California que prohibi\u00f3 arrestos basados en factores como hablar espa\u00f1ol, trabajar en construcci\u00f3n o detectar alg\u00fan tipo de acento. Muchos sugieren que esta medida tambien se le debe aplicar a su espoas Melania por su marcado acento<\/em><\/h4>\n<p>&nbsp;<\/p>\n<p class=\"\">La agresi\u00f3n sin precedentes que la comunidad de habla hispana est\u00e1 sufriendo desde que Donald Trump regres\u00f3 a la Casa Blanca podr\u00eda contar con el respaldo del Tribunal Supremo si la corte falla a favor del Gobierno.<\/p>\n<p class=\"\">El Alto Tribunal tiene que pronunciarse sobre una petici\u00f3n de urgencia del Departamento de Seguridad Nacional <a title=\"https:\/\/elpais.com\/us\/2025-07-12\/una-jueza-prohibe-al-gobierno-de-trump-arrestar-a-migrantes-en-california-por-su-color-de-piel.html#?rel=mas\" href=\"https:\/\/elpais.com\/us\/2025-07-12\/una-jueza-prohibe-al-gobierno-de-trump-arrestar-a-migrantes-en-california-por-su-color-de-piel.html#?rel=mas\" target=\"_self\" rel=\"\" data-link-track-dtm=\"\" data-mrf-link=\"https:\/\/elpais.com\/us\/2025-07-12\/una-jueza-prohibe-al-gobierno-de-trump-arrestar-a-migrantes-en-california-por-su-color-de-piel.html\">para permitir que hablar espa\u00f1ol o parecer latino sean razones suficientes para ser detenido<\/a> por el Servicio de Inmigraci\u00f3n y Control de Aduanas (ICE, por sus siglas en ingl\u00e9s). Cualquier parecido con la Alemania nazi, es mera coincidencia&#8230;<\/p>\n<p class=\"\">Desde las organizaciones de latinos se advierte de los efectos que puede tener un fallo a favor de la Administraci\u00f3n Trump. \u201cEso va a aumentar la inseguridad y va a empeorar la situaci\u00f3n de la comunidad latina de una manera que no hemos visto desde los a\u00f1os treinta, cuando se llevaron a cabo deportaciones masivas de latinos. Estamos hablando de algo que puede ser hist\u00f3rico y puede impactar a la comunidad de una manera muy negativa\u201d, advierte Cristobal Ram\u00f3n, asesor de pol\u00edtica migratoria de UnidosUS.<\/p>\n<div>\n<div id=\"primisPlayerContainerDiv\" class=\"primisslate\">\n<p class=\"\">El Gobierno ha recurrido al Supremo, que le ha favorecido en varias de sus controvertidas medidas contra la inmigraci\u00f3n, para que anule\u00a0<a title=\"https:\/\/storage.courtlistener.com\/recap\/gov.uscourts.cacd.975351\/gov.uscourts.cacd.975351.87.0.pdf\" href=\"https:\/\/storage.courtlistener.com\/recap\/gov.uscourts.cacd.975351\/gov.uscourts.cacd.975351.87.0.pdf\" target=\"_blank\" rel=\"noopener\" data-link-track-dtm=\"\" data-mrf-link=\"https:\/\/storage.courtlistener.com\/recap\/gov.uscourts.cacd.975351\/gov.uscourts.cacd.975351.87.0.pdf\">el fallo de una jueza de distrito de California.\u00a0<\/a>En julio, la magistrada prohibi\u00f3 temporalmente que los agentes detengan a las personas bas\u00e1ndose en su perfil racial o su lengua. Su fallo se aplica en el distrito central de ese Estado, que abarca el \u00e1rea metropolitana de Los \u00c1ngeles, donde casi la mitad de la poblaci\u00f3n es de origen latino. Un tribunal de apelaciones mantuvo la prohibici\u00f3n, por lo que la Administraci\u00f3n recurri\u00f3 al Supremo la semana pasada.<\/p>\n<p class=\"\">\u201cLa orden judicial del tribunal de distrito interfiere significativamente con los esfuerzos de cumplimiento federal en una regi\u00f3n que es m\u00e1s grande y m\u00e1s poblada que muchos pa\u00edses y que se ha convertido en un importante epicentro de la crisis migratoria\u201d, dijo el representante del Gobierno en los papeles presentados ante el Supremo.<\/p>\n<p class=\"\">El Departamento de Seguridad Nacional (DHS) pide que el ICE pueda usar como factores de sospecha de que una persona es indocumentada su raza o etnia; que hable espa\u00f1ol o ingl\u00e9s con acento; que est\u00e9 presente en ciertos lugares (paradas de autob\u00fas, lavaderos de autos, estacionamientos\u2026), o que desempe\u00f1e ciertos trabajos (jornalero, construcci\u00f3n, jardinero, vendedor ambulante\u2026).<\/p>\n<p class=\"\">La jueza del distrito Central de Los \u00c1ngeles Maame E. Frimpong orden\u00f3 al ICE que dejara de hacer detenciones bas\u00e1ndose en esos factores. Con ello, daba la raz\u00f3n a varios individuos y organizaciones de defensa de los derechos civiles, que denunciaron que los agentes siguieron criterios raciales para detener incluso a ciudadanos. Algunos de ellos son parte en la demanda.<\/p>\n<p class=\"\">Es el caso de Jason Brian Gavidia, latino nacido en Los \u00c1ngeles. El 12 de junio agentes armados lo confrontaron en la acera frente a un taller de gr\u00faas donde estaba reparando su auto. Un agente enmascarado le pregunt\u00f3 si era ciudadano, a lo que respondi\u00f3 afirmativamente. El oficial pregunt\u00f3 insistentemente en qu\u00e9 hospital hab\u00eda nacido y Gavidia respondi\u00f3 que no sab\u00eda, tras lo cual, con la ayuda de un colega, lo estrellaron violentamente contra una reja met\u00e1lica, le pusieron las manos a la espalda, le retorcieron el brazo y le quitaron el tel\u00e9fono. Gavidia les mostr\u00f3 su identificaci\u00f3n y luego se vieron obligados asoltarlo.<\/p>\n<p class=\"\">En su fallo, Frimpong sostuvo que el ICE carec\u00eda de fundamento leg\u00edtimo para detener a la mayor\u00eda de las personas arrestadas en sus agresivas operaciones en Los \u00c1ngeles. Concluy\u00f3 que las operaciones constitu\u00edan una \u201cpresencia amenazante\u201d que hac\u00eda que las personas temieran estar siendo \u201csecuestradas\u201d.<\/p>\n<p class=\"\">Presionados por cumplir con los deseos de Trump, que pretende realizar en su segundo mandato la mayor deportaci\u00f3n de la historia, el ICE lanz\u00f3 una operaci\u00f3n de redadas masivas indiscriminadas alrededor de Los \u00c1ngeles a comienzos de verano, lo que provoc\u00f3 numerosas protestas entre la poblaci\u00f3n. Para mitigarlas, Trump orden\u00f3 el despliegue de <i>marines<\/i>\u00a0y la Guardia Nacional en la ciudad californiana.<\/p>\n<p class=\"\">Chandra S. Bhatnagar, director ejecutivo de la ACLU (Uni\u00f3n Americana de Libertades Civiles) en el sur de California, declar\u00f3 tras conocerse el fallo de Frimpong que \u201cdesde el 6 de junio, m\u00e1s de 2.300 personas \u2014trabajadores, estudiantes, madres, padres, abuelos y residentes de todo el sur de Estados Unidos \u2014 han sido secuestrados violentamente y desaparecidos por agentes federales simplemente por tener la piel oscura, hablar con acento o aparentar<i>\u00a0<\/i>ser inmigrantes\u201d.<\/p>\n<p class=\"\">El 18 de junio, agentes federales allanaron el lavadero de autos donde Jorge Luis Hern\u00e1ndez Viramontes, otro ciudadano estadounidense que es parte de la demanda, hab\u00eda trabajado durante 10 a\u00f1os. Era la tercera visita de los oficiales, que ya hab\u00edan detenido a otros compa\u00f1eros de Hern\u00e1ndez Viramontes. A pesar de mostrarles su identificaci\u00f3n, los agentes se lo llevaron por no presentarles un pasaporte. Al cabo de 20 minutos lo liberaron.<\/p>\n<p class=\"\">\u201cNadie cree que hablar espa\u00f1ol o trabajar en la construcci\u00f3n genere siempre sospechas razonables. Tampoco se sugiere que esos sean los \u00fanicos factores que los agentes federales consideran. Pero en muchas situaciones, estos factores, solos o en combinaci\u00f3n, pueden aumentar la probabilidad de que alguien se encuentre ilegalmente en Estados Unidos\u201d, justific\u00f3 el Gobierno en los documentos presentados al Supremo. \u201cLos agentes del ICE tienen derecho a basarse en estos factores al intensificar la aplicaci\u00f3n de las leyes de inmigraci\u00f3n\u201d.<\/p>\n<p class=\"\">En oposici\u00f3n, los defensores de los latinos denuncian c\u00f3mo el miedo se ha esparcido en la comunidad.\u00a0<a title=\"https:\/\/elpais.com\/us\/migracion\/2025-08-11\/el-miedo-a-las-redadas-del-ice-augura-un-aumento-del-absentismo-en-el-regreso-a-clases.html\" href=\"https:\/\/elpais.com\/us\/migracion\/2025-08-11\/el-miedo-a-las-redadas-del-ice-augura-un-aumento-del-absentismo-en-el-regreso-a-clases.html\" target=\"_self\" rel=\"\" data-link-track-dtm=\"\" data-mrf-link=\"https:\/\/elpais.com\/us\/migracion\/2025-08-11\/el-miedo-a-las-redadas-del-ice-augura-un-aumento-del-absentismo-en-el-regreso-a-clases.html\">Ni\u00f1os que han dejado de ir a la escuela,\u00a0<\/a>adultos que no acuden a sus trabajos por temor a ser detenidos e incluso evitan salir a la calle para no toparse con los agentes del ICE, se han convertido en historias comunes. Las redadas han cambiado la vida de la comunidad latina, incluidos los que son ciudadanos.<\/p>\n<p class=\"\">\u201cNumerosos ciudadanos estadounidenses y otras personas que residen legalmente en este pa\u00eds han sufrido graves intrusiones en su libertad. Muchos han sufrido lesiones f\u00edsicas; al menos dos fueron trasladados a un centro de detenci\u00f3n\u201d,\u00a0<a title=\"https:\/\/www.supremecourt.gov\/DocketPDF\/25\/25A169\/369495\/20250812161051533_25A169%20-%20Opposition%20to%20Stay.pdf\" href=\"https:\/\/www.supremecourt.gov\/DocketPDF\/25\/25A169\/369495\/20250812161051533_25A169%20-%20Opposition%20to%20Stay.pdf\" target=\"_blank\" rel=\"noopener\" data-link-track-dtm=\"\" data-mrf-link=\"https:\/\/www.supremecourt.gov\/DocketPDF\/25\/25A169\/369495\/20250812161051533_25A169%20-%20Opposition%20to%20Stay.pdf\">se lee en los documentos presentados ante el Alto Tribunal.<\/a>\u00a0\u201cY todos han tenido que soportar la perspectiva de futuras intrusiones inevitables basadas en amplios factores demogr\u00e1ficos, como el color de su piel\u201d.<\/p>\n<\/div>\n<\/div>\n","protected":false},"excerpt":{"rendered":"<p>&nbsp; &nbsp; &#8211; La Administraci\u00f3n solicita al Tribunal Supremo que suspenda la orden de un juez de California que prohibi\u00f3 arrestos basados en factores como&hellip;<\/p>\n","protected":false},"author":99,"featured_media":535051,"comment_status":"open","ping_status":"open","sticky":false,"template":"","format":"standard","meta":{"footnotes":""},"categories":[24],"tags":[],"class_list":["post-535050","post","type-post","status-publish","format-standard","has-post-thumbnail","hentry","category-mundo"],"_links":{"self":[{"href":"https:\/\/diarioelpopular.com\/index.php\/wp-json\/wp\/v2\/posts\/535050","targetHints":{"allow":["GET"]}}],"collection":[{"href":"https:\/\/diarioelpopular.com\/index.php\/wp-json\/wp\/v2\/posts"}],"about":[{"href":"https:\/\/diarioelpopular.com\/index.php\/wp-json\/wp\/v2\/types\/post"}],"author":[{"embeddable":true,"href":"https:\/\/diarioelpopular.com\/index.php\/wp-json\/wp\/v2\/users\/99"}],"replies":[{"embeddable":true,"href":"https:\/\/diarioelpopular.com\/index.php\/wp-json\/wp\/v2\/comments?post=535050"}],"version-history":[{"count":1,"href":"https:\/\/diarioelpopular.com\/index.php\/wp-json\/wp\/v2\/posts\/535050\/revisions"}],"predecessor-version":[{"id":535052,"href":"https:\/\/diarioelpopular.com\/index.php\/wp-json\/wp\/v2\/posts\/535050\/revisions\/535052"}],"wp:featuredmedia":[{"embeddable":true,"href":"https:\/\/diarioelpopular.com\/index.php\/wp-json\/wp\/v2\/media\/535051"}],"wp:attachment":[{"href":"https:\/\/diarioelpopular.com\/index.php\/wp-json\/wp\/v2\/media?parent=535050"}],"wp:term":[{"taxonomy":"category","embeddable":true,"href":"https:\/\/diarioelpopular.com\/index.php\/wp-json\/wp\/v2\/categories?post=535050"},{"taxonomy":"post_tag","embeddable":true,"href":"https:\/\/diarioelpopular.com\/index.php\/wp-json\/wp\/v2\/tags?post=535050"}],"curies":[{"name":"wp","href":"https:\/\/api.w.org\/{rel}","templated":true}]}}