{"id":535103,"date":"2025-08-16T09:15:19","date_gmt":"2025-08-16T13:15:19","guid":{"rendered":"https:\/\/diarioelpopular.com\/?p=535103"},"modified":"2025-08-16T09:15:19","modified_gmt":"2025-08-16T13:15:19","slug":"pareja-de-cafiches-acusados-de-44-delitos-en-caso-de-trata-de-personas-en-el-area-metropolitana-de-toronto","status":"publish","type":"post","link":"https:\/\/diarioelpopular.com\/index.php\/2025\/08\/16\/pareja-de-cafiches-acusados-de-44-delitos-en-caso-de-trata-de-personas-en-el-area-metropolitana-de-toronto\/","title":{"rendered":"Pareja de cafiches acusados de 44 delitos en caso de trata de personas en el \u00c1rea Metropolitana de Toronto"},"content":{"rendered":"<div id=\"attachment_535105\" style=\"width: 646px\" class=\"wp-caption alignnone\"><img loading=\"lazy\" decoding=\"async\" aria-describedby=\"caption-attachment-535105\" class=\"wp-image-535105 size-custom-full-size\" src=\"https:\/\/diarioelpopular.com\/wp-content\/uploads\/2025\/08\/Screen-Shot-2025-08-16-at-9.06.16-AM-636x478.png\" alt=\"\" width=\"636\" height=\"478\" srcset=\"https:\/\/diarioelpopular.com\/wp-content\/uploads\/2025\/08\/Screen-Shot-2025-08-16-at-9.06.16-AM-636x478.png 636w, https:\/\/diarioelpopular.com\/wp-content\/uploads\/2025\/08\/Screen-Shot-2025-08-16-at-9.06.16-AM-300x226.png 300w, https:\/\/diarioelpopular.com\/wp-content\/uploads\/2025\/08\/Screen-Shot-2025-08-16-at-9.06.16-AM-97x73.png 97w, https:\/\/diarioelpopular.com\/wp-content\/uploads\/2025\/08\/Screen-Shot-2025-08-16-at-9.06.16-AM.png 718w\" sizes=\"auto, (max-width: 636px) 100vw, 636px\" \/><p id=\"caption-attachment-535105\" class=\"wp-caption-text\">Tyrique Harmer, de 22 a\u00f1os y residente de Hamilton, enfrenta 22 cargos en relaci\u00f3n con una investigaci\u00f3n de trata de personas en Toronto. Foto: Polic\u00eda de Toronto.<\/p><\/div>\n<div id=\"attachment_535106\" style=\"width: 646px\" class=\"wp-caption alignnone\"><img loading=\"lazy\" decoding=\"async\" aria-describedby=\"caption-attachment-535106\" class=\"wp-image-535106 size-custom-full-size\" src=\"https:\/\/diarioelpopular.com\/wp-content\/uploads\/2025\/08\/Screen-Shot-2025-08-16-at-9.06.45-AM-636x780.png\" alt=\"\" width=\"636\" height=\"780\" srcset=\"https:\/\/diarioelpopular.com\/wp-content\/uploads\/2025\/08\/Screen-Shot-2025-08-16-at-9.06.45-AM-636x780.png 636w, https:\/\/diarioelpopular.com\/wp-content\/uploads\/2025\/08\/Screen-Shot-2025-08-16-at-9.06.45-AM-245x300.png 245w, https:\/\/diarioelpopular.com\/wp-content\/uploads\/2025\/08\/Screen-Shot-2025-08-16-at-9.06.45-AM-768x942.png 768w, https:\/\/diarioelpopular.com\/wp-content\/uploads\/2025\/08\/Screen-Shot-2025-08-16-at-9.06.45-AM-60x73.png 60w, https:\/\/diarioelpopular.com\/wp-content\/uploads\/2025\/08\/Screen-Shot-2025-08-16-at-9.06.45-AM.png 835w\" sizes=\"auto, (max-width: 636px) 100vw, 636px\" \/><p id=\"caption-attachment-535106\" class=\"wp-caption-text\">Maria Toth-Taddeo, de 21 a\u00f1os y residente de Toronto, enfrenta 22 cargos en relaci\u00f3n con una investigaci\u00f3n de trata de personas en Toronto. Foto POLIC\u00cdA DE TORONTO<\/p><\/div>\n<p>&nbsp;<\/p>\n<p>&nbsp;<\/p>\n<ul>\n<li><em><strong>Dos cafiches se enfrentan a 44 cargos combinados en una investigaci\u00f3n por trata de personas en el \u00c1rea Metropolitana de Toronto que comenz\u00f3 en junio.<\/strong><\/em><\/li>\n<\/ul>\n<p>&nbsp;<\/p>\n<p>Se dijo que, mediante una combinaci\u00f3n de enga\u00f1os, coerci\u00f3n y control, los acusados traficaron con v\u00edctimas femeninas de 14 y 17 a\u00f1os, y que el dinero que ganaron fue entregado a la pareja de acusados.<\/p>\n<p>Se inform\u00f3 adem\u00e1s que el acusado cre\u00f3 y administr\u00f3 los anuncios en l\u00ednea de servicios sexuales de las menores de edad, incluyendo la toma de fotograf\u00edas sexualizadas, y que las v\u00edctimas fueron transportadas a diferentes hoteles para reunirse con clientes para presar servicios sexuales.<\/p>\n<p>El jueves, Tyrique Harmer, de 22 a\u00f1os y residente de Hamilton, y Maria Toth-Taddeo, de 21 a\u00f1os y residente de Toronto, fueron arrestados y cada uno acusado de 14 cargos relacionados con trata y proxenetismo, cuatro cargos relacionados con armas de fuego y cuatro cargos relacionados con pornograf\u00eda infantil.<\/p>\n<p>Los investigadores creen que podr\u00eda haber m\u00e1s v\u00edctimas, y se anima a cualquier otra v\u00edctima a contactar a la polic\u00eda de forma confidencial.<\/p>\n<p>Se solicita a cualquier persona que tenga informaci\u00f3n que contacte a la polic\u00eda al 416-808-4838 o a humantrafficking@torontopolice.on.ca, o a Crime Stoppers de forma an\u00f3nima al 416-222-TIPS (8477) o al 222tips.com.<\/p>\n<p><em><strong>Polic\u00eda solicita ayuda en allanamiento<\/strong><\/em><\/p>\n<p>La Polic\u00eda de Toronto solicita la colaboraci\u00f3n del p\u00fablico para identificar a dos ladrones en relaci\u00f3n con un allanamiento de morada.<\/p>\n<p>Se report\u00f3 que el 1 de agosto a las 3:56 p. m., en la zona de Woodbine Ave. y Queen St., un hombre y una mujer ingresaron a un edificio de condominios siguiendo a un residente y entraron en una unidad mientras las v\u00edctimas no estaban en casa.<\/p>\n<p>La polic\u00eda inform\u00f3 que la v\u00edctima regres\u00f3 a su residencia y encontr\u00f3 all\u00ed a los dos ladrones, quienes huyeron y se llevaron pertenencias de las v\u00edctimas.<\/p>\n<p>El primero es un hombre de aproximadamente 1,83 metros, de entre 30 y 35 a\u00f1os, de complexi\u00f3n promedio, cabello oscuro y barba negra. Fue visto por \u00faltima vez con una camiseta gris, pantalones cortos oscuros, una gorra de b\u00e9isbol y zapatillas blancas.<\/p>\n<p>La mujer de aproximadamente 1,73 metros, de entre 30 y 35 a\u00f1os, de complexi\u00f3n promedio y cabello largo y negro. Fue vista por \u00faltima vez con un su\u00e9ter beige de cuello redondo, mallas negras y zapatillas negras.<\/p>\n<p>Se solicita a cualquier persona que tenga informaci\u00f3n que se comunique con la polic\u00eda al 416-808-5500, con Crime Stoppers de forma an\u00f3nima al 416-222-TIPS (8477) o en 222tips.com.<\/p>\n<p>Tyrique Harmer, de 22 a\u00f1os y residente de Hamilton, enfrenta 22 cargos en relaci\u00f3n con una investigaci\u00f3n de trata de personas en Toronto. Foto: Polic\u00eda de Toronto.<\/p>\n<p>&nbsp;<\/p>\n","protected":false},"excerpt":{"rendered":"<p>&nbsp; &nbsp; Dos cafiches se enfrentan a 44 cargos combinados en una investigaci\u00f3n por trata de personas en el \u00c1rea Metropolitana de Toronto que comenz\u00f3&hellip;<\/p>\n","protected":false},"author":99,"featured_media":535105,"comment_status":"open","ping_status":"open","sticky":false,"template":"","format":"standard","meta":{"footnotes":""},"categories":[11364],"tags":[],"class_list":["post-535103","post","type-post","status-publish","format-standard","has-post-thumbnail","hentry","category-toronto-gta"],"_links":{"self":[{"href":"https:\/\/diarioelpopular.com\/index.php\/wp-json\/wp\/v2\/posts\/535103","targetHints":{"allow":["GET"]}}],"collection":[{"href":"https:\/\/diarioelpopular.com\/index.php\/wp-json\/wp\/v2\/posts"}],"about":[{"href":"https:\/\/diarioelpopular.com\/index.php\/wp-json\/wp\/v2\/types\/post"}],"author":[{"embeddable":true,"href":"https:\/\/diarioelpopular.com\/index.php\/wp-json\/wp\/v2\/users\/99"}],"replies":[{"embeddable":true,"href":"https:\/\/diarioelpopular.com\/index.php\/wp-json\/wp\/v2\/comments?post=535103"}],"version-history":[{"count":1,"href":"https:\/\/diarioelpopular.com\/index.php\/wp-json\/wp\/v2\/posts\/535103\/revisions"}],"predecessor-version":[{"id":535107,"href":"https:\/\/diarioelpopular.com\/index.php\/wp-json\/wp\/v2\/posts\/535103\/revisions\/535107"}],"wp:featuredmedia":[{"embeddable":true,"href":"https:\/\/diarioelpopular.com\/index.php\/wp-json\/wp\/v2\/media\/535105"}],"wp:attachment":[{"href":"https:\/\/diarioelpopular.com\/index.php\/wp-json\/wp\/v2\/media?parent=535103"}],"wp:term":[{"taxonomy":"category","embeddable":true,"href":"https:\/\/diarioelpopular.com\/index.php\/wp-json\/wp\/v2\/categories?post=535103"},{"taxonomy":"post_tag","embeddable":true,"href":"https:\/\/diarioelpopular.com\/index.php\/wp-json\/wp\/v2\/tags?post=535103"}],"curies":[{"name":"wp","href":"https:\/\/api.w.org\/{rel}","templated":true}]}}