{"id":535137,"date":"2025-08-17T12:46:17","date_gmt":"2025-08-17T16:46:17","guid":{"rendered":"https:\/\/diarioelpopular.com\/?p=535137"},"modified":"2025-08-17T12:46:17","modified_gmt":"2025-08-17T16:46:17","slug":"amazonia-bajo-amenaza-ni-solo-narcotrafico-ni-solo-grupos-armados","status":"publish","type":"post","link":"https:\/\/diarioelpopular.com\/index.php\/2025\/08\/17\/amazonia-bajo-amenaza-ni-solo-narcotrafico-ni-solo-grupos-armados\/","title":{"rendered":"\u2018Amazon\u00eda bajo amenaza\u2019: ni solo narcotr\u00e1fico ni solo grupos armados"},"content":{"rendered":"<div id=\"attachment_535138\" style=\"width: 1210px\" class=\"wp-caption alignnone\"><img loading=\"lazy\" decoding=\"async\" aria-describedby=\"caption-attachment-535138\" class=\"wp-image-535138 size-custom-big-size\" src=\"https:\/\/diarioelpopular.com\/wp-content\/uploads\/2025\/08\/Screen-Shot-2025-08-17-at-12.45.14-PM-1200x801.png\" alt=\"\" width=\"1200\" height=\"801\" srcset=\"https:\/\/diarioelpopular.com\/wp-content\/uploads\/2025\/08\/Screen-Shot-2025-08-17-at-12.45.14-PM-1200x801.png 1200w, https:\/\/diarioelpopular.com\/wp-content\/uploads\/2025\/08\/Screen-Shot-2025-08-17-at-12.45.14-PM-300x200.png 300w, https:\/\/diarioelpopular.com\/wp-content\/uploads\/2025\/08\/Screen-Shot-2025-08-17-at-12.45.14-PM-768x512.png 768w, https:\/\/diarioelpopular.com\/wp-content\/uploads\/2025\/08\/Screen-Shot-2025-08-17-at-12.45.14-PM-636x424.png 636w, https:\/\/diarioelpopular.com\/wp-content\/uploads\/2025\/08\/Screen-Shot-2025-08-17-at-12.45.14-PM-109x73.png 109w, https:\/\/diarioelpopular.com\/wp-content\/uploads\/2025\/08\/Screen-Shot-2025-08-17-at-12.45.14-PM.png 1024w\" sizes=\"auto, (max-width: 1200px) 100vw, 1200px\" \/><p id=\"caption-attachment-535138\" class=\"wp-caption-text\">Presencia del grupo armado &#8216;Comandos de la frontera&#8217; en Puerto Legu\u00edzamo, Putumayo (Colombia), el 9 de febrero de 2025.\u00a0 Foto Diego Cuevas<\/p><\/div>\n<p>&nbsp;<\/p>\n<div class=\"a_e_txt _df\">\n<h4 class=\"a_st\"><em>&#8211; Un conversatorio sobre los retos de la selva mejor conservada del planeta se\u00f1ala que sus amenazas son m\u00faltiples y deben ser enfrentadas de forma transfronteriza<\/em><\/h4>\n<\/div>\n<div class=\"a_e_m\"><\/div>\n<div><\/div>\n<div>\n<p class=\"\">La Amazonia es la selva mejor conservada del planeta y a la vez la m\u00e1s amenazada. La cercan tanto los grupos armados ilegales que se pelean las rentas del oro, la coca, la madera, la marihuana y las tierras raras, como los grandes proyectos de desarrollo convencional, desde v\u00edas hasta proyectos energ\u00e9ticos y de miner\u00eda. Protegerla pasa por entender que la respuesta a esas amenazas diversas depende de pol\u00edticas p\u00fablicas que no se pueden pensar en t\u00e9rminos de fronteras, sino en la uni\u00f3n de esfuerzos de los ocho pa\u00edses de la cuenca. Esta fue la principal conclusi\u00f3n del conversatorio \u2018<a title=\"https:\/\/elpais.com\/america-colombia\/2025-08-14\/amazonia-bajo-amenaza-el-debate-sobre-una-selva-vital-pero-cercada.html\" href=\"https:\/\/elpais.com\/america-colombia\/2025-08-14\/amazonia-bajo-amenaza-el-debate-sobre-una-selva-vital-pero-cercada.html\" target=\"_self\" rel=\"\" data-link-track-dtm=\"\" data-mrf-link=\"https:\/\/elpais.com\/america-colombia\/2025-08-14\/amazonia-bajo-amenaza-el-debate-sobre-una-selva-vital-pero-cercada.html\">Amazon\u00eda bajo amenaza: desaf\u00edos y oportunidades para la gobernanza regional\u2019<\/a>, realizado este jueves en Bogot\u00e1 y organizado por la Fundaci\u00f3n para la Conservaci\u00f3n y el Desarrollo Sostenible, FCDS, la Embajada de Alemania en Colombia, la Iniciativa Global contra la Delincuencia Organizada Transnacional, GI-TOC, y la Universidad de los Andes.<\/p>\n<p class=\"\">\u201cEn el coraz\u00f3n del debate est\u00e1 la cuesti\u00f3n de la regulaci\u00f3n de las econom\u00edas que expanden la frontera agraria, m\u00e1s all\u00e1 de la divisi\u00f3n entre econom\u00edas legales e ilegales\u201d, dijo Francisco Guti\u00e9rrez San\u00edn, director cient\u00edfico del Observatorio de Restituci\u00f3n de Tierras. El acad\u00e9mico abri\u00f3 el primer panel, moderado por Melina Risso, directora de Investigaci\u00f3n del Instituto Igarap\u00e9 de Brasil. El centro de la discusi\u00f3n fue la convergencia de las diversas econom\u00edas il\u00edcitas. \u201cYa tenemos mucha informaci\u00f3n, ese no es el problema. El problema es la debilidad institucional y la falta de voluntad pol\u00edtica para enfrentarlas\u201d, se\u00f1al\u00f3 la congresista Julia Miranda, durante casi 17 a\u00f1os directora de Parques Nacionales Naturales de Colombia.<\/p>\n<p class=\"\">En la charla, fue claro el consenso de los expertos y los funcionarios en no reducir el problema al actuar de las\u00a0<a title=\"https:\/\/elpais.com\/america-colombia\/2025-01-30\/la-fragmentacion-de-las-disidencias-de-las-farc-activa-las-alertas-para-la-amazonia-colombiana.html\" href=\"https:\/\/elpais.com\/america-colombia\/2025-01-30\/la-fragmentacion-de-las-disidencias-de-las-farc-activa-las-alertas-para-la-amazonia-colombiana.html\" target=\"_self\" rel=\"\" data-link-track-dtm=\"\" data-mrf-link=\"https:\/\/elpais.com\/america-colombia\/2025-01-30\/la-fragmentacion-de-las-disidencias-de-las-farc-activa-las-alertas-para-la-amazonia-colombiana.html\">organizaciones criminales<\/a>. \u201cNo son solo los grupos ilegales los que van de una econom\u00eda a otra, sino otros actores. Eso hace que la respuesta de pol\u00edtica p\u00fablica sea muy compleja\u201d, explic\u00f3 Mar\u00eda Alejandra V\u00e9lez, directora del Centro de Estudios sobre Seguridad y Drogas de la Universidad de los Andes. La polit\u00f3loga tambi\u00e9n hizo \u00e9nfasis en que algunas pol\u00edticas han resultado nocivas para el medio ambiente, como el programa de sustituci\u00f3n de cultivos de uso il\u00edcito en Colombia. Junto a otros autores, ella demuestra en un\u00a0<a href=\"https:\/\/repositorio.uniandes.edu.co\/entities\/publication\/21535338-eab8-4145-934c-a7e54b6c2fd9\" rel=\"\" data-link-track-dtm=\"\" data-mrf-link=\"https:\/\/repositorio.uniandes.edu.co\/entities\/publication\/21535338-eab8-4145-934c-a7e54b6c2fd9\">estudio<\/a>\u00a0que la bonanza cocalera de 2014 a 2019, impulsada en parte por ese programa, dispar\u00f3 la deforestaci\u00f3n, que increment\u00f3 en 104% en el pa\u00eds. Tambi\u00e9n encontraron un aumento del 302% en la conversi\u00f3n de tierras a pastizales para la ganader\u00eda en la regi\u00f3n amaz\u00f3nica, un dato que muestra la suma de amenazas a ese bioma.<\/p>\n<p class=\"\">Si unas pol\u00edticas afectan la Amazonia, otras se quedan cortas. \u201cA la hora de dar soluciones\u00a0<a title=\"https:\/\/elpais.com\/america\/amazonia-sin-fronteras\/2025-03-27\/satelites-drones-e-inteligencia-artificial-la-tecnologia-ayuda-a-proteger-la-amazonia.html\" href=\"https:\/\/elpais.com\/america\/amazonia-sin-fronteras\/2025-03-27\/satelites-drones-e-inteligencia-artificial-la-tecnologia-ayuda-a-proteger-la-amazonia.html\" target=\"_self\" rel=\"\" data-link-track-dtm=\"\" data-mrf-link=\"https:\/\/elpais.com\/america\/amazonia-sin-fronteras\/2025-03-27\/satelites-drones-e-inteligencia-artificial-la-tecnologia-ayuda-a-proteger-la-amazonia.html\">hay que innovar<\/a>. Por ejemplo, pensar en c\u00f3mo cortamos los flujos de mercurio\u201d, argument\u00f3 Felipe Botero, Jefe de la Oficina Regional Andina de GI-TOC, refiri\u00e9ndose a las operaciones militares contra la miner\u00eda ilegal que, aunque necesarias, resultan insuficientes. En r\u00edos como el Pur\u00e9, que conecta la Amazonia colombiana con la brasilera, han destruido las dragas, que las organizaciones criminales sencillamente reemplazan con otras. Adem\u00e1s, los costos y la capacidad log\u00edstica juegan en contra de esas acciones. \u201cUn despliegue operacional en los tres r\u00edos m\u00e1s afectados por la explotaci\u00f3n de oro implica mover dos aeronaves por m\u00e1s de 275 millas n\u00e1uticas. Como su capacidad es de 180 millas n\u00e1uticas, requieren puntos de reabastecimiento en medio de la selva con 10.000 galones de combustible\u201d, se\u00f1al\u00f3 Jorge Bernal Granada, coronel y vocero de la Polic\u00eda de Colombia, quien record\u00f3 que en muchos de estos operativos se filtra la informaci\u00f3n, lo que afecta sus resultados.<\/p>\n<p class=\"\">Ante semejantes desaf\u00edos, la discusi\u00f3n se centr\u00f3 en qu\u00e9 debe cambiar. Esto puede ir desde perseguir los insumos que hacen posible la miner\u00eda ilegal, como se\u00f1al\u00f3 Botero, hasta fortalecer la trazabilidad en toda la cadena, con mejores sistemas contra el lavado de activos. \u201cNuestros sistemas fueron dise\u00f1ados hace 40 a\u00f1os, pensados en la lucha contra el narcotr\u00e1fico. No necesariamente sirven para otros delitos, como la miner\u00eda ilegal de oro\u201d, explic\u00f3 Julia Yansura, de la Coalici\u00f3n de Responsabilidad Financiera y Transparencia Corporativa (FACT). Esa organizaci\u00f3n public\u00f3 un\u00a0<a href=\"https:\/\/thefactcoalition.org\/un-nuevo-informe-senala-a-los-ee-uu-como-la-jurisdiccion-de-preferencia-de-los-delincuentes-ambientales-para-ocultar-el-dinero-sucio\/\" rel=\"\" data-link-track-dtm=\"\" data-mrf-link=\"https:\/\/thefactcoalition.org\/un-nuevo-informe-senala-a-los-ee-uu-como-la-jurisdiccion-de-preferencia-de-los-delincuentes-ambientales-para-ocultar-el-dinero-sucio\/\">informe<\/a>\u00a0el a\u00f1o pasado que mapea m\u00e1s de 230 casos de delitos contra el medio ambiente. Concluye que suelen usar empresas fantasma para lavar el dinero producto de ellos y que Estados Unidos es uno de los principales destinos de las ganancias il\u00edcitas que se extraen de la Amazonia.<\/p>\n<p class=\"\">Este panorama muestra que los delitos que afectan a la regi\u00f3n tienen\u00a0<a title=\"https:\/\/elpais.com\/america\/amazonia-sin-fronteras\/2024-11-29\/los-grupos-narcotraficantes-de-colombia-y-ecuador-se-enfrentan-en-la-frontera-amazonica-por-el-negocio-de-la-coca.html\" href=\"https:\/\/elpais.com\/america\/amazonia-sin-fronteras\/2024-11-29\/los-grupos-narcotraficantes-de-colombia-y-ecuador-se-enfrentan-en-la-frontera-amazonica-por-el-negocio-de-la-coca.html\" target=\"_self\" rel=\"\" data-link-track-dtm=\"\" data-mrf-link=\"https:\/\/elpais.com\/america\/amazonia-sin-fronteras\/2024-11-29\/los-grupos-narcotraficantes-de-colombia-y-ecuador-se-enfrentan-en-la-frontera-amazonica-por-el-negocio-de-la-coca.html\">ramificaciones globales<\/a>. \u201cLa criminalidad ambiental se ha desbordado en los \u00faltimos a\u00f1os. Hoy es el cuarto delito transnacional m\u00e1s importante del mundo\u201d, resalt\u00f3 Mauricio Cabrera, viceministro de Ambiente de Colombia, durante el segundo panel, enfocado en las respuestas institucionales y moderado por Mar\u00eda Margarita Zuleta, directora de la Escuela de Gobierno de Los Andes. El funcionario hizo \u00e9nfasis en que hace falta un acuerdo vinculante que vaya m\u00e1s all\u00e1 de los pa\u00edses amaz\u00f3nicos y permita la\u00a0<a title=\"https:\/\/elpais.com\/america-futura\/2024-10-30\/un-plan-para-que-la-sed-de-minerales-clave-para-la-transicion-energetica-no-acabe-con-los-ecosistemas.html\" href=\"https:\/\/elpais.com\/america-futura\/2024-10-30\/un-plan-para-que-la-sed-de-minerales-clave-para-la-transicion-energetica-no-acabe-con-los-ecosistemas.html\" target=\"_self\" rel=\"\" data-link-track-dtm=\"\" data-mrf-link=\"https:\/\/elpais.com\/america-futura\/2024-10-30\/un-plan-para-que-la-sed-de-minerales-clave-para-la-transicion-energetica-no-acabe-con-los-ecosistemas.html\">trazabilidad en la cadena de minerales<\/a>. Algo similar opin\u00f3 Carlos Montoya, director de Seguridad Ciudadana del Ministerio de Defensa de Colombia, quien se\u00f1al\u00f3 que han priorizado fortalecer los centros de inteligencia compartida entre pa\u00edses, como el que existe en Puerto Legu\u00edzamo, Putumayo, entre las instituciones colombiana, peruana, ecuatoriana y brasilera.<\/p>\n<p class=\"\">El trabajo conjunto va hasta la coordinaci\u00f3n legislativa y judicial, se\u00f1al\u00f3 Ower Gerardo Qui\u00f1ones, hasta hace poco director en delitos contra los Recursos Naturales y el Medio Ambiente de la Fiscal\u00eda colombiana. \u201cEl primer problema es jur\u00eddico, porque cada pa\u00eds tiene una legislaci\u00f3n diferente\u201d, dijo. Adem\u00e1s, pueden tardar meses los intercambios de pruebas para determinar si algo que es delito en un pa\u00eds lo es tambi\u00e9n en otro. \u201cLa ruta de todos los delitos converge en una sola soluci\u00f3n: dejemos de mirar la mina y miremos el contorno. Encontramos grupos que hacen outsourcing, que antes no se un\u00edan y ahora s\u00ed\u201d, a\u00f1adi\u00f3.<\/p>\n<p class=\"\">Estos debates se dan justo una semana antes de la V Cumbre de presidentes de los Estados Parte del Tratado de Cooperaci\u00f3n Amaz\u00f3nica. En este encuentro, que ser\u00e1 el pr\u00f3ximo viernes 22 de agosto en Bogot\u00e1, los mandatarios de Bolivia, Brasil, Colombia, Ecuador, Guyana, Per\u00fa, Surinam y Venezuela, tendr\u00e1n que definir compromisos frente a esta selva.<\/p>\n<\/div>\n","protected":false},"excerpt":{"rendered":"<p>&nbsp; &#8211; Un conversatorio sobre los retos de la selva mejor conservada del planeta se\u00f1ala que sus amenazas son m\u00faltiples y deben ser enfrentadas de&hellip;<\/p>\n","protected":false},"author":99,"featured_media":535138,"comment_status":"open","ping_status":"open","sticky":false,"template":"","format":"standard","meta":{"footnotes":""},"categories":[23],"tags":[],"class_list":["post-535137","post","type-post","status-publish","format-standard","has-post-thumbnail","hentry","category-latinoamerica"],"_links":{"self":[{"href":"https:\/\/diarioelpopular.com\/index.php\/wp-json\/wp\/v2\/posts\/535137","targetHints":{"allow":["GET"]}}],"collection":[{"href":"https:\/\/diarioelpopular.com\/index.php\/wp-json\/wp\/v2\/posts"}],"about":[{"href":"https:\/\/diarioelpopular.com\/index.php\/wp-json\/wp\/v2\/types\/post"}],"author":[{"embeddable":true,"href":"https:\/\/diarioelpopular.com\/index.php\/wp-json\/wp\/v2\/users\/99"}],"replies":[{"embeddable":true,"href":"https:\/\/diarioelpopular.com\/index.php\/wp-json\/wp\/v2\/comments?post=535137"}],"version-history":[{"count":1,"href":"https:\/\/diarioelpopular.com\/index.php\/wp-json\/wp\/v2\/posts\/535137\/revisions"}],"predecessor-version":[{"id":535139,"href":"https:\/\/diarioelpopular.com\/index.php\/wp-json\/wp\/v2\/posts\/535137\/revisions\/535139"}],"wp:featuredmedia":[{"embeddable":true,"href":"https:\/\/diarioelpopular.com\/index.php\/wp-json\/wp\/v2\/media\/535138"}],"wp:attachment":[{"href":"https:\/\/diarioelpopular.com\/index.php\/wp-json\/wp\/v2\/media?parent=535137"}],"wp:term":[{"taxonomy":"category","embeddable":true,"href":"https:\/\/diarioelpopular.com\/index.php\/wp-json\/wp\/v2\/categories?post=535137"},{"taxonomy":"post_tag","embeddable":true,"href":"https:\/\/diarioelpopular.com\/index.php\/wp-json\/wp\/v2\/tags?post=535137"}],"curies":[{"name":"wp","href":"https:\/\/api.w.org\/{rel}","templated":true}]}}