{"id":535188,"date":"2025-08-19T19:10:49","date_gmt":"2025-08-19T23:10:49","guid":{"rendered":"https:\/\/diarioelpopular.com\/?p=535188"},"modified":"2025-08-19T19:10:49","modified_gmt":"2025-08-19T23:10:49","slug":"la-justicia-ordena-la-libertad-inmediata-del-expresidente-alvaro-uribe","status":"publish","type":"post","link":"https:\/\/diarioelpopular.com\/index.php\/2025\/08\/19\/la-justicia-ordena-la-libertad-inmediata-del-expresidente-alvaro-uribe\/","title":{"rendered":"La justicia ordena la libertad inmediata del expresidente \u00c1lvaro Uribe"},"content":{"rendered":"<div id=\"attachment_535189\" style=\"width: 1210px\" class=\"wp-caption alignnone\"><img loading=\"lazy\" decoding=\"async\" aria-describedby=\"caption-attachment-535189\" class=\"wp-image-535189 size-custom-big-size\" src=\"https:\/\/diarioelpopular.com\/wp-content\/uploads\/2025\/08\/Screen-Shot-2025-08-19-at-7.10.06-PM-1200x708.png\" alt=\"\" width=\"1200\" height=\"708\" srcset=\"https:\/\/diarioelpopular.com\/wp-content\/uploads\/2025\/08\/Screen-Shot-2025-08-19-at-7.10.06-PM-1200x708.png 1200w, https:\/\/diarioelpopular.com\/wp-content\/uploads\/2025\/08\/Screen-Shot-2025-08-19-at-7.10.06-PM-300x177.png 300w, https:\/\/diarioelpopular.com\/wp-content\/uploads\/2025\/08\/Screen-Shot-2025-08-19-at-7.10.06-PM-768x453.png 768w, https:\/\/diarioelpopular.com\/wp-content\/uploads\/2025\/08\/Screen-Shot-2025-08-19-at-7.10.06-PM-636x375.png 636w, https:\/\/diarioelpopular.com\/wp-content\/uploads\/2025\/08\/Screen-Shot-2025-08-19-at-7.10.06-PM-124x73.png 124w, https:\/\/diarioelpopular.com\/wp-content\/uploads\/2025\/08\/Screen-Shot-2025-08-19-at-7.10.06-PM.png 1024w\" sizes=\"auto, (max-width: 1200px) 100vw, 1200px\" \/><p id=\"caption-attachment-535189\" class=\"wp-caption-text\">El expresidente de Colombia, \u00c1lvaro Uribe V\u00e9lez. Foto Long Visual Press (Getty Images)<\/p><\/div>\n<p>&nbsp;<\/p>\n<p>&nbsp;<\/p>\n<h4 class=\"a_st\"><em>&#8211; El Tribunal Superior de Bogot\u00e1 falla una tutela a favor de la cabeza de la derecha colombiana y revoca la detenci\u00f3n domiciliaria hasta que la segunda instancia defina el proceso penal por el que ha sido condenado<\/em><\/h4>\n<p>&nbsp;<\/p>\n<p class=\"\">El Tribunal Superior de Bogot\u00e1 ha fallado en la tarde de este martes una tutela a favor del expresidente\u00a0<a title=\"https:\/\/elpais.com\/especiales\/2020\/alvaro-uribe\/\" href=\"https:\/\/elpais.com\/especiales\/2020\/alvaro-uribe\/\" target=\"_self\" rel=\"\" data-link-track-dtm=\"\" data-mrf-link=\"https:\/\/elpais.com\/especiales\/2020\/alvaro-uribe\/\">\u00c1lvaro Uribe V\u00e9lez<\/a>. La sentencia, que ampara sus derechos fundamentales y es diferente al proceso penal que enfrenta, ordena la libertad inmediata para el exmandatario y revoca la detenci\u00f3n domiciliaria hasta que el mismo tribunal defina en segunda instancia su caso. La decisi\u00f3n se da dos semanas despu\u00e9s de que la jueza Sandra Heredia\u00a0<a title=\"https:\/\/elpais.com\/america-colombia\/2025-08-01\/la-justicia-sentencia-a-alvaro-uribe-a-doce-anos-en-prision-domiciliaria.html\" href=\"https:\/\/elpais.com\/america-colombia\/2025-08-01\/la-justicia-sentencia-a-alvaro-uribe-a-doce-anos-en-prision-domiciliaria.html\" target=\"_self\" rel=\"\" data-link-track-dtm=\"\" data-mrf-link=\"https:\/\/elpais.com\/america-colombia\/2025-08-01\/la-justicia-sentencia-a-alvaro-uribe-a-doce-anos-en-prision-domiciliaria.html\">lo condenara a 12 a\u00f1os de prisi\u00f3n por hallarlo culpable de los delitos de soborno en actuaci\u00f3n penal y fraude procesal<\/a>, y le ordenara la prisi\u00f3n domiciliaria inmediatamente.<\/p>\n<p class=\"\">\u201cDejar sin efecto el numeral cuarto del fallo proferido el 1\u00b0 de agosto de 2025, por el Juzgado 44 Penal del Circuito de Bogot\u00e1, en cuanto orden\u00f3 la privaci\u00f3n inmediata de la libertad del ciudadano \u00c1lvaro Uribe V\u00e9lez; hasta tanto la correspondiente sala de decisi\u00f3n penal, de este Tribunal defina el recurso de apelaci\u00f3n interpuesto contra esa determinaci\u00f3n de primera instancia. En consecuencia, disponer que el juzgado accionado de manera inmediata, expida la boleta de libertad a favor del tutelante\u201d, se lee en la decisi\u00f3n de este martes.<\/p>\n<div id=\"elpais_gpt-INTEXT\" data-google-query-id=\"CL_v4oP_l48DFZu8pgQdxi88NA\">\n<div id=\"google_ads_iframe_7811748\/elpais_colombia_web_5__container__\" class=\"primisslate\">\n<div id=\"primis_container_div_68a5040396ae4\">\n<p class=\"\">Esta decisi\u00f3n, firmada por los magistrados Leonel Rogeles Moreno y Aura Alexandra Rosero, no hace referencia al fondo de la condena ni a las pruebas que expuso la jueza. Se refiere, simplemente, a que Uribe puede esperar la decisi\u00f3n final de la apelaci\u00f3n en libertad. La decisi\u00f3n del tribunal sobre la tutela explica que los criterios utilizados por la jueza para justificar la necesidad de la medida de detenci\u00f3n fueron \u201cvagos, indeterminados e imprecisos\u201d. El fallo concluye: \u201cEs ininteligible por qu\u00e9 esta privaci\u00f3n de la libertad es necesaria para la convivencia pac\u00edfica y el orden social\u201d.<\/p>\n<p class=\"\">De acuerdo con los magistrados firmantes, en este caso la restricci\u00f3n de la libertad al expresidente Uribe resulta \u201cdesproporcionada en cuanto prevalece la presunci\u00f3n de inocencia hasta que la decisi\u00f3n condenatoria cobre ejecutoria\u201d.<\/p>\n<p class=\"\">La decisi\u00f3n fue celebrada por Gabriel Vallejo, director del Centro Democr\u00e1tico. \u201cEs una gran noticia para el pa\u00eds, para el partido Centro Democr\u00e1tico, pero sobre todo para el expresidente \u00c1lvaro Uribe que seguir\u00e1 defendi\u00e9ndose en libertad\u201d. El senador estadounidense Bernie Moreno, del partido Republicano, se sum\u00f3 a las voces de celebraci\u00f3n: \u201cGran noticia desde Colombia. Un alto tribunal de Bogot\u00e1 orden\u00f3 la liberaci\u00f3n inmediata del expresidente Uribe. La democracia prospera cuando un pa\u00eds cuenta con instituciones s\u00f3lidas. Esta decisi\u00f3n de hoy es una victoria tanto para Colombia como para la familia Uribe\u201d.<\/p>\n<p class=\"\">\n<p class=\"\">\n<\/div>\n<\/div>\n<\/div>\n","protected":false},"excerpt":{"rendered":"<p>&nbsp; &nbsp; &#8211; El Tribunal Superior de Bogot\u00e1 falla una tutela a favor de la cabeza de la derecha colombiana y revoca la detenci\u00f3n domiciliaria&hellip;<\/p>\n","protected":false},"author":99,"featured_media":535189,"comment_status":"open","ping_status":"open","sticky":false,"template":"","format":"standard","meta":{"footnotes":""},"categories":[23],"tags":[],"class_list":["post-535188","post","type-post","status-publish","format-standard","has-post-thumbnail","hentry","category-latinoamerica"],"_links":{"self":[{"href":"https:\/\/diarioelpopular.com\/index.php\/wp-json\/wp\/v2\/posts\/535188","targetHints":{"allow":["GET"]}}],"collection":[{"href":"https:\/\/diarioelpopular.com\/index.php\/wp-json\/wp\/v2\/posts"}],"about":[{"href":"https:\/\/diarioelpopular.com\/index.php\/wp-json\/wp\/v2\/types\/post"}],"author":[{"embeddable":true,"href":"https:\/\/diarioelpopular.com\/index.php\/wp-json\/wp\/v2\/users\/99"}],"replies":[{"embeddable":true,"href":"https:\/\/diarioelpopular.com\/index.php\/wp-json\/wp\/v2\/comments?post=535188"}],"version-history":[{"count":1,"href":"https:\/\/diarioelpopular.com\/index.php\/wp-json\/wp\/v2\/posts\/535188\/revisions"}],"predecessor-version":[{"id":535190,"href":"https:\/\/diarioelpopular.com\/index.php\/wp-json\/wp\/v2\/posts\/535188\/revisions\/535190"}],"wp:featuredmedia":[{"embeddable":true,"href":"https:\/\/diarioelpopular.com\/index.php\/wp-json\/wp\/v2\/media\/535189"}],"wp:attachment":[{"href":"https:\/\/diarioelpopular.com\/index.php\/wp-json\/wp\/v2\/media?parent=535188"}],"wp:term":[{"taxonomy":"category","embeddable":true,"href":"https:\/\/diarioelpopular.com\/index.php\/wp-json\/wp\/v2\/categories?post=535188"},{"taxonomy":"post_tag","embeddable":true,"href":"https:\/\/diarioelpopular.com\/index.php\/wp-json\/wp\/v2\/tags?post=535188"}],"curies":[{"name":"wp","href":"https:\/\/api.w.org\/{rel}","templated":true}]}}