{"id":535207,"date":"2025-08-20T08:37:16","date_gmt":"2025-08-20T12:37:16","guid":{"rendered":"https:\/\/diarioelpopular.com\/?p=535207"},"modified":"2025-08-20T08:37:16","modified_gmt":"2025-08-20T12:37:16","slug":"la-justicia-peruana-suspende-las-investigaciones-contra-boluarte-hasta-que-concluya-su-mandato","status":"publish","type":"post","link":"https:\/\/diarioelpopular.com\/index.php\/2025\/08\/20\/la-justicia-peruana-suspende-las-investigaciones-contra-boluarte-hasta-que-concluya-su-mandato\/","title":{"rendered":"La justicia peruana suspende las investigaciones contra Boluarte hasta que concluya su mandato"},"content":{"rendered":"<div id=\"attachment_535208\" style=\"width: 1210px\" class=\"wp-caption alignnone\"><img loading=\"lazy\" decoding=\"async\" aria-describedby=\"caption-attachment-535208\" class=\"wp-image-535208 size-custom-big-size\" src=\"https:\/\/diarioelpopular.com\/wp-content\/uploads\/2025\/08\/Screen-Shot-2025-08-20-at-8.36.25-AM-1200x691.png\" alt=\"\" width=\"1200\" height=\"691\" srcset=\"https:\/\/diarioelpopular.com\/wp-content\/uploads\/2025\/08\/Screen-Shot-2025-08-20-at-8.36.25-AM-1200x691.png 1200w, https:\/\/diarioelpopular.com\/wp-content\/uploads\/2025\/08\/Screen-Shot-2025-08-20-at-8.36.25-AM-300x173.png 300w, https:\/\/diarioelpopular.com\/wp-content\/uploads\/2025\/08\/Screen-Shot-2025-08-20-at-8.36.25-AM-768x442.png 768w, https:\/\/diarioelpopular.com\/wp-content\/uploads\/2025\/08\/Screen-Shot-2025-08-20-at-8.36.25-AM-636x366.png 636w, https:\/\/diarioelpopular.com\/wp-content\/uploads\/2025\/08\/Screen-Shot-2025-08-20-at-8.36.25-AM-127x73.png 127w, https:\/\/diarioelpopular.com\/wp-content\/uploads\/2025\/08\/Screen-Shot-2025-08-20-at-8.36.25-AM.png 1024w\" sizes=\"auto, (max-width: 1200px) 100vw, 1200px\" \/><p id=\"caption-attachment-535208\" class=\"wp-caption-text\">Dina Boluarte, en Lima, Per\u00fa el el 28 de Julio 2025. Foto John Reyes (EFE)<\/p><\/div>\n<p>&nbsp;<\/p>\n<h4 class=\"a_st\"><em>&#8211; Un fallo del Tribunal Constitucional limita los alcances de la Fiscal\u00eda para investigar a los pr\u00f3ximos presidentes<\/em><\/h4>\n<p>&nbsp;<\/p>\n<p class=\"\">El Tribunal Constitucional de Per\u00fa orden\u00f3 este martes la suspensi\u00f3n de las investigaciones que implican a la presidente, Dina Boluarte, hasta julio de 2026, cuando termina su mandato. Los magistrados alegan que los fiscales \u201cmenoscabaron las competencias\u201d de la jefa de Estado al implicarla en presuntos delitos que no est\u00e1n contemplados en el art\u00edculo 117 de la Constituci\u00f3n.<\/p>\n<p class=\"\">Los representantes de la m\u00e1xima entidad de justicia han remarcado que solo procede una acusaci\u00f3n constitucional contra un presidente en ejercicio en los siguientes casos: traici\u00f3n a la patria, impedir elecciones y el funcionamiento del sistema electoral, y disolver el Congreso. Cualquier otro supuesto queda al margen. El fallo tiene relevancia hacia el futuro. A partir de ahora, toda investigaci\u00f3n preliminar contra los pr\u00f3ximos presidentes se limitar\u00e1n a tres actos: toma de declaraci\u00f3n, realizaci\u00f3n de pedidos de informaci\u00f3n y entrega de documentos.<\/p>\n<div>\n<div id=\"primisPlayerContainerDiv\" class=\"primisslate\">\n<div id=\"primis_container_div_68a5c06b4bed8\">\n<p class=\"\">Durante sus dos a\u00f1os y medio de mandato, la Fiscal\u00eda ha presentado nueve denuncias constitucionales en contra de Boluarte. Las m\u00e1s graves: por los muertos y heridos durante las manifestaciones al inicio de su periodo a manos de las fuerzas armadas; por presunto abandono del cargo al realizarse\u00a0<a title=\"https:\/\/elpais.com\/america\/2024-05-09\/la-presidenta-de-peru-dina-boluarte-senalada-por-haberse-apartado-del-cargo-sin-comunicarlo-por-unas-cirugias-esteticas.html\" href=\"https:\/\/elpais.com\/america\/2024-05-09\/la-presidenta-de-peru-dina-boluarte-senalada-por-haberse-apartado-del-cargo-sin-comunicarlo-por-unas-cirugias-esteticas.html\" target=\"_self\" rel=\"\" data-link-track-dtm=\"\" data-mrf-link=\"https:\/\/elpais.com\/america\/2024-05-09\/la-presidenta-de-peru-dina-boluarte-senalada-por-haberse-apartado-del-cargo-sin-comunicarlo-por-unas-cirugias-esteticas.html\">operaciones est\u00e9ticas en secreto sin notificar a su Gabinete\u00a0<\/a>ni al Congreso; por el delito de cohecho al favorecer al gobernador regional de Ayacucho, Wilfredo Oscorima, con partidas presupuestales a cambio de joyas y relojes de lujo,\u00a0<a title=\"https:\/\/elpais.com\/america\/2024-04-28\/rolexgate-el-caso-contra-dina-boluarte-por-posesion-de-relojes-y-joyas-que-hace-tambalear-a-peru.html\" href=\"https:\/\/elpais.com\/america\/2024-04-28\/rolexgate-el-caso-contra-dina-boluarte-por-posesion-de-relojes-y-joyas-que-hace-tambalear-a-peru.html\" target=\"_self\" rel=\"\" data-link-track-dtm=\"\" data-mrf-link=\"https:\/\/elpais.com\/america\/2024-04-28\/rolexgate-el-caso-contra-dina-boluarte-por-posesion-de-relojes-y-joyas-que-hace-tambalear-a-peru.html\">en el caso Rolexgate<\/a>; y por supuestamente<a title=\"https:\/\/elpais.com\/america\/2024-09-21\/vladimir-cerron-el-hombre-que-no-deja-en-paz-a-peru.html\" href=\"https:\/\/elpais.com\/america\/2024-09-21\/vladimir-cerron-el-hombre-que-no-deja-en-paz-a-peru.html\" target=\"_self\" rel=\"\" data-link-track-dtm=\"\" data-mrf-link=\"https:\/\/elpais.com\/america\/2024-09-21\/vladimir-cerron-el-hombre-que-no-deja-en-paz-a-peru.html\">\u00a0haber encubierto al pr\u00f3fugo Vladimir Cerr\u00f3n,<\/a>\u00a0fundador de Per\u00fa Libre, la agrupaci\u00f3n pol\u00edtica que llev\u00f3 al poder a Pedro Castillo y, por consiguiente, a Boluarte.<\/p>\n<p class=\"\">Todas estas denuncias han sido congeladas hasta que la presidente deje el poder, a menos que el Congreso la destituya por incapacidad moral permanente. Un escenario poco probable pues, seg\u00fan los analistas, es la C\u00e1mara el principal respaldo pol\u00edtico de Boluarte, hoy con \u00edndices de aprobaci\u00f3n por los suelos, cercanos al 3%. Su respaldo popular cay\u00f3 en picada desde que rompi\u00f3 su promesa de convocar a elecciones generales despu\u00e9s del fallido autogolpe de Pedro Castillo.<\/p>\n<p class=\"\">Para el constitucionalista Franco Garc\u00eda Lazo, el Tribunal Constitucional \u201cacaba de permitirle a Dina Boluarte y a los futuros presidentes del Per\u00fa obrar, delinquir, esconder evidencias durante cinco a\u00f1os, donde podr\u00e1n alimentarse con dinero sucio, y hacer arreglos con parte del Congreso para inmunizarse\u201d. Su colega, Beatriz Ram\u00edrez Huaroto, considera que el \u201cest\u00e1ndar que el Tribunal regula para proteger al Ejecutivo es bastante generoso\u201d y que todo lo avanzado por la Corte Suprema para \u201cen la lucha contra la corrupci\u00f3n ha quedado descartado\u201d.<\/p>\n<p class=\"\">Varios excongresistas se han pronunciado con dureza, dejando en evidencia su rechazo. \u201cSe puede investigar y destituir a otros presidentes en ejercicio, pero no a la t\u00edtere de la coalici\u00f3n dictatorial, Dina Boluarte. El Tribunal Constitucional elegido por este Congreso mafioso nos recuerda que hoy corruptos y asesinos pueden gobernar con toda impunidad\u201d, ha expresado Indira Huilca. Gino Costa, por su parte, ha dicho que no se est\u00e1 midiendo con la misma vara a los gobernantes. \u201cA Pedro Castillo, Mart\u00edn Vizcarra y Pedro Pablo Kuczynski no se les investiga, sino se les vaca [se les expulsa del cargo]. A Dina Boluarte y a Manuel Merino no se les toca ni con el p\u00e9talo de una rosa, m\u00e1s bien se les blinda\u201d, public\u00f3 en redes sociales.<\/p>\n<p class=\"\">El actual parlamentario de Renovaci\u00f3n Popular, Jos\u00e9 Cueto, quien la semana pasada celebr\u00f3 que Boluarte promulgara la ley de amnist\u00eda que favorece a aquellos\u00a0<a title=\"https:\/\/elpais.com\/america\/2025-08-14\/boluarte-amnistia-a-militares-y-policias-peruanos-implicados-en-delitos-contra-los-derechos-humanos.html\" href=\"https:\/\/elpais.com\/america\/2025-08-14\/boluarte-amnistia-a-militares-y-policias-peruanos-implicados-en-delitos-contra-los-derechos-humanos.html\" target=\"_self\" rel=\"\" data-link-track-dtm=\"\" data-mrf-link=\"https:\/\/elpais.com\/america\/2025-08-14\/boluarte-amnistia-a-militares-y-policias-peruanos-implicados-en-delitos-contra-los-derechos-humanos.html\">militares que cometieron violaciones contra los derechos humanos\u00a0<\/a>entre los a\u00f1os 80 y 2000, defendi\u00f3 el fallo del Tribunal Constitucional al sostener que \u201cno es un blindaje a la presidente, solo se est\u00e1 cuidando la investidura presidencial independientemente del nombre\u201d.<\/p>\n<\/div>\n<\/div>\n<\/div>\n","protected":false},"excerpt":{"rendered":"<p>&nbsp; &#8211; Un fallo del Tribunal Constitucional limita los alcances de la Fiscal\u00eda para investigar a los pr\u00f3ximos presidentes &nbsp; El Tribunal Constitucional de Per\u00fa&hellip;<\/p>\n","protected":false},"author":99,"featured_media":535208,"comment_status":"open","ping_status":"open","sticky":false,"template":"","format":"standard","meta":{"footnotes":""},"categories":[23],"tags":[],"class_list":["post-535207","post","type-post","status-publish","format-standard","has-post-thumbnail","hentry","category-latinoamerica"],"_links":{"self":[{"href":"https:\/\/diarioelpopular.com\/index.php\/wp-json\/wp\/v2\/posts\/535207","targetHints":{"allow":["GET"]}}],"collection":[{"href":"https:\/\/diarioelpopular.com\/index.php\/wp-json\/wp\/v2\/posts"}],"about":[{"href":"https:\/\/diarioelpopular.com\/index.php\/wp-json\/wp\/v2\/types\/post"}],"author":[{"embeddable":true,"href":"https:\/\/diarioelpopular.com\/index.php\/wp-json\/wp\/v2\/users\/99"}],"replies":[{"embeddable":true,"href":"https:\/\/diarioelpopular.com\/index.php\/wp-json\/wp\/v2\/comments?post=535207"}],"version-history":[{"count":1,"href":"https:\/\/diarioelpopular.com\/index.php\/wp-json\/wp\/v2\/posts\/535207\/revisions"}],"predecessor-version":[{"id":535209,"href":"https:\/\/diarioelpopular.com\/index.php\/wp-json\/wp\/v2\/posts\/535207\/revisions\/535209"}],"wp:featuredmedia":[{"embeddable":true,"href":"https:\/\/diarioelpopular.com\/index.php\/wp-json\/wp\/v2\/media\/535208"}],"wp:attachment":[{"href":"https:\/\/diarioelpopular.com\/index.php\/wp-json\/wp\/v2\/media?parent=535207"}],"wp:term":[{"taxonomy":"category","embeddable":true,"href":"https:\/\/diarioelpopular.com\/index.php\/wp-json\/wp\/v2\/categories?post=535207"},{"taxonomy":"post_tag","embeddable":true,"href":"https:\/\/diarioelpopular.com\/index.php\/wp-json\/wp\/v2\/tags?post=535207"}],"curies":[{"name":"wp","href":"https:\/\/api.w.org\/{rel}","templated":true}]}}