{"id":535214,"date":"2025-08-20T08:55:05","date_gmt":"2025-08-20T12:55:05","guid":{"rendered":"https:\/\/diarioelpopular.com\/?p=535214"},"modified":"2025-08-20T08:55:05","modified_gmt":"2025-08-20T12:55:05","slug":"apartado-el-fiscal-de-la-corte-penal-internacional-de-la-investigacion-contra-venezuela","status":"publish","type":"post","link":"https:\/\/diarioelpopular.com\/index.php\/2025\/08\/20\/apartado-el-fiscal-de-la-corte-penal-internacional-de-la-investigacion-contra-venezuela\/","title":{"rendered":"Apartado el fiscal de la Corte Penal Internacional de la investigaci\u00f3n contra Venezuela"},"content":{"rendered":"<div id=\"attachment_535215\" style=\"width: 1210px\" class=\"wp-caption alignnone\"><img loading=\"lazy\" decoding=\"async\" aria-describedby=\"caption-attachment-535215\" class=\"wp-image-535215 size-custom-big-size\" src=\"https:\/\/diarioelpopular.com\/wp-content\/uploads\/2025\/08\/Screen-Shot-2025-08-20-at-8.54.10-AM-1200x819.png\" alt=\"\" width=\"1200\" height=\"819\" srcset=\"https:\/\/diarioelpopular.com\/wp-content\/uploads\/2025\/08\/Screen-Shot-2025-08-20-at-8.54.10-AM-1200x819.png 1200w, https:\/\/diarioelpopular.com\/wp-content\/uploads\/2025\/08\/Screen-Shot-2025-08-20-at-8.54.10-AM-300x205.png 300w, https:\/\/diarioelpopular.com\/wp-content\/uploads\/2025\/08\/Screen-Shot-2025-08-20-at-8.54.10-AM-768x524.png 768w, https:\/\/diarioelpopular.com\/wp-content\/uploads\/2025\/08\/Screen-Shot-2025-08-20-at-8.54.10-AM-636x434.png 636w, https:\/\/diarioelpopular.com\/wp-content\/uploads\/2025\/08\/Screen-Shot-2025-08-20-at-8.54.10-AM-80x55.png 80w, https:\/\/diarioelpopular.com\/wp-content\/uploads\/2025\/08\/Screen-Shot-2025-08-20-at-8.54.10-AM-107x73.png 107w, https:\/\/diarioelpopular.com\/wp-content\/uploads\/2025\/08\/Screen-Shot-2025-08-20-at-8.54.10-AM.png 1024w\" sizes=\"auto, (max-width: 1200px) 100vw, 1200px\" \/><p id=\"caption-attachment-535215\" class=\"wp-caption-text\">Karim Ahmad Khan en Kiev, Ucrania, en septiembre de 2024. Global Images Ukraine (Global Images Ukraine via Getty )<\/p><\/div>\n<p>&nbsp;<\/p>\n<h4 class=\"a_st\"><em>&#8211; Karim Khan fue recusado por un conflicto intereses en la causa contra el Gobierno de Maduro por presuntas violaciones a los derechos humanos<\/em><\/h4>\n<p>&nbsp;<\/p>\n<p class=\"\">Meses de dudas sobre la aparente imparcialidad del\u00a0<a title=\"https:\/\/elpais.com\/internacional\/2025-05-16\/el-fiscal-jefe-del-tribunal-penal-internacional-se-aparta-temporalmente-de-su-puesto-mientras-se-le-investiga-por-un-presunto-acoso-sexual.html\" href=\"https:\/\/elpais.com\/internacional\/2025-05-16\/el-fiscal-jefe-del-tribunal-penal-internacional-se-aparta-temporalmente-de-su-puesto-mientras-se-le-investiga-por-un-presunto-acoso-sexual.html\" target=\"_self\" rel=\"\" data-link-track-dtm=\"\" data-mrf-link=\"https:\/\/elpais.com\/internacional\/2025-05-16\/el-fiscal-jefe-del-tribunal-penal-internacional-se-aparta-temporalmente-de-su-puesto-mientras-se-le-investiga-por-un-presunto-acoso-sexual.html\">fiscal Karim Khan de la Corte Penal Internacional<\/a>\u00a0han terminado con su retiro de la investigaci\u00f3n sobre la presunta comisi\u00f3n de cr\u00edmenes de lesa humanidad en Venezuela, la \u00fanica que se ha abierto contra un pa\u00eds latinoamericano. El funcionario ha presentado su solicitud de \u201cexcusa\u201d para separarse oficialmente del caso, llamado Venezuela I, tal como lo se lo pidi\u00f3 la Sala de Apelaciones a principios de mes.<\/p>\n<p class=\"\">La consecuencia inmediata de esta situaci\u00f3n es que el encargado del caso Venezuela I ser\u00e1 el vice fiscal adjunto, Mame Mandiaye Niang. Para las v\u00edctimas se abren nuevas lagunas de incertidumbre sobre las dilaciones que esto pueda generar en su b\u00fasqueda de justicia.<\/p>\n<p class=\"\">Este giro en el proceso ha seguido un camino lleno de vericuetos, apelaciones y estrategias legales. Desde que asumi\u00f3 el cargo en 2021, el fiscal Khan ech\u00f3 a andar la investigaci\u00f3n sobre Venezuela a la par que llegaba a acuerdos con Venezuela para instalar una oficina t\u00e9cnica en el pa\u00eds y apoyar en la cooperaci\u00f3n judicial bajo el principio de complementariedad que busca que cada pa\u00eds pueda defender a las v\u00edctimas y castigar a los responsables.<\/p>\n<p class=\"\">Al terminar su primera visita, luego de estrecharse la mano con Maduro, el 3 de noviembre de 2021, anunci\u00f3 el inicio de la investigaci\u00f3n que el l\u00edder del chavismo y sus abogados hab\u00edan intentado evitar. Luego, Khan visit\u00f3 el pa\u00eds tres veces m\u00e1s. En el \u00faltimo viaje, poco antes de las elecciones presidenciales del 28 de julio, abog\u00f3 por\u00a0<a title=\"https:\/\/elpais.com\/america\/2025-07-02\/el-chavismo-declara-persona-non-grata-al-alto-comisionado-de-derechos-humanos-de-la-onu.html\" href=\"https:\/\/elpais.com\/america\/2025-07-02\/el-chavismo-declara-persona-non-grata-al-alto-comisionado-de-derechos-humanos-de-la-onu.html\" target=\"_self\" rel=\"\" data-link-track-dtm=\"\" data-mrf-link=\"https:\/\/elpais.com\/america\/2025-07-02\/el-chavismo-declara-persona-non-grata-al-alto-comisionado-de-derechos-humanos-de-la-onu.html\">el regreso de la Oficina del Alto Comisionado de Derechos Humanos\u00a0<\/a>expulsada por denunciar la desaparici\u00f3n forzada de la abogada y activista Roc\u00edo San Miguel, detenida desde febrero de 2024.<\/p>\n<p class=\"\">Su imparcialidad qued\u00f3 manchada en septiembre pasado, luego de que una investigaci\u00f3n period\u00edstica del Washington Post revelara los v\u00ednculos pol\u00edticos de Khan con la defensa contratada por el Gobierno de Nicol\u00e1s Maduro. La abogada Venkateswari Alagendra, acreditada como abogada de Venezuela en el procedimiento de apelaci\u00f3n que buscaba echar para atr\u00e1s la apertura de la investigaci\u00f3n, y Khan son cu\u00f1ados. Aunque el fiscal intent\u00f3 defenderse, entr\u00f3 en el juego la Fundaci\u00f3n Arcadia, una ONG contra la corrupci\u00f3n establecida en Estados Unidos, que solicit\u00f3 la recusaci\u00f3n del Fiscal en atenci\u00f3n al supuesto conflicto de intereses.<\/p>\n<p class=\"\">La Oficina de Defensa P\u00fablica de las V\u00edctimas de la CPI advirti\u00f3 sobre las dilaciones que podr\u00eda implicar esta recusaci\u00f3n y la preocupaci\u00f3n de las v\u00edctimas por la prolongaci\u00f3n de la investigaci\u00f3n en el contexto de agravamiento de la situaci\u00f3n de derechos humanos en Venezuela a partir de julio de 2024. La Sala de Apelaciones de la CPI determin\u00f3 que la recusaci\u00f3n no era procedente y pidi\u00f3 al fiscal tomar medidas para asegurar la confianza en el proceso.<\/p>\n<p class=\"\">A la par, la geopol\u00edtica mundial cambi\u00f3 y otro frente personal se abri\u00f3 para el fiscal. En febrero de este a\u00f1o, el Gobierno de Donald\u00a0<a title=\"https:\/\/elpais.com\/internacional\/2025-02-06\/trump-sancionara-al-personal-del-tribunal-penal-internacional-que-investigue-a-ciudadanos-de-ee-uu-o-sus-aliados-incluido-israel.html\" href=\"https:\/\/elpais.com\/internacional\/2025-02-06\/trump-sancionara-al-personal-del-tribunal-penal-internacional-que-investigue-a-ciudadanos-de-ee-uu-o-sus-aliados-incluido-israel.html\" target=\"_self\" rel=\"\" data-link-track-dtm=\"\" data-mrf-link=\"https:\/\/elpais.com\/internacional\/2025-02-06\/trump-sancionara-al-personal-del-tribunal-penal-internacional-que-investigue-a-ciudadanos-de-ee-uu-o-sus-aliados-incluido-israel.html\">Trump dict\u00f3 sanciones en contra de funcionarios de la CPI<\/a>\u00a0por haber girado\u00a0<a title=\"https:\/\/elpais.com\/internacional\/2024-05-20\/la-fiscalia-del-tribunal-penal-internacional-pide-a-los-jueces-la-detencion-de-netanyahu-y-la-cupula-de-hamas.html\" href=\"https:\/\/elpais.com\/internacional\/2024-05-20\/la-fiscalia-del-tribunal-penal-internacional-pide-a-los-jueces-la-detencion-de-netanyahu-y-la-cupula-de-hamas.html\" target=\"_self\" rel=\"\" data-link-track-dtm=\"\" data-mrf-link=\"https:\/\/elpais.com\/internacional\/2024-05-20\/la-fiscalia-del-tribunal-penal-internacional-pide-a-los-jueces-la-detencion-de-netanyahu-y-la-cupula-de-hamas.html\">una orden de captura contra Benjam\u00edn Netanyahu y otros funcionarios israel\u00edes\u00a0<\/a>por la guerra en Gaza. Luego, Khan se separ\u00f3 provisionalmente de su cargo por una investigaci\u00f3n independiente sobre denuncias de conducta sexual indebida y presuntas represalias laborales.<\/p>\n<p class=\"\">La causa de Venezuela en La Haya se inici\u00f3 en 2018, con la apertura de un examen preliminar para evaluar posibles cr\u00edmenes dentro del Estatuto de Roma en torno a la represi\u00f3n de las manifestaciones contra el Gobierno de 2017. Se sum\u00f3 una solicitud de investigaci\u00f3n por parte de Argentina, Canad\u00e1, Chile, Colombia, Paraguay y Per\u00fa \u2014a la que se adhiri\u00f3 Uruguay en 2024\u2014 para incluir las violaciones de derechos humanos ocurridas desde 2014, en el primer ciclo de protesta social, a un a\u00f1o de que Maduro llegara al poder.<\/p>\n<p class=\"\">Desde entonces, la Fiscal\u00eda ha estado documentando delitos de asesinato, encarcelamiento, tortura, violencia sexual y persecuci\u00f3n por parte de diversos cuerpos policiales del Estado. En el proceso se han consultado a aproximadamente 8.900 v\u00edctimas individuales, 630 grupos familiares y 2 instituciones u organizaciones, que expresaron no confiar o no haber recibido respuesta efectiva de los \u00f3rganos de administraci\u00f3n de justicia venezolanos.<\/p>\n","protected":false},"excerpt":{"rendered":"<p>&nbsp; &#8211; Karim Khan fue recusado por un conflicto intereses en la causa contra el Gobierno de Maduro por presuntas violaciones a los derechos humanos&hellip;<\/p>\n","protected":false},"author":99,"featured_media":535215,"comment_status":"open","ping_status":"open","sticky":false,"template":"","format":"standard","meta":{"footnotes":""},"categories":[23],"tags":[],"class_list":["post-535214","post","type-post","status-publish","format-standard","has-post-thumbnail","hentry","category-latinoamerica"],"_links":{"self":[{"href":"https:\/\/diarioelpopular.com\/index.php\/wp-json\/wp\/v2\/posts\/535214","targetHints":{"allow":["GET"]}}],"collection":[{"href":"https:\/\/diarioelpopular.com\/index.php\/wp-json\/wp\/v2\/posts"}],"about":[{"href":"https:\/\/diarioelpopular.com\/index.php\/wp-json\/wp\/v2\/types\/post"}],"author":[{"embeddable":true,"href":"https:\/\/diarioelpopular.com\/index.php\/wp-json\/wp\/v2\/users\/99"}],"replies":[{"embeddable":true,"href":"https:\/\/diarioelpopular.com\/index.php\/wp-json\/wp\/v2\/comments?post=535214"}],"version-history":[{"count":1,"href":"https:\/\/diarioelpopular.com\/index.php\/wp-json\/wp\/v2\/posts\/535214\/revisions"}],"predecessor-version":[{"id":535216,"href":"https:\/\/diarioelpopular.com\/index.php\/wp-json\/wp\/v2\/posts\/535214\/revisions\/535216"}],"wp:featuredmedia":[{"embeddable":true,"href":"https:\/\/diarioelpopular.com\/index.php\/wp-json\/wp\/v2\/media\/535215"}],"wp:attachment":[{"href":"https:\/\/diarioelpopular.com\/index.php\/wp-json\/wp\/v2\/media?parent=535214"}],"wp:term":[{"taxonomy":"category","embeddable":true,"href":"https:\/\/diarioelpopular.com\/index.php\/wp-json\/wp\/v2\/categories?post=535214"},{"taxonomy":"post_tag","embeddable":true,"href":"https:\/\/diarioelpopular.com\/index.php\/wp-json\/wp\/v2\/tags?post=535214"}],"curies":[{"name":"wp","href":"https:\/\/api.w.org\/{rel}","templated":true}]}}