{"id":535244,"date":"2025-08-21T09:53:27","date_gmt":"2025-08-21T13:53:27","guid":{"rendered":"https:\/\/diarioelpopular.com\/?p=535244"},"modified":"2025-08-21T09:53:27","modified_gmt":"2025-08-21T13:53:27","slug":"adolescentes-de-toronto-acusados-de-asesinato-tras-tiroteo-en-etobicoke","status":"publish","type":"post","link":"https:\/\/diarioelpopular.com\/index.php\/2025\/08\/21\/adolescentes-de-toronto-acusados-de-asesinato-tras-tiroteo-en-etobicoke\/","title":{"rendered":"Adolescentes de Toronto acusados \u200b\u200bde asesinato tras tiroteo en Etobicoke"},"content":{"rendered":"<p><img loading=\"lazy\" decoding=\"async\" class=\"alignnone size-custom-full-size wp-image-535245\" src=\"https:\/\/diarioelpopular.com\/wp-content\/uploads\/2025\/08\/Screen-Shot-2025-08-21-at-9.52.58-AM-636x519.png\" alt=\"\" width=\"636\" height=\"519\" srcset=\"https:\/\/diarioelpopular.com\/wp-content\/uploads\/2025\/08\/Screen-Shot-2025-08-21-at-9.52.58-AM-636x519.png 636w, https:\/\/diarioelpopular.com\/wp-content\/uploads\/2025\/08\/Screen-Shot-2025-08-21-at-9.52.58-AM-300x245.png 300w, https:\/\/diarioelpopular.com\/wp-content\/uploads\/2025\/08\/Screen-Shot-2025-08-21-at-9.52.58-AM-768x626.png 768w, https:\/\/diarioelpopular.com\/wp-content\/uploads\/2025\/08\/Screen-Shot-2025-08-21-at-9.52.58-AM-90x73.png 90w, https:\/\/diarioelpopular.com\/wp-content\/uploads\/2025\/08\/Screen-Shot-2025-08-21-at-9.52.58-AM.png 834w\" sizes=\"auto, (max-width: 636px) 100vw, 636px\" \/><\/p>\n<p>&nbsp;<\/p>\n<ul>\n<li><em><strong>Un delincuente de 18 a\u00f1os y otro de 19, residentes de Toronto, fueron acusados \u200b\u200bde asesinato en primer grado por el tiroteo fatal ocurrido en primavera contra Awais Ismail Awais, de 23 a\u00f1os, en el norte de Etobicoke.<\/strong><\/em><\/li>\n<\/ul>\n<p>&nbsp;<\/p>\n<p>La Polic\u00eda de Toronto respondi\u00f3 a un reporte de tiroteo en la zona de Martin Grove y Albion Rds. el 26 de marzo a las 9:02 p. m. Los agentes encontraron a un hombre en un complejo de viviendas adosadas que hab\u00eda recibido varios disparos.<\/p>\n<p>Los param\u00e9dicos atendieron al hombre, posteriormente identificado como Awais, en el lugar de los hechos antes de que fuera declarado muerto.<\/p>\n<p>Luego de la minuciosa investigaci\u00f3n, a polic\u00eda identific\u00f3 a Malikye Monoroth y Saaid Mohamed como los responsables. El martes, Monoroth, de 18 a\u00f1os, fue arrestado y acusado. La polic\u00eda posteriormente arrest\u00f3 y acus\u00f3 a Mohamed, de 19 a\u00f1os, el mi\u00e9rcoles.<\/p>\n<p>Este fue el s\u00e9ptimo homicidio en Toronto del a\u00f1o.<\/p>\n<p>Cualquier persona que tenga informaci\u00f3n debe comunicarse con la polic\u00eda al 416-808-7400 o con Crime Stoppers de forma an\u00f3nima al 416-222-8477 o 222tips.com.<\/p>\n","protected":false},"excerpt":{"rendered":"<p>&nbsp; Un delincuente de 18 a\u00f1os y otro de 19, residentes de Toronto, fueron acusados \u200b\u200bde asesinato en primer grado por el tiroteo fatal ocurrido&hellip;<\/p>\n","protected":false},"author":99,"featured_media":535245,"comment_status":"open","ping_status":"open","sticky":false,"template":"","format":"standard","meta":{"footnotes":""},"categories":[11364],"tags":[],"class_list":["post-535244","post","type-post","status-publish","format-standard","has-post-thumbnail","hentry","category-toronto-gta"],"_links":{"self":[{"href":"https:\/\/diarioelpopular.com\/index.php\/wp-json\/wp\/v2\/posts\/535244","targetHints":{"allow":["GET"]}}],"collection":[{"href":"https:\/\/diarioelpopular.com\/index.php\/wp-json\/wp\/v2\/posts"}],"about":[{"href":"https:\/\/diarioelpopular.com\/index.php\/wp-json\/wp\/v2\/types\/post"}],"author":[{"embeddable":true,"href":"https:\/\/diarioelpopular.com\/index.php\/wp-json\/wp\/v2\/users\/99"}],"replies":[{"embeddable":true,"href":"https:\/\/diarioelpopular.com\/index.php\/wp-json\/wp\/v2\/comments?post=535244"}],"version-history":[{"count":1,"href":"https:\/\/diarioelpopular.com\/index.php\/wp-json\/wp\/v2\/posts\/535244\/revisions"}],"predecessor-version":[{"id":535246,"href":"https:\/\/diarioelpopular.com\/index.php\/wp-json\/wp\/v2\/posts\/535244\/revisions\/535246"}],"wp:featuredmedia":[{"embeddable":true,"href":"https:\/\/diarioelpopular.com\/index.php\/wp-json\/wp\/v2\/media\/535245"}],"wp:attachment":[{"href":"https:\/\/diarioelpopular.com\/index.php\/wp-json\/wp\/v2\/media?parent=535244"}],"wp:term":[{"taxonomy":"category","embeddable":true,"href":"https:\/\/diarioelpopular.com\/index.php\/wp-json\/wp\/v2\/categories?post=535244"},{"taxonomy":"post_tag","embeddable":true,"href":"https:\/\/diarioelpopular.com\/index.php\/wp-json\/wp\/v2\/tags?post=535244"}],"curies":[{"name":"wp","href":"https:\/\/api.w.org\/{rel}","templated":true}]}}