{"id":535247,"date":"2025-08-21T09:56:55","date_gmt":"2025-08-21T13:56:55","guid":{"rendered":"https:\/\/diarioelpopular.com\/?p=535247"},"modified":"2025-08-21T09:56:55","modified_gmt":"2025-08-21T13:56:55","slug":"la-camara-de-diputados-pone-limites-al-ajuste-de-javier-milei-en-argentina","status":"publish","type":"post","link":"https:\/\/diarioelpopular.com\/index.php\/2025\/08\/21\/la-camara-de-diputados-pone-limites-al-ajuste-de-javier-milei-en-argentina\/","title":{"rendered":"La C\u00e1mara de Diputados pone l\u00edmites al ajuste de Javier Milei en Argentina"},"content":{"rendered":"<div id=\"attachment_535249\" style=\"width: 1210px\" class=\"wp-caption alignnone\"><img loading=\"lazy\" decoding=\"async\" aria-describedby=\"caption-attachment-535249\" class=\"wp-image-535249 size-custom-big-size\" src=\"https:\/\/diarioelpopular.com\/wp-content\/uploads\/2025\/08\/Screen-Shot-2025-08-21-at-9.55.55-AM-1200x798.png\" alt=\"\" width=\"1200\" height=\"798\" srcset=\"https:\/\/diarioelpopular.com\/wp-content\/uploads\/2025\/08\/Screen-Shot-2025-08-21-at-9.55.55-AM-1200x798.png 1200w, https:\/\/diarioelpopular.com\/wp-content\/uploads\/2025\/08\/Screen-Shot-2025-08-21-at-9.55.55-AM-300x199.png 300w, https:\/\/diarioelpopular.com\/wp-content\/uploads\/2025\/08\/Screen-Shot-2025-08-21-at-9.55.55-AM-768x511.png 768w, https:\/\/diarioelpopular.com\/wp-content\/uploads\/2025\/08\/Screen-Shot-2025-08-21-at-9.55.55-AM-1536x1021.png 1536w, https:\/\/diarioelpopular.com\/wp-content\/uploads\/2025\/08\/Screen-Shot-2025-08-21-at-9.55.55-AM-636x423.png 636w, https:\/\/diarioelpopular.com\/wp-content\/uploads\/2025\/08\/Screen-Shot-2025-08-21-at-9.55.55-AM-110x73.png 110w, https:\/\/diarioelpopular.com\/wp-content\/uploads\/2025\/08\/Screen-Shot-2025-08-21-at-9.55.55-AM.png 1024w\" sizes=\"auto, (max-width: 1200px) 100vw, 1200px\" \/><p id=\"caption-attachment-535249\" class=\"wp-caption-text\">Manifestaci\u00f3n contra el veto a la ley de discapacidad en Buenos Aires (Argentina), el 20 de agosto.\u00a0 \u00a0 \u00a0 \u00a0 \u00a0 \u00a0 \u00a0 \u00a0 \u00a0 \u00a0 \u00a0 \u00a0 \u00a0 \u00a0 \u00a0 \u00a0 \u00a0Foto Juan Ignacio Roncoroni (EFE)<\/p><\/div>\n<p>&nbsp;<\/p>\n<h4 class=\"a_st\"><em>&#8211; La oposici\u00f3n insiste en un aumento para la atenci\u00f3n de personas con discapacidades que hab\u00eda vetado el presidente. Tambi\u00e9n aprueba la distribuci\u00f3n entre las provincias de recursos hoy manejados por la Naci\u00f3n<\/em><\/h4>\n<p>&nbsp;<\/p>\n<p class=\"\">Con el voto de diferentes partidos de la oposici\u00f3n, la\u00a0<a title=\"https:\/\/elpais.com\/argentina\/2025-08-07\/en-un-desafio-a-milei-la-oposicion-en-diputados-aprueba-mas-fondos-para-las-universidades.html\" href=\"https:\/\/elpais.com\/argentina\/2025-08-07\/en-un-desafio-a-milei-la-oposicion-en-diputados-aprueba-mas-fondos-para-las-universidades.html\" target=\"_self\" rel=\"\" data-link-track-dtm=\"\" data-mrf-link=\"https:\/\/elpais.com\/argentina\/2025-08-07\/en-un-desafio-a-milei-la-oposicion-en-diputados-aprueba-mas-fondos-para-las-universidades.html\">C\u00e1mara de Diputados<\/a>\u00a0enfrenta a la motosierra de Javier Milei en Argentina. Los legisladores aprobaron un aumento del presupuesto para la atenci\u00f3n de personas con discapacidades y la distribuci\u00f3n de recursos del Tesoro nacional en favor de las provincias. En el primer caso, Diputados rechaz\u00f3 el veto que hab\u00eda dictado el presidente contra una ley ya aprobada y el debate continuar\u00e1 en el Senado. En el segundo, convirti\u00f3 en ley un proyecto antes votado por la C\u00e1mara alta e impulsado por la mayor\u00eda de los gobernadores provinciales. En ese contexto de\u00a0<a title=\"https:\/\/elpais.com\/argentina\/2025-04-04\/el-congreso-argentino-le-asesta-una-dura-derrota-a-milei-y-rechaza-a-sus-dos-candidatos-para-la-corte-suprema.html\" href=\"https:\/\/elpais.com\/argentina\/2025-04-04\/el-congreso-argentino-le-asesta-una-dura-derrota-a-milei-y-rechaza-a-sus-dos-candidatos-para-la-corte-suprema.html\" target=\"_self\" rel=\"\" data-link-track-dtm=\"\" data-mrf-link=\"https:\/\/elpais.com\/argentina\/2025-04-04\/el-congreso-argentino-le-asesta-una-dura-derrota-a-milei-y-rechaza-a-sus-dos-candidatos-para-la-corte-suprema.html\">derrotas parlamentarias<\/a>, el Ejecutivo consigui\u00f3 defender otro veto de Milei a un aumento en las pensiones de trabajadores jubilados, una medida que considera clave para sostener el super\u00e1vit fiscal.<\/p>\n<p class=\"\">La confluencia opositora que dobleg\u00f3 con amplitud a La Libertad Avanza \u2014LLA, el partido de Milei\u2014 y sus aliados vari\u00f3 con los temas tratados. Los diputados del peronismo \u2014kirchnerista o no\u2014 coincidieron, alternativamente, con la izquierda, con bloques de centro como la Uni\u00f3n C\u00edvica Radical o Encuentro Federal y con fuerzas provinciales.<\/p>\n<p class=\"\">La marat\u00f3nica sesi\u00f3n de Diputados comenz\u00f3 al mediod\u00eda del mi\u00e9rcoles y continuaba pasada la medianoche. El primer debate fue sobre\u00a0<a title=\"https:\/\/elpais.com\/argentina\/2025-07-25\/el-veto-de-milei-amenaza-a-atencion-a-las-personas-con-discapacidad.html\" href=\"https:\/\/elpais.com\/argentina\/2025-07-25\/el-veto-de-milei-amenaza-a-atencion-a-las-personas-con-discapacidad.html\" target=\"_self\" rel=\"\" data-link-track-dtm=\"\" data-mrf-link=\"https:\/\/elpais.com\/argentina\/2025-07-25\/el-veto-de-milei-amenaza-a-atencion-a-las-personas-con-discapacidad.html\">la ley de emergencia en discapacidad<\/a>. El Congreso la hab\u00eda sancionado en julio, pero Milei la vet\u00f3 a comienzos de este mes, argumentando que no hay fondos para financiarla. Para revertir el veto, las dos c\u00e1maras legislativas deben contar con el apoyo de dos tercios de sus integrantes.<\/p>\n<p class=\"\">\u201cLas familias de personas con discapacidades no dan m\u00e1s, est\u00e1n desesperadas\u201d, resumi\u00f3 el diputado peronista Daniel Arroyo, tras describir el desfinanciamiento de las pol\u00edticas de atenci\u00f3n al sector desde que asumi\u00f3 Milei. Afuera del Congreso, cientos de personas realizaban una vigilia desde la noche previa, en rechazo al veto presidencial.<\/p>\n<p class=\"\">Los legisladores de LLA y del PRO \u2014el partido del expresidente Mauricio Macri, aliado del oficialismo\u2014 consideraron que la insistencia en la sanci\u00f3n de la ley supon\u00eda \u201cun ataque al Gobierno utilizando causas nobles\u201d. Con cr\u00edticas a los anteriores gobiernos kirchneristas, defendieron la prioridad del super\u00e1vit fiscal. Pero fueron ampliamente derrotados en la votaci\u00f3n: 172 diputados rechazaron el veto, 73 lo sostuvieron y hubo 2 abstenciones.<\/p>\n<p class=\"\">El segundo debate de la jornada tambi\u00e9n se centr\u00f3 en un veto de Milei, en este caso a una ley que restitu\u00eda a las pensiones jubilatorias parte de lo recortado por el actual Gobierno. Aprobada en julio \u00faltimo, la norma asignaba un incremento del 7,2% para los jubilados, cuyo estipendio m\u00ednimo, percibido por el 63% de 7,4 millones de trabajadores retirados, es hoy de 314.000 pesos (unos 241 d\u00f3lares). Tambi\u00e9n establec\u00eda que el bono de refuerzo a las pensiones, congelado desde hace m\u00e1s de un a\u00f1o, pasara de 70.000 a 110.000 pesos (unos 84 d\u00f3lares).<\/p>\n<p class=\"\">La esperanza opositora de rechazar el veto de Milei se fue diluyendo durante la discusi\u00f3n y muchos legisladores terminaron denunciando que el Ejecutivo hab\u00eda presionado a gobernadores afines para que no apoyaran la iniciativa. Los votos, finalmente, no alcanzaron los dos tercios requeridos: 160 diputados alzaron la mano contra el veto, 83 a favor y 6 se abstuvieron. As\u00ed, la decisi\u00f3n del presidente ya qued\u00f3 firme.<\/p>\n<p class=\"\">Pero la balanza volvi\u00f3 a inclinarse contra Milei en el tercer debate de la sesi\u00f3n. La C\u00e1mara de Diputados convirti\u00f3 en ley el proyecto acordado por la mayor\u00eda de los 24 gobernadores para distribuir entre las provincias, de manera autom\u00e1tica y peri\u00f3dica, el Fondo de Aportes del Tesoro Nacional (ATN). Se trata de una caja millonaria que hasta ahora manejaba discrecionalmente la Casa Rosada. Para este a\u00f1o se estima que los ATN contar\u00e1n con alrededor de 1 bill\u00f3n de pesos (unos 769 millones de d\u00f3lares).<\/p>\n<p class=\"\">La norma se aprob\u00f3 con 143 votos positivos, frente a 90 negativos y<b>\u00a0<\/b>12 abstenciones. El resultado permite prever que, si el presidente recurre a un nuevo veto, la C\u00e1mara baja dif\u00edcilmente cuente con dos tercios para enfrentarlo.<\/p>\n<p class=\"\">Por las dudas, antes de la sesi\u00f3n, el jefe de Gabinete de Milei, Guillermo Francos, ya hab\u00eda advertido que el Ejecutivo \u201cno podr\u00e1 cumplir\u201d con las leyes impulsadas por la oposici\u00f3n.<\/p>\n","protected":false},"excerpt":{"rendered":"<p>&nbsp; &#8211; La oposici\u00f3n insiste en un aumento para la atenci\u00f3n de personas con discapacidades que hab\u00eda vetado el presidente. Tambi\u00e9n aprueba la distribuci\u00f3n entre&hellip;<\/p>\n","protected":false},"author":99,"featured_media":535249,"comment_status":"open","ping_status":"open","sticky":false,"template":"","format":"standard","meta":{"footnotes":""},"categories":[23],"tags":[],"class_list":["post-535247","post","type-post","status-publish","format-standard","has-post-thumbnail","hentry","category-latinoamerica"],"_links":{"self":[{"href":"https:\/\/diarioelpopular.com\/index.php\/wp-json\/wp\/v2\/posts\/535247","targetHints":{"allow":["GET"]}}],"collection":[{"href":"https:\/\/diarioelpopular.com\/index.php\/wp-json\/wp\/v2\/posts"}],"about":[{"href":"https:\/\/diarioelpopular.com\/index.php\/wp-json\/wp\/v2\/types\/post"}],"author":[{"embeddable":true,"href":"https:\/\/diarioelpopular.com\/index.php\/wp-json\/wp\/v2\/users\/99"}],"replies":[{"embeddable":true,"href":"https:\/\/diarioelpopular.com\/index.php\/wp-json\/wp\/v2\/comments?post=535247"}],"version-history":[{"count":1,"href":"https:\/\/diarioelpopular.com\/index.php\/wp-json\/wp\/v2\/posts\/535247\/revisions"}],"predecessor-version":[{"id":535250,"href":"https:\/\/diarioelpopular.com\/index.php\/wp-json\/wp\/v2\/posts\/535247\/revisions\/535250"}],"wp:featuredmedia":[{"embeddable":true,"href":"https:\/\/diarioelpopular.com\/index.php\/wp-json\/wp\/v2\/media\/535249"}],"wp:attachment":[{"href":"https:\/\/diarioelpopular.com\/index.php\/wp-json\/wp\/v2\/media?parent=535247"}],"wp:term":[{"taxonomy":"category","embeddable":true,"href":"https:\/\/diarioelpopular.com\/index.php\/wp-json\/wp\/v2\/categories?post=535247"},{"taxonomy":"post_tag","embeddable":true,"href":"https:\/\/diarioelpopular.com\/index.php\/wp-json\/wp\/v2\/tags?post=535247"}],"curies":[{"name":"wp","href":"https:\/\/api.w.org\/{rel}","templated":true}]}}