{"id":535265,"date":"2025-08-21T10:26:07","date_gmt":"2025-08-21T14:26:07","guid":{"rendered":"https:\/\/diarioelpopular.com\/?p=535265"},"modified":"2025-08-21T10:26:07","modified_gmt":"2025-08-21T14:26:07","slug":"por-que-ee-uu-esta-pintando-de-negro-el-muro-fronterizo-con-mexico","status":"publish","type":"post","link":"https:\/\/diarioelpopular.com\/index.php\/2025\/08\/21\/por-que-ee-uu-esta-pintando-de-negro-el-muro-fronterizo-con-mexico\/","title":{"rendered":"Por qu\u00e9 EE.UU. est\u00e1 pintando de negro el muro fronterizo con M\u00e9xico"},"content":{"rendered":"<div id=\"attachment_535266\" style=\"width: 646px\" class=\"wp-caption alignnone\"><img loading=\"lazy\" decoding=\"async\" aria-describedby=\"caption-attachment-535266\" class=\"wp-image-535266 size-custom-full-size\" src=\"https:\/\/diarioelpopular.com\/wp-content\/uploads\/2025\/08\/Screen-Shot-2025-08-21-at-10.24.34-AM-636x358.png\" alt=\"\" width=\"636\" height=\"358\" srcset=\"https:\/\/diarioelpopular.com\/wp-content\/uploads\/2025\/08\/Screen-Shot-2025-08-21-at-10.24.34-AM-636x358.png 636w, https:\/\/diarioelpopular.com\/wp-content\/uploads\/2025\/08\/Screen-Shot-2025-08-21-at-10.24.34-AM-300x169.png 300w, https:\/\/diarioelpopular.com\/wp-content\/uploads\/2025\/08\/Screen-Shot-2025-08-21-at-10.24.34-AM-768x432.png 768w, https:\/\/diarioelpopular.com\/wp-content\/uploads\/2025\/08\/Screen-Shot-2025-08-21-at-10.24.34-AM-130x73.png 130w, https:\/\/diarioelpopular.com\/wp-content\/uploads\/2025\/08\/Screen-Shot-2025-08-21-at-10.24.34-AM.png 860w\" sizes=\"auto, (max-width: 636px) 100vw, 636px\" \/><p id=\"caption-attachment-535266\" class=\"wp-caption-text\">La secretaria de Seguridad Nacional, Kristi Noem, alcahuete de Trump, se pronunci\u00f3 al respecto ante los periodistas desde la frontera.<\/p><\/div>\n<p>&nbsp;<\/p>\n<p>&nbsp;<\/p>\n<div class=\"bbc-19j92fr ebmt73l0\" dir=\"ltr\">\n<ul>\n<li class=\"bbc-hhl7in e17g058b0\" dir=\"ltr\"><em><b>El muro que separa a Estados Unidos y M\u00e9xico est\u00e1 siendo pintado de negro para que sea m\u00e1s caliente y dif\u00edcil de escalar, seg\u00fan anunci\u00f3 la secretaria de Seguridad Nacional, Kristi Noem.<\/b><\/em><\/li>\n<\/ul>\n<\/div>\n<div class=\"bbc-19j92fr ebmt73l0\" dir=\"ltr\">\n<p dir=\"ltr\">\n<p class=\"bbc-hhl7in e17g058b0\" dir=\"ltr\">En declaraciones a los periodistas desde un tramo de la frontera en el estado de Nuevo M\u00e9xico, Noem afirm\u00f3 que la pintura negra fue &#8220;una petici\u00f3n expresa del presidente&#8221;.<\/p>\n<\/div>\n<div class=\"bbc-19j92fr ebmt73l0\" dir=\"ltr\">\n<p class=\"bbc-hhl7in e17g058b0\" dir=\"ltr\">&#8220;[\u00c9l] entiende que, con las altas temperaturas que hay aqu\u00ed, cuando se pinta algo de negro, se calienta a\u00fan m\u00e1s. Eso har\u00e1 que sea m\u00e1s dif\u00edcil para la gente escalarlo&#8221;, a\u00f1adi\u00f3.<\/p>\n<\/div>\n<div class=\"bbc-19j92fr ebmt73l0\" dir=\"ltr\">\n<p class=\"bbc-hhl7in e17g058b0\" dir=\"ltr\">En su cuenta de X, Noem agreg\u00f3: &#8220;Este muro es parte del cambio. Demasiado alto para escalarlo. Demasiado estrecho para atravesarlo. Y ahora, tan caliente al tacto que los delincuentes extranjeros ilegales ni siquiera lo intentar\u00e1n&#8221;.<\/p>\n<\/div>\n<div class=\"bbc-19j92fr ebmt73l0\" dir=\"ltr\">\n<p class=\"bbc-hhl7in e17g058b0\" dir=\"ltr\">Los agentes de la Patrulla Fronteriza afirman que la pintura negra tambi\u00e9n ayudar\u00e1 a evitar que el muro se oxide.<\/p>\n<\/div>\n<div class=\"bbc-19j92fr ebmt73l0\" dir=\"ltr\">\n<p class=\"bbc-hhl7in e17g058b0\" dir=\"ltr\">Adem\u00e1s de las detenciones y deportaciones que protagonizan la pol\u00edtica migratoria del gobierno, un proyecto de ley propuesto por Trump y aprobado a principios de este verano boreal destin\u00f3 US$46.000 millones a la extensi\u00f3n del muro a lo largo la frontera.<\/p>\n<\/div>\n<div class=\"bbc-19j92fr ebmt73l0\" dir=\"ltr\">\n<p class=\"bbc-hhl7in e17g058b0\" dir=\"ltr\">Seg\u00fan Noem, cada d\u00eda se construye alrededor de 0,8 km de muro a lo largo de los casi 3.218 km de frontera.<\/p>\n<\/div>\n<div class=\"bbc-19j92fr ebmt73l0\" dir=\"ltr\">\n<p class=\"bbc-hhl7in e17g058b0\" dir=\"ltr\">&#8220;Es tanto un escudo como un s\u00edmbolo: un monumento al compromiso inquebrantable del presidente Trump con este pa\u00eds y con la seguridad del pueblo estadounidense&#8221;, escribi\u00f3 Noem en X.<\/p>\n<\/div>\n<div class=\"bbc-19j92fr ebmt73l0\" dir=\"ltr\">\n<p class=\"bbc-hhl7in e17g058b0\" dir=\"ltr\">No es la primera vez que el gobierno de EE.UU. se plantea pintar el muro fronterizo de negro.<\/p>\n<\/div>\n<div class=\"bbc-19j92fr ebmt73l0\" dir=\"ltr\">\n<p class=\"bbc-hhl7in e17g058b0\" dir=\"ltr\">Durante la primera administraci\u00f3n Trump, en 2020, la Oficina de Aduanas y Protecci\u00f3n Fronteriza (CBP, por sus siglas en ingl\u00e9s) inform\u00f3 que estaba probando a cubrir con pintura de ese color algunas secciones de la valla \u2013en San Luis, Arizona, y Artesia, Nuevo M\u00e9xico\u2013 para evaluar los potenciales beneficios de la idea para el mantenimiento de la infraestructura y la lucha contra la inmigraci\u00f3n irregular.<\/p>\n<\/div>\n<div class=\"bbc-19j92fr ebmt73l0\" dir=\"ltr\">\n<p class=\"bbc-hhl7in e17g058b0\" dir=\"ltr\"><i class=\"bbc-h1y5j7 eih42320\">The Washington Post\u00a0<\/i>estim\u00f3 entonces, bas\u00e1ndose en contratos gubernamentales a los que hab\u00eda tenido acceso, que\u00a0<a class=\"focusIndicatorReducedWidth bbc-n8oauk e1p3sufg0\" href=\"https:\/\/www.washingtonpost.com\/immigration\/trump-border-wall-black-paint\/2020\/05\/06\/dbda8ae4-8eff-11ea-8df0-ee33c3f5b0d6_story.html?fbclid=IwAR0CvirKiqltqmuqA2mHKpbR4DhC4eO8hRerDQx9WwZXyIbFDMkEW2007l0\" aria-label=\"cambiar de color el muro podr\u00eda costar al menos US$500 millones, externo\">cambiar de color el muro podr\u00eda costar al menos US$500 millones<\/a>, dependiendo del tipo de pintura y la cantidad de capas.<\/p>\n<\/div>\n<div class=\"bbc-19j92fr ebmt73l0\" dir=\"ltr\">\n<p class=\"bbc-hhl7in e17g058b0\" dir=\"ltr\">Un experto en construcci\u00f3n que habl\u00f3 entonces con el diario afirm\u00f3 que el metal original del muro ya absorbe una cantidad considerable del calor del desierto y que no hab\u00eda &#8220;raz\u00f3n t\u00e9cnica&#8221; para recubrirlo de negro. Apunt\u00f3 adem\u00e1s que la pintura negra puede desvanecerse con el tiempo, afectando con ello su emisividad.<\/p>\n<p dir=\"ltr\">\n<\/div>\n<figure class=\"bbc-1qn0xuy\">\n<div class=\"bbc-1gbs0ve\">\n<div style=\"width: 1034px\" class=\"wp-caption alignnone\"><img loading=\"lazy\" decoding=\"async\" class=\"bbc-139onq\" src=\"https:\/\/ichef.bbci.co.uk\/ace\/ws\/640\/cpsprodpb\/10d2\/live\/d93cf940-7de5-11f0-aa3b-29990a8088ef.jpg.webp\" alt=\"Una enorme reja separa dos territorios\" width=\"1024\" height=\"576\" \/><p class=\"wp-caption-text\">Fuente de la imagen,Kevin Carter\/Getty Images.\u00a0 Durante su primer periodo, Trump construy\u00f3 decenas de kil\u00f3metros de muro, y se ha seguido extendiendo.<\/p><\/div>\n<p class=\"bbc-by8ykd\" role=\"text\">\n<\/div>\n<\/figure>\n<div class=\"bbc-19j92fr ebmt73l0\" dir=\"ltr\">\n<p dir=\"ltr\">\n<p class=\"bbc-hhl7in e17g058b0\" dir=\"ltr\">Las cr\u00edticas esta vez tampoco han tardado en hacerse o\u00edr.<\/p>\n<\/div>\n<div class=\"bbc-19j92fr ebmt73l0\" dir=\"ltr\">\n<p class=\"bbc-hhl7in e17g058b0\" dir=\"ltr\">&#8220;La locura de esto es que tienen dinero para ello, a pesar de ser algo con un costo de millones de d\u00f3lares&#8221;, escribi\u00f3 este mi\u00e9rcoles en X Aaron Reichlin-Melnick, del American Immigration Council, una organizaci\u00f3n sin fines de lucro y con sede en Washington que aboga por los derechos de los migrantes.<\/p>\n<\/div>\n<div class=\"bbc-19j92fr ebmt73l0\" dir=\"ltr\">\n<p class=\"bbc-hhl7in e17g058b0\" dir=\"ltr\">&#8220;El Congreso decidi\u00f3 recortar fondos para beneficios dirigidos a los estadounidenses y en su lugar darle miles de millones a CBP, que ahora usar\u00e1n para pintar el muro de negro&#8221;, agreg\u00f3, subrayando adem\u00e1s el &#8220;exorbitante gasto de mantenimiento&#8221; que implica, &#8220;a pesar de ser completamente in\u00fatil&#8221;.<\/p>\n<\/div>\n<div class=\"bbc-19j92fr ebmt73l0\" dir=\"ltr\">\n<p class=\"bbc-hhl7in e17g058b0\" dir=\"ltr\">Los comentarios siguen la l\u00ednea de lo expresado por el American Immigration Council cuando el Congreso aprob\u00f3 la ley con la que se destinar\u00e1n US$46.000 millones para el muro.<\/p>\n<\/div>\n<div class=\"bbc-19j92fr ebmt73l0\" dir=\"ltr\">\n<p class=\"bbc-hhl7in e17g058b0\" dir=\"ltr\">&#8220;Es m\u00e1s del triple de lo que la administraci\u00f3n Trump gast\u00f3 en su primer mandato, a pesar de que el muro fue un fracaso a la hora de mejorar o contribuir de manera significativa a la estrategia de gesti\u00f3n fronteriza&#8221;, dijo el organismo entonces en un comunicado.<\/p>\n<\/div>\n<div class=\"bbc-19j92fr ebmt73l0\" dir=\"ltr\">\n<p class=\"bbc-hhl7in e17g058b0\" dir=\"ltr\">Consultado sobre la cuesti\u00f3n, el Departamento de Seguridad Nacional dijo que &#8220;el proyecto de ley permitir\u00e1 terminar el sistema del muro fronterizo que se inici\u00f3 con el primer mandato del presidente Trump&#8221;.<\/p>\n<\/div>\n<div class=\"bbc-19j92fr ebmt73l0\" dir=\"ltr\">\n<p class=\"bbc-hhl7in e17g058b0\" dir=\"ltr\">&#8220;Debido al proceso de adquisici\u00f3n en marcha para poder finalizar el muro, ser\u00eda irresponsable de cara al contribuyente estadounidense publicar las cifras (sobre el costo), ya que podr\u00edan afectar a futuras licitaciones&#8221;, se agrega en un comunicado atribuible a un portavoz del Departamento.<\/p>\n<p dir=\"ltr\">\n<\/div>\n<figure class=\"bbc-1qn0xuy\">\n<div class=\"bbc-1gbs0ve\">\n<div style=\"width: 1034px\" class=\"wp-caption alignnone\"><img loading=\"lazy\" decoding=\"async\" class=\"bbc-139onq\" src=\"https:\/\/ichef.bbci.co.uk\/ace\/ws\/640\/cpsprodpb\/f4e9\/live\/6cb064b0-7dfe-11f0-a34f-318be3fb0481.jpg.webp\" alt=\"El presidente estadounidense Donald Trump, acompa\u00f1ado de legisladores republicanos, sostiene el acta del Gran y Hermoso Proyecto de Ley durante un picnic militar familiar del D\u00eda de la Independencia en el Jard\u00edn Sur de la Casa Blanca el 4 de julio de 2025 en Washington, DC. (Foto: Samuel Corum\/Getty Images) \" width=\"1024\" height=\"683\" \/><p class=\"wp-caption-text\">Fuente de la imagen,Getty Images. El &#8220;gran y hermoso proyecto de ley&#8221; de Trump destina US$46.000 millones para el muro fronterizo y ampl\u00eda la financiaci\u00f3n al Servicio de Inmigraci\u00f3n y Control de Aduanas (ICE, por sus siglas en ingl\u00e9s).<\/p><\/div>\n<p class=\"bbc-by8ykd\" role=\"text\">\n<\/div>\n<\/figure>\n<div class=\"bbc-19j92fr ebmt73l0\" dir=\"ltr\">\n<p dir=\"ltr\">\n<p class=\"bbc-hhl7in e17g058b0\" dir=\"ltr\">El proyecto de ley aprobado a principios del verano boreal y bautizado por el propio presidente como el &#8220;gran bello proyecto de ley&#8221; (<i class=\"bbc-h1y5j7 eih42320\">One Big Beautiful Bill<\/i>) tambi\u00e9n contempla una mayor financiaci\u00f3n para el Servicio de Inmigraci\u00f3n y Control de Aduanas (ICE, por sus siglas en ingl\u00e9s) en general.<\/p>\n<\/div>\n<div class=\"bbc-19j92fr ebmt73l0\" dir=\"ltr\">\n<p class=\"bbc-hhl7in e17g058b0\" dir=\"ltr\">&#8220;Al aprobar este proyecto de ley, el Congreso est\u00e1 despojando de atenci\u00f3n m\u00e9dica vital a millones de estadounidenses para financiar una agenda de deportaci\u00f3n cada vez m\u00e1s agresiva, peligrosa y obsesiva&#8221;, denunci\u00f3 Sarah Mehta, directora adjunta para asuntos gubernamentales de la Uni\u00f3n Estadounidense de Libertades Civiles (ACLU).<\/p>\n<\/div>\n<div class=\"bbc-19j92fr ebmt73l0\" dir=\"ltr\">\n<p class=\"bbc-hhl7in e17g058b0\" dir=\"ltr\">&#8220;Con m\u00e1s de US$170.000 millones, ICE se convertir\u00e1 en la agencia de aplicaci\u00f3n de la ley m\u00e1s grande en EE.UU., con un presupuesto mayor que el de la mayor\u00eda de los ej\u00e9rcitos del mundo&#8221;, agreg\u00f3.<\/p>\n<\/div>\n<div class=\"bbc-19j92fr ebmt73l0\" dir=\"ltr\">\n<h2 id=\"Las-medidas-de-Trump-contra-la-inmigraci\u00f3n\" class=\"bbc-1lgzob2 eglt09e0\" tabindex=\"-1\">Las medidas de Trump contra la inmigraci\u00f3n<\/h2>\n<\/div>\n<div class=\"bbc-19j92fr ebmt73l0\" dir=\"ltr\">\n<p class=\"bbc-hhl7in e17g058b0\" dir=\"ltr\">El n\u00famero de cruces irregulares en la frontera se ha reducido dr\u00e1sticamente en los \u00faltimos meses, y la administraci\u00f3n Trump afirma que las detenciones masivas est\u00e1n funcionando como elemento disuasorio de la inmigraci\u00f3n irregular.<\/p>\n<\/div>\n<div class=\"bbc-19j92fr ebmt73l0\" dir=\"ltr\">\n<p class=\"bbc-hhl7in e17g058b0\" dir=\"ltr\">Noem a\u00f1adi\u00f3 que el gobierno tiene previsto instalar m\u00e1s &#8220;infraestructuras acu\u00e1ticas&#8221; a lo largo del R\u00edo Grande (R\u00edo Bravo en M\u00e9xico), que constituye m\u00e1s de la mitad de la frontera entre los dos pa\u00edses.<\/p>\n<\/div>\n<div class=\"bbc-19j92fr ebmt73l0\" dir=\"ltr\">\n<p class=\"bbc-hhl7in e17g058b0\" dir=\"ltr\">Aunque Noem no dio m\u00e1s detalles sobre esos proyectos, las autoridades de Texas ya han instalado grandes boyas naranjas con p\u00faas y vallas fortificadas en las riberas que son vigiladas por la polic\u00eda estatal, la polic\u00eda local y la Guardia Nacional de Texas a lo largo de algunos tramos del r\u00edo.<\/p>\n<\/div>\n<div class=\"bbc-19j92fr ebmt73l0\" dir=\"ltr\">\n<p class=\"bbc-hhl7in e17g058b0\" dir=\"ltr\">El n\u00famero de migrantes que cruzan irregularmente la frontera y son inmediatamente detenidos se ha reducido dr\u00e1sticamente desde que Trump volvi\u00f3 a la presidencia, con m\u00ednimos hist\u00f3ricos de aproximadamente 4.600 en julio y 6.000 en junio, lo que supone una reducci\u00f3n del 92% con respecto al a\u00f1o anterior.<\/p>\n<\/div>\n<div class=\"bbc-19j92fr ebmt73l0\" dir=\"ltr\">\n<p class=\"bbc-hhl7in e17g058b0\" dir=\"ltr\">Durante el gobierno de Biden, las detenciones llegaron a alcanzar una media de 6.000 al d\u00eda en algunos periodos.<\/p>\n<p dir=\"ltr\">\n<\/div>\n<figure class=\"bbc-1qn0xuy\">\n<div class=\"bbc-1gbs0ve\">\n<div style=\"width: 1034px\" class=\"wp-caption alignnone\"><img loading=\"lazy\" decoding=\"async\" class=\"bbc-139onq\" src=\"https:\/\/ichef.bbci.co.uk\/ace\/ws\/640\/cpsprodpb\/5585\/live\/a3f04590-7de9-11f0-ab3e-bd52082cd0ae.jpg.webp\" alt=\"Cadena de boyas naranjas con p\u00faas sobre el R\u00edo Bravo\" width=\"1024\" height=\"683\" \/><p class=\"wp-caption-text\">Fuente de la imagen,FRANCOIS PICARD\/AFP via Getty Images.\u00a0 Estas boyas con p\u00faas fueron instaladas por el estado de Texas en el R\u00edo Grande para evitar el paso de los migrantes desde M\u00e9xico.<\/p><\/div>\n<p class=\"bbc-by8ykd\" role=\"text\">\n<\/div>\n<\/figure>\n<div class=\"bbc-19j92fr ebmt73l0\" dir=\"ltr\">\n<p dir=\"ltr\">\n<p class=\"bbc-hhl7in e17g058b0\" dir=\"ltr\">A principios de agosto, Noem afirm\u00f3 que un total de 1,6 millones de inmigrantes indocumentados abandonaron Estados Unidos durante los primeros 200 d\u00edas del gobierno deTrump, aunque no especific\u00f3 cu\u00e1ntos fueron deportados y cu\u00e1ntos se marcharon por su cuenta.<\/p>\n<\/div>\n<div class=\"bbc-19j92fr ebmt73l0\" dir=\"ltr\">\n<p class=\"bbc-hhl7in e17g058b0\" dir=\"ltr\">La secretaria de prensa de la Casa Blanca, Karoline Leavitt, afirm\u00f3 a principios de agosto que un total de 300.000 inmigrantes indocumentados fueron detenidos en el pa\u00eds desde enero.<\/p>\n<\/div>\n<div class=\"bbc-19j92fr ebmt73l0\" dir=\"ltr\">\n<p class=\"bbc-hhl7in e17g058b0\" dir=\"ltr\">El gobierno sigue defendiendo que su prioridad son las personas con antecedentes penales, pero los defensores de los inmigrantes han denunciado que muchas personas sin cargos penales o con infracciones leves han terminado detenidas en las redadas.<\/p>\n<\/div>\n<div class=\"bbc-19j92fr ebmt73l0\" dir=\"ltr\">\n<p class=\"bbc-hhl7in e17g058b0\" dir=\"ltr\">La Casa Blanca sostiene que el aumento de la seguridad fronteriza y las deportaciones masivas han tenido un efecto disuasorio, y afirma que son la raz\u00f3n principal del descenso de las cifras en la frontera entre Estados Unidos y M\u00e9xico.<\/p>\n<\/div>\n","protected":false},"excerpt":{"rendered":"<p>&nbsp; &nbsp; El muro que separa a Estados Unidos y M\u00e9xico est\u00e1 siendo pintado de negro para que sea m\u00e1s caliente y dif\u00edcil de escalar,&hellip;<\/p>\n","protected":false},"author":99,"featured_media":535266,"comment_status":"open","ping_status":"open","sticky":false,"template":"","format":"standard","meta":{"footnotes":""},"categories":[24],"tags":[],"class_list":["post-535265","post","type-post","status-publish","format-standard","has-post-thumbnail","hentry","category-mundo"],"_links":{"self":[{"href":"https:\/\/diarioelpopular.com\/index.php\/wp-json\/wp\/v2\/posts\/535265","targetHints":{"allow":["GET"]}}],"collection":[{"href":"https:\/\/diarioelpopular.com\/index.php\/wp-json\/wp\/v2\/posts"}],"about":[{"href":"https:\/\/diarioelpopular.com\/index.php\/wp-json\/wp\/v2\/types\/post"}],"author":[{"embeddable":true,"href":"https:\/\/diarioelpopular.com\/index.php\/wp-json\/wp\/v2\/users\/99"}],"replies":[{"embeddable":true,"href":"https:\/\/diarioelpopular.com\/index.php\/wp-json\/wp\/v2\/comments?post=535265"}],"version-history":[{"count":1,"href":"https:\/\/diarioelpopular.com\/index.php\/wp-json\/wp\/v2\/posts\/535265\/revisions"}],"predecessor-version":[{"id":535267,"href":"https:\/\/diarioelpopular.com\/index.php\/wp-json\/wp\/v2\/posts\/535265\/revisions\/535267"}],"wp:featuredmedia":[{"embeddable":true,"href":"https:\/\/diarioelpopular.com\/index.php\/wp-json\/wp\/v2\/media\/535266"}],"wp:attachment":[{"href":"https:\/\/diarioelpopular.com\/index.php\/wp-json\/wp\/v2\/media?parent=535265"}],"wp:term":[{"taxonomy":"category","embeddable":true,"href":"https:\/\/diarioelpopular.com\/index.php\/wp-json\/wp\/v2\/categories?post=535265"},{"taxonomy":"post_tag","embeddable":true,"href":"https:\/\/diarioelpopular.com\/index.php\/wp-json\/wp\/v2\/tags?post=535265"}],"curies":[{"name":"wp","href":"https:\/\/api.w.org\/{rel}","templated":true}]}}