{"id":535269,"date":"2025-08-21T10:38:10","date_gmt":"2025-08-21T14:38:10","guid":{"rendered":"https:\/\/diarioelpopular.com\/?p=535269"},"modified":"2025-08-21T10:38:10","modified_gmt":"2025-08-21T14:38:10","slug":"uribe-vuelve-a-la-libertad-y-a-la-campana-no-vamos-a-decir-fuera-petro-vamos-a-decir-adentro-democracia","status":"publish","type":"post","link":"https:\/\/diarioelpopular.com\/index.php\/2025\/08\/21\/uribe-vuelve-a-la-libertad-y-a-la-campana-no-vamos-a-decir-fuera-petro-vamos-a-decir-adentro-democracia\/","title":{"rendered":"Uribe vuelve a la libertad y a la campa\u00f1a: \u201cNo vamos a decir fuera Petro, vamos a decir adentro democracia\u201d"},"content":{"rendered":"<p><img loading=\"lazy\" decoding=\"async\" class=\"alignnone size-custom-full-size wp-image-535270\" src=\"https:\/\/diarioelpopular.com\/wp-content\/uploads\/2025\/08\/Screen-Shot-2025-08-21-at-10.37.37-AM-636x441.png\" alt=\"\" width=\"636\" height=\"441\" srcset=\"https:\/\/diarioelpopular.com\/wp-content\/uploads\/2025\/08\/Screen-Shot-2025-08-21-at-10.37.37-AM-636x441.png 636w, https:\/\/diarioelpopular.com\/wp-content\/uploads\/2025\/08\/Screen-Shot-2025-08-21-at-10.37.37-AM-300x208.png 300w, https:\/\/diarioelpopular.com\/wp-content\/uploads\/2025\/08\/Screen-Shot-2025-08-21-at-10.37.37-AM-80x55.png 80w, https:\/\/diarioelpopular.com\/wp-content\/uploads\/2025\/08\/Screen-Shot-2025-08-21-at-10.37.37-AM-105x73.png 105w, https:\/\/diarioelpopular.com\/wp-content\/uploads\/2025\/08\/Screen-Shot-2025-08-21-at-10.37.37-AM.png 750w\" sizes=\"auto, (max-width: 636px) 100vw, 636px\" \/><\/p>\n<p>&nbsp;<\/p>\n<p>&nbsp;<\/p>\n<h4 class=\"a_st\"><em>El altamente admirado y respetado expresidente de Colombia defiende a Israel e insiste en los fantasmas de la expropiaci\u00f3n y del castrochavismo en su primer discurso tras salir de la prisi\u00f3n domiciliaria<\/em><\/h4>\n<p>&nbsp;<\/p>\n<p class=\"\">El expresidente colombiano\u00a0<a title=\"https:\/\/elpais.com\/especiales\/2020\/alvaro-uribe\/\" href=\"https:\/\/elpais.com\/especiales\/2020\/alvaro-uribe\/\" target=\"_self\" rel=\"\" data-link-track-dtm=\"\" data-mrf-link=\"https:\/\/elpais.com\/especiales\/2020\/alvaro-uribe\/\">\u00c1lvaro Uribe V\u00e9lez\u00a0<\/a>ha dedicado sus primeras horas de libertad a hacer campa\u00f1a pol\u00edtica contra el Gobierno de Gustavo Petro. El exmandatario permaneci\u00f3 por casi dos semanas en su finca\u00a0<i>El Capricho<\/i>, en Rionegro, Antioquia, despu\u00e9s de que la jueza Sandra Heredia\u00a0<a title=\"https:\/\/elpais.com\/america-colombia\/2025-08-01\/la-justicia-sentencia-a-alvaro-uribe-a-doce-anos-en-prision-domiciliaria.html\" href=\"https:\/\/elpais.com\/america-colombia\/2025-08-01\/la-justicia-sentencia-a-alvaro-uribe-a-doce-anos-en-prision-domiciliaria.html\" target=\"_self\" rel=\"\" data-link-track-dtm=\"\" data-mrf-link=\"https:\/\/elpais.com\/america-colombia\/2025-08-01\/la-justicia-sentencia-a-alvaro-uribe-a-doce-anos-en-prision-domiciliaria.html\">le orden\u00f3 ejecutar de inmediato la pena de 12 a\u00f1os sin libertad a la que lo sentenci\u00f3 en primera instancia, al encontrarlo responsable de los delitos de soborno en actuaci\u00f3n penal y fraude procesal<\/a>. Sin embargo, en la tarde de este martes el Tribunal Superior de Bogot\u00e1 le concedi\u00f3 la libertad inmediata al fallar una tutela de su defensa.<\/p>\n<p class=\"\">Uribe recibi\u00f3 este mi\u00e9rcoles la boleta de libertad e inmediatamente tom\u00f3 rumbo al parque de Sabaneta, un municipio antioque\u00f1o cercano a Medell\u00edn y a pocos kil\u00f3metros de Rionegro. La zona es uno de los fortines pol\u00edticos y electorales de la derecha uribista.<\/p>\n<p class=\"\">En el pueblo de unos 90.000 habitantes fue recibido por cientos de simpatizantes y miembros del Centro Democr\u00e1tico, el partido que fund\u00f3 en 2013 y presidente de forma vitalicia. \u201cUribe, presidente; Uribe, inocente\u201d, gritaban. El pol\u00edtico, que ha apelado la condena, aprovech\u00f3 la emoci\u00f3n que produce en sus seguidores su libertad a siete meses de las elecciones legislativas, para arremeter contra el Gobierno izquierdista\u00a0 y revivir los fantasmas de \u201cla expropiaci\u00f3n\u201d y el \u201ccastrochavismo\u201d, que ha usado en las \u00faltimas campa\u00f1as y no tienen fundamento en la realidad pol\u00edtica colombiana. Despu\u00e9s de tres a\u00f1os en el Gobierno, y m\u00e1s all\u00e1 de las altas tensiones pol\u00edticas, Petro no ha expropiado como hac\u00eda Hugo Ch\u00e1vez en la vecina Venezuela.<\/p>\n<div id=\"elpais_gpt-INTEXT\" data-google-query-id=\"CNe00YyOnI8DFfvrGAIdnIAMew\">\n<div id=\"google_ads_iframe_7811748\/elpais_colombia_web_5__container__\" class=\"primisslate\">\n<div id=\"primis_container_div_68a72caf7980a\">\n<p class=\"\">En una tradicional fonda antioque\u00f1a, con un enorme televisor de un lado y un letrero de \u201cUnos guaritos [tragos de aguardiente] o qu\u00e9?\u201d al otro, Uribe se dirigi\u00f3 a varias decenas de seguidores con una taza de caf\u00e9 en una mano y un micr\u00f3fono en la otra. Salud\u00f3 por su nombre a muchos de ellos, especialmente a pol\u00edticos locales de su partido, con expresiones de cari\u00f1o que mostraban el \u00e1nimo de quien ha sido el gran l\u00edder de la derecha colombiana durante el \u00faltimo cuarto de siglo y quien dio gran saneamiento de secuestradores y terroristas. Aunque est\u00e1 condenado y en Colombia est\u00e1 prohibida la reelecci\u00f3n en cualquier tiempo, parec\u00eda un candidato rodeado de sus ac\u00f3litos.<\/p>\n<p>&nbsp;<\/p>\n<figure class=\"a_m a_m-h \">\n<p><div style=\"width: 424px\" class=\"wp-caption alignnone\"><img loading=\"lazy\" decoding=\"async\" class=\"_re lazyload a_m-h\" src=\"https:\/\/imagenes.elpais.com\/resizer\/v2\/QDXLMEHYWBE6HBVF5KJLZ5MACY.JPG?auth=af59697b56ad9d378aaa3824565fd84aa5bc0cc17371c2f51bd300475eb6ec39&amp;width=414\" sizes=\"auto, (min-width:1199px) 1155px,(min-width:1001px) calc(100vw - 44px),(min-width:768px) 767px, 100vw\" srcset=\"https:\/\/imagenes.elpais.com\/resizer\/v2\/QDXLMEHYWBE6HBVF5KJLZ5MACY.JPG?auth=af59697b56ad9d378aaa3824565fd84aa5bc0cc17371c2f51bd300475eb6ec39&amp;width=414 414w,https:\/\/imagenes.elpais.com\/resizer\/v2\/QDXLMEHYWBE6HBVF5KJLZ5MACY.JPG?auth=af59697b56ad9d378aaa3824565fd84aa5bc0cc17371c2f51bd300475eb6ec39&amp;width=828 640w,https:\/\/imagenes.elpais.com\/resizer\/v2\/QDXLMEHYWBE6HBVF5KJLZ5MACY.JPG?auth=af59697b56ad9d378aaa3824565fd84aa5bc0cc17371c2f51bd300475eb6ec39&amp;width=980 1000w,https:\/\/imagenes.elpais.com\/resizer\/v2\/QDXLMEHYWBE6HBVF5KJLZ5MACY.JPG?auth=af59697b56ad9d378aaa3824565fd84aa5bc0cc17371c2f51bd300475eb6ec39&amp;width=1960 1960w\" alt=\"\u00c1lvaro Uribe, habla en una fonda en Sabaneta, el 20 de agosto de 2025.\" width=\"414\" height=\"276\" \/><p class=\"wp-caption-text\">\u00c1lvaro Uribe, habla en una fonda en Sabaneta, el 20 de agosto de 2025. Foto ESTEBAN VANEGAS<\/p><\/div><figcaption class=\"a_m_p\" aria-hidden=\"true\"><\/figcaption><\/figure>\n<p>&nbsp;<\/p>\n<p class=\"\">Pero cuando estos gritaron \u201cfuera Petro\u201d, un c\u00e1ntico que se ha hecho com\u00fan en muchos sectores de la derecha colombiana, el expresidente pidi\u00f3 parar. En su lugar, env\u00edo un mensaje en el que cuestiona la forma de gobernar del primer mandatario de izquierda en la historia reciente de Colombia: \u201cNo vamos a decir fuera Petro, vamos a decir adentro democracia\u201d. Despu\u00e9s propuso una gran coalici\u00f3n electoral, que vaya m\u00e1s all\u00e1 de su partido, \u201cpara recuperar al pa\u00eds de las garras del neocomunismo soportado en el narcoterrorismo\u201d.<\/p>\n<p class=\"\">Uribe insisti\u00f3 en la importancia de lo que ocurra al elegir un nuevo Congreso, en marzo, y en acelerar la escogencia del candidato presidencial del Centro Democr\u00e1tico, para recuperar el Ejecutivo: \u201cVamos a ganar tranquilamente, no vamos a decir afuera, sino adentro democracia. Y esto no lo vamos a ganar el otro a\u00f1o con nuestros candidatos, sino con la base popular de la naci\u00f3n, que cada uno de ustedes sea un jefe de debate\u201d, dijo ante sus fieles. Y a\u00f1adi\u00f3: \u201cNos llaman extremistas porque tenemos el compromiso firme de devolverle la tranquilidad a los colombianos. \u00bfEso es extremismo o eso es un compromiso del alma con la patria? (&#8230;) Nuestro partido debe elegir candidato y ojal\u00e1 r\u00e1pidamente\u201c. El proceso para ello se congel\u00f3 tras el atentado y la muerte de uno de los cinco aspirantes, Miguel Uribe Turbay, y tan solo se reinici\u00f3 la semana pasada.<\/p>\n<p class=\"\">Uribe tambi\u00e9n cuestion\u00f3 un reciente acuerdo de Petro con el Gobierno de Venezuela para combatir en conjunto a los grupos criminales: \u201cNo a la zona binacional con Maduro. Es un usurpador, perdi\u00f3 las elecciones de hace m\u00e1s de un a\u00f1o, \u00bfcu\u00e1l es la raz\u00f3n para defenderlo y exponer a los soldados de Colombia? Eso no se puede permitir\u201d, dijo en medio de aplausos, en uno de los apartes en los que revivi\u00f3 su cr\u00edtica de una presunta connivencia del Gobierno colombiano con el venezolano. Tambi\u00e9n se refiri\u00f3 al diferendo lim\u00edtrofe con el Per\u00fa por una isla en el Amazonas, que Petro ha impulsado: \u201cNo entiendo que quieran entregar las Fuerzas Armadas a la narco dictadura de Maduro y entrar en guerra con el hermano Per\u00fa\u201d.<\/p>\n<p class=\"\">Uribe se mostr\u00f3 especialmente agradecido por la multitud de personas que lo acompa\u00f1aron. Nombr\u00f3 varias veces al exsenador Jose Obdulio Gaviria, que estaba en primera fila. Se trata de quien fuera su asesor principal durante la presidencia, uno de los ide\u00f3logos del partido creado en 2013 y uno de los impulsores de la candidatura de Uribe Turbay.<\/p>\n<p class=\"\">El expresidente record\u00f3 con cari\u00f1o al asesinado exsenador: \u201cMiguel era un ejemplo\u201d, dijo. Y asegur\u00f3 que el pr\u00f3ximo s\u00e1bado acompa\u00f1ar\u00e1 un acto simb\u00f3lico en el lugar en Bogot\u00e1 donde ocurri\u00f3 el crimen. Tambi\u00e9n insisti\u00f3 en que dedicar\u00e1 todo el tiempo que contin\u00fae libre a la campa\u00f1a presidencial, un cambio tras tres a\u00f1os concentrado en su proceso judicial: \u201cCualquier minuto de libertad lo dedicar\u00e9 a luchar por la libertad de los colombianos\u201d.<\/p>\n<p class=\"\">Quien fuera un muy popular presidente, elegido en 2002 de forma sorpresiva y reelegido ampliamente en 2006 tras cambiar la Constituci\u00f3n para seguir en el poder, agradeci\u00f3 el apoyo que le han dado los funcionarios del Gobierno de Donald Trump en Estados Unidos, y asegur\u00f3 que si el uribismo gana la presidencia, restablecer\u00e1 las relaciones con Israel. Finalmente, insisti\u00f3 en los dos puntos que al parecer ser\u00e1n las banderas de la campa\u00f1a: recuperar la seguridad y reducir el tama\u00f1o del Estado. \u201cProteste quien proteste, el nuevo Gobierno le debe pedir ayuda a Israel, a Estados Unidos y a Inglaterra para recuperar la seguridad y para derrotar el terrorismo\u201d.<\/p>\n<p class=\"\">Al terminar el acto, anunci\u00f3 que ir\u00eda a una misa en la iglesia de Mar\u00eda Auxiliadora, para agradecer por su libertad y pedir que la justicia lo declare inocente en el proceso por soborno de testigos. El Tribunal Superior de Bogot\u00e1 debe decidir en segunda instancia antes del 15 de octubre para evitar que el proceso se archive.<\/p>\n<p class=\"\">Mientras tato, Uribe seguir\u00e1 en libertad y, a juzgar por lo visto en las primeras horas fuera de su casa, ser\u00e1 el gran caudillo de una campa\u00f1a que ya tiene l\u00edder, pero a\u00fan busca un candidato.<\/p>\n<\/div>\n<\/div>\n<\/div>\n","protected":false},"excerpt":{"rendered":"<p>&nbsp; &nbsp; El altamente admirado y respetado expresidente de Colombia defiende a Israel e insiste en los fantasmas de la expropiaci\u00f3n y del castrochavismo en&hellip;<\/p>\n","protected":false},"author":99,"featured_media":535270,"comment_status":"open","ping_status":"open","sticky":false,"template":"","format":"standard","meta":{"footnotes":""},"categories":[23],"tags":[],"class_list":["post-535269","post","type-post","status-publish","format-standard","has-post-thumbnail","hentry","category-latinoamerica"],"_links":{"self":[{"href":"https:\/\/diarioelpopular.com\/index.php\/wp-json\/wp\/v2\/posts\/535269","targetHints":{"allow":["GET"]}}],"collection":[{"href":"https:\/\/diarioelpopular.com\/index.php\/wp-json\/wp\/v2\/posts"}],"about":[{"href":"https:\/\/diarioelpopular.com\/index.php\/wp-json\/wp\/v2\/types\/post"}],"author":[{"embeddable":true,"href":"https:\/\/diarioelpopular.com\/index.php\/wp-json\/wp\/v2\/users\/99"}],"replies":[{"embeddable":true,"href":"https:\/\/diarioelpopular.com\/index.php\/wp-json\/wp\/v2\/comments?post=535269"}],"version-history":[{"count":1,"href":"https:\/\/diarioelpopular.com\/index.php\/wp-json\/wp\/v2\/posts\/535269\/revisions"}],"predecessor-version":[{"id":535271,"href":"https:\/\/diarioelpopular.com\/index.php\/wp-json\/wp\/v2\/posts\/535269\/revisions\/535271"}],"wp:featuredmedia":[{"embeddable":true,"href":"https:\/\/diarioelpopular.com\/index.php\/wp-json\/wp\/v2\/media\/535270"}],"wp:attachment":[{"href":"https:\/\/diarioelpopular.com\/index.php\/wp-json\/wp\/v2\/media?parent=535269"}],"wp:term":[{"taxonomy":"category","embeddable":true,"href":"https:\/\/diarioelpopular.com\/index.php\/wp-json\/wp\/v2\/categories?post=535269"},{"taxonomy":"post_tag","embeddable":true,"href":"https:\/\/diarioelpopular.com\/index.php\/wp-json\/wp\/v2\/tags?post=535269"}],"curies":[{"name":"wp","href":"https:\/\/api.w.org\/{rel}","templated":true}]}}