{"id":535278,"date":"2025-08-22T08:59:09","date_gmt":"2025-08-22T12:59:09","guid":{"rendered":"https:\/\/diarioelpopular.com\/?p=535278"},"modified":"2025-08-22T08:59:09","modified_gmt":"2025-08-22T12:59:09","slug":"buscan-a-sujeto-por-agresion-no-provocada-en-autobus-de-la-ttc","status":"publish","type":"post","link":"https:\/\/diarioelpopular.com\/index.php\/2025\/08\/22\/buscan-a-sujeto-por-agresion-no-provocada-en-autobus-de-la-ttc\/","title":{"rendered":"Buscan a sujeto por agresi\u00f3n no provocada en autob\u00fas de la TTC"},"content":{"rendered":"<div id=\"attachment_535279\" style=\"width: 646px\" class=\"wp-caption alignnone\"><img loading=\"lazy\" decoding=\"async\" aria-describedby=\"caption-attachment-535279\" class=\"wp-image-535279 size-custom-full-size\" src=\"https:\/\/diarioelpopular.com\/wp-content\/uploads\/2025\/08\/Screen-Shot-2025-08-22-at-8.55.22-AM-636x477.png\" alt=\"\" width=\"636\" height=\"477\" srcset=\"https:\/\/diarioelpopular.com\/wp-content\/uploads\/2025\/08\/Screen-Shot-2025-08-22-at-8.55.22-AM-636x477.png 636w, https:\/\/diarioelpopular.com\/wp-content\/uploads\/2025\/08\/Screen-Shot-2025-08-22-at-8.55.22-AM-300x225.png 300w, https:\/\/diarioelpopular.com\/wp-content\/uploads\/2025\/08\/Screen-Shot-2025-08-22-at-8.55.22-AM-768x576.png 768w, https:\/\/diarioelpopular.com\/wp-content\/uploads\/2025\/08\/Screen-Shot-2025-08-22-at-8.55.22-AM-97x73.png 97w, https:\/\/diarioelpopular.com\/wp-content\/uploads\/2025\/08\/Screen-Shot-2025-08-22-at-8.55.22-AM.png 850w\" sizes=\"auto, (max-width: 636px) 100vw, 636px\" \/><p id=\"caption-attachment-535279\" class=\"wp-caption-text\">Foto Polic\u00eda de Toronto<\/p><\/div>\n<p>&nbsp;<\/p>\n<p>&nbsp;<\/p>\n<ul>\n<li><em><strong>Investigadores necesitan ayuda para identificar a un malandr\u00edn buscado por una agresi\u00f3n no provocada en un autob\u00fas de la TTC en Weston.<\/strong><\/em><\/li>\n<\/ul>\n<p>&nbsp;<\/p>\n<p>La Polic\u00eda de Toronto informa que los agentes respondieron a una llamada por agresi\u00f3n en la zona de Weston Rd. y Church St. alrededor de las 18:40 h del mi\u00e9rcoles.<\/p>\n<p>La v\u00edctima se encontraba a bordo de un autob\u00fas de la TTC cuando el desconocido se acerc\u00f3 y agredi\u00f3 repetidamente al usuario sin provocaci\u00f3n alguna, seg\u00fan inform\u00f3 la polic\u00eda en un comunicado publicado el jueves. El agresor huy\u00f3 del lugar.<\/p>\n<p>La v\u00edctima sufri\u00f3 lesiones graves, seg\u00fan inform\u00f3 la polic\u00eda.<\/p>\n<p>Los investigadores han publicado una imagen del atacante con la esperanza de que el p\u00fablico lo reconozca y se presente.<\/p>\n<p>Se le describe como alto, de raza negra y complexi\u00f3n delgada, cabello negro corto y rizado, y bien afeitado. Vest\u00eda una camiseta blanca con un peque\u00f1o logo negro en la parte inferior, pantalones deportivos blancos con un peque\u00f1o logo negro en la parte superior y sandalias negras.<\/p>\n<p>Se insta a cualquier persona que tenga informaci\u00f3n sobre la identidad o el paradero del sospechoso a llamar a la polic\u00eda al 416-808-1200 o a Crime Stoppers de forma an\u00f3nima al 1-800-222-TIPS (8477).<\/p>\n<p><em><strong>Sujeto de 44 a\u00f1os est\u00e1 acusado de incitaci\u00f3n p\u00fablica al odio en l\u00ednea<\/strong><\/em><\/p>\n<p>La Polic\u00eda de Toronto dijo que el acusado realiz\u00f3 &#8220;repetidos comentarios en redes sociales dirigidos a m\u00faltiples grupos identificables&#8221; que conten\u00edan &#8220;ret\u00f3rica de odio, racista y xen\u00f3foba de naturaleza amenazante&#8221; entre el 10 y el 15 de agosto.<\/p>\n<p>Posteriormente, los investigadores identificaron al responsable y ejecutaron una orden de registro en su domicilio el mi\u00e9rcoles.<\/p>\n<p>Douglas Lothier, de Toronto, fue arrestado.<\/p>\n<p>Se le acusa de incitaci\u00f3n p\u00fablica al odio, realizar comunicaciones indecentes y proferir amenazas de causar lesiones corporales o la muerte.<\/p>\n<p>Se solicita a cualquier persona que tenga informaci\u00f3n sobre esta investigaci\u00f3n que llame a la polic\u00eda al 416-808-4842 o a Crime Stoppers de forma an\u00f3nima al 1-800-222-TIPS (8477).<\/p>\n<p><em><strong>Arrestado por intentar huir de la polic\u00eda<\/strong><\/em><\/p>\n<p>Un individuo de 21 a\u00f1os de Brampton enfrenta ocho cargos relacionados con conducci\u00f3n peligrosa tras intentar huir de la polic\u00eda durante una reuni\u00f3n il\u00edcita de veh\u00edculos.<\/p>\n<p>La Polic\u00eda Regional de Peel respondi\u00f3 a reportes de una gran concentraci\u00f3n y conducci\u00f3n peligrosa el 16 de agosto alrededor de las 10 p. m. en Trinity Common Mall, cerca de la autopista 410 y Bovaird Dr., e intent\u00f3 detener un Dodge Challenger blanco, al llegar.<\/p>\n<p>La polic\u00eda inform\u00f3 que el conductor intent\u00f3 evadir a los agentes, pero el veh\u00edculo fue contenido para evitar que escapara.<\/p>\n<p>&#8220;Una vez detenido, el conductor abandon\u00f3 el veh\u00edculo e intent\u00f3 huir a pie&#8221;, declar\u00f3 la polic\u00eda en un comunicado. &#8220;Tras una breve persecuci\u00f3n a pie, el conductor fue detenido&#8221;.<\/p>\n<p>Ajaypreet Sidhu fue acusado de delitos como conducir a extrema velocidad, ruido innecesario, conducir un veh\u00edculo que no cumple con las normas de emisiones, placas camufladas, no entregar la licencia de conducir, alteraci\u00f3n del orden p\u00fablico y huir de un agente del orden p\u00fablico.<\/p>\n<p>La polic\u00eda inform\u00f3 que le suspendieron la licencia de conducir y le incautaron el veh\u00edculo.<\/p>\n<p>&#8220;Los agentes continuar\u00e1n realizando patrullajes regulares en las plazas de la regi\u00f3n, incluido el centro comercial Trinity Common&#8221;, declar\u00f3 la polic\u00eda. Los residentes podr\u00edan notar un aumento ocasional de la presencia policial para garantizar la seguridad p\u00fablica.<\/p>\n<p><em><strong>Adolescente buscado por quitrse el ratreador<\/strong><\/em><\/p>\n<div id=\"attachment_535280\" style=\"width: 646px\" class=\"wp-caption alignnone\"><img loading=\"lazy\" decoding=\"async\" aria-describedby=\"caption-attachment-535280\" class=\"wp-image-535280 size-custom-full-size\" src=\"https:\/\/diarioelpopular.com\/wp-content\/uploads\/2025\/08\/Screen-Shot-2025-08-22-at-8.56.35-AM-636x476.png\" alt=\"\" width=\"636\" height=\"476\" srcset=\"https:\/\/diarioelpopular.com\/wp-content\/uploads\/2025\/08\/Screen-Shot-2025-08-22-at-8.56.35-AM-636x476.png 636w, https:\/\/diarioelpopular.com\/wp-content\/uploads\/2025\/08\/Screen-Shot-2025-08-22-at-8.56.35-AM-300x225.png 300w, https:\/\/diarioelpopular.com\/wp-content\/uploads\/2025\/08\/Screen-Shot-2025-08-22-at-8.56.35-AM-768x575.png 768w, https:\/\/diarioelpopular.com\/wp-content\/uploads\/2025\/08\/Screen-Shot-2025-08-22-at-8.56.35-AM-97x73.png 97w, https:\/\/diarioelpopular.com\/wp-content\/uploads\/2025\/08\/Screen-Shot-2025-08-22-at-8.56.35-AM.png 844w\" sizes=\"auto, (max-width: 636px) 100vw, 636px\" \/><p id=\"caption-attachment-535280\" class=\"wp-caption-text\">Foto Polic\u00eda de Toronto<\/p><\/div>\n<p>Un delincuente de Toronto de 19 a\u00f1os, previamente acusado de agresi\u00f3n sexual y de proferir amenazas de muerte, es buscado por la polic\u00eda tras quitarse el dispositivo de monitoreo ordenado por el tribunal.<\/p>\n<p>La Polic\u00eda de Toronto inform\u00f3 que MD Estiakur Suhag enfrenta otro cargo por incumplimiento de una orden de liberaci\u00f3n tras huir sin el dispositivo de monitoreo de tobillo.<\/p>\n<p>Suhag fue puesto en libertad el 1 de agosto tras ser acusado de confinamiento forzoso, amenazas de muerte, incumplimiento de una previa orden de liberaci\u00f3n, dos cargos de agresi\u00f3n sexual y tres cargos de agresi\u00f3n.<\/p>\n<p>La polic\u00eda indic\u00f3 que podr\u00eda conducir un sed\u00e1n Honda plateado con matr\u00edcula de Ontario DEKD103.<\/p>\n<p>Cualquier persona que tenga informaci\u00f3n sobre su paradero debe comunicarse con la polic\u00eda al 416-808-4100 o con Crime Stoppers de forma an\u00f3nima al 416-222-8477. 222tips.com.<\/p>\n","protected":false},"excerpt":{"rendered":"<p>&nbsp; &nbsp; Investigadores necesitan ayuda para identificar a un malandr\u00edn buscado por una agresi\u00f3n no provocada en un autob\u00fas de la TTC en Weston. &nbsp;&hellip;<\/p>\n","protected":false},"author":99,"featured_media":535279,"comment_status":"open","ping_status":"open","sticky":false,"template":"","format":"standard","meta":{"footnotes":""},"categories":[11364],"tags":[],"class_list":["post-535278","post","type-post","status-publish","format-standard","has-post-thumbnail","hentry","category-toronto-gta"],"_links":{"self":[{"href":"https:\/\/diarioelpopular.com\/index.php\/wp-json\/wp\/v2\/posts\/535278","targetHints":{"allow":["GET"]}}],"collection":[{"href":"https:\/\/diarioelpopular.com\/index.php\/wp-json\/wp\/v2\/posts"}],"about":[{"href":"https:\/\/diarioelpopular.com\/index.php\/wp-json\/wp\/v2\/types\/post"}],"author":[{"embeddable":true,"href":"https:\/\/diarioelpopular.com\/index.php\/wp-json\/wp\/v2\/users\/99"}],"replies":[{"embeddable":true,"href":"https:\/\/diarioelpopular.com\/index.php\/wp-json\/wp\/v2\/comments?post=535278"}],"version-history":[{"count":1,"href":"https:\/\/diarioelpopular.com\/index.php\/wp-json\/wp\/v2\/posts\/535278\/revisions"}],"predecessor-version":[{"id":535281,"href":"https:\/\/diarioelpopular.com\/index.php\/wp-json\/wp\/v2\/posts\/535278\/revisions\/535281"}],"wp:featuredmedia":[{"embeddable":true,"href":"https:\/\/diarioelpopular.com\/index.php\/wp-json\/wp\/v2\/media\/535279"}],"wp:attachment":[{"href":"https:\/\/diarioelpopular.com\/index.php\/wp-json\/wp\/v2\/media?parent=535278"}],"wp:term":[{"taxonomy":"category","embeddable":true,"href":"https:\/\/diarioelpopular.com\/index.php\/wp-json\/wp\/v2\/categories?post=535278"},{"taxonomy":"post_tag","embeddable":true,"href":"https:\/\/diarioelpopular.com\/index.php\/wp-json\/wp\/v2\/tags?post=535278"}],"curies":[{"name":"wp","href":"https:\/\/api.w.org\/{rel}","templated":true}]}}