{"id":535285,"date":"2025-08-22T09:11:45","date_gmt":"2025-08-22T13:11:45","guid":{"rendered":"https:\/\/diarioelpopular.com\/?p=535285"},"modified":"2025-08-22T09:11:45","modified_gmt":"2025-08-22T13:11:45","slug":"una-jueza-ordena-el-cese-de-operaciones-de-alligator-alcatraz-en-un-plazo-de-60-dias","status":"publish","type":"post","link":"https:\/\/diarioelpopular.com\/index.php\/2025\/08\/22\/una-jueza-ordena-el-cese-de-operaciones-de-alligator-alcatraz-en-un-plazo-de-60-dias\/","title":{"rendered":"Una jueza ordena el cese de operaciones de Alligator Alcatraz en un plazo de 60 d\u00edas"},"content":{"rendered":"<div id=\"attachment_535286\" style=\"width: 1210px\" class=\"wp-caption alignnone\"><img loading=\"lazy\" decoding=\"async\" aria-describedby=\"caption-attachment-535286\" class=\"wp-image-535286 size-custom-big-size\" src=\"https:\/\/diarioelpopular.com\/wp-content\/uploads\/2025\/08\/Screen-Shot-2025-08-22-at-9.10.38-AM-1200x683.png\" alt=\"\" width=\"1200\" height=\"683\" srcset=\"https:\/\/diarioelpopular.com\/wp-content\/uploads\/2025\/08\/Screen-Shot-2025-08-22-at-9.10.38-AM-1200x683.png 1200w, https:\/\/diarioelpopular.com\/wp-content\/uploads\/2025\/08\/Screen-Shot-2025-08-22-at-9.10.38-AM-300x171.png 300w, https:\/\/diarioelpopular.com\/wp-content\/uploads\/2025\/08\/Screen-Shot-2025-08-22-at-9.10.38-AM-768x437.png 768w, https:\/\/diarioelpopular.com\/wp-content\/uploads\/2025\/08\/Screen-Shot-2025-08-22-at-9.10.38-AM-636x362.png 636w, https:\/\/diarioelpopular.com\/wp-content\/uploads\/2025\/08\/Screen-Shot-2025-08-22-at-9.10.38-AM-128x73.png 128w, https:\/\/diarioelpopular.com\/wp-content\/uploads\/2025\/08\/Screen-Shot-2025-08-22-at-9.10.38-AM.png 1024w\" sizes=\"auto, (max-width: 1200px) 100vw, 1200px\" \/><p id=\"caption-attachment-535286\" class=\"wp-caption-text\">Donald Trump ufan\u00e1ndose en Alligator Alcatraz, Florida, el pasado 1 de julio de 2025. Evelyn Hockstein (REUTERS)<\/p><\/div>\n<p>&nbsp;<\/p>\n<p>&nbsp;<\/p>\n<div class=\"a_e_txt _df\">\n<h4 class=\"a_st\"><em>&#8211; En la sentencia a una demanda interpuesta por ambientalistas y una tribu nativa de los Everglades, la magistrada proh\u00edbe la expansi\u00f3n del centro de detenci\u00f3n y dicta su efectivo desmantelamiento<\/em><\/h4>\n<\/div>\n<div class=\"a_e_m\"><\/div>\n<div><\/div>\n<div>\n<p class=\"\">Cuando\u00a0<a title=\"https:\/\/elpais.com\/us\/migracion\/2025-06-25\/alligator-alcatraz-florida-levanta-un-centro-de-detencion-de-inmigrantes-en-los-everglades.html\" href=\"https:\/\/elpais.com\/us\/migracion\/2025-06-25\/alligator-alcatraz-florida-levanta-un-centro-de-detencion-de-inmigrantes-en-los-everglades.html\" target=\"_self\" rel=\"\" data-link-track-dtm=\"\" data-mrf-link=\"https:\/\/elpais.com\/us\/migracion\/2025-06-25\/alligator-alcatraz-florida-levanta-un-centro-de-detencion-de-inmigrantes-en-los-everglades.html\">Alligator Alcatraz apenas era poco m\u00e1s que un rumor<\/a>, a finales de junio, una demanda interpuesta por grupos ambientalistas impugn\u00f3 la legalidad del sitio, que fue levantado en apenas ocho d\u00edas en medio de los pantanos de los Everglades al oeste de Miami sin consulta p\u00fablica ni revisi\u00f3n medioambiental. En la noche de este jueves, una jueza federal les ha dado la raz\u00f3n y ha ordenado que la infame c\u00e1rcel para migrantes cese sus operaciones en 60 d\u00edas.<\/p>\n<p class=\"\">La magistrada Kathleen Williams ha dictaminado que las instalaciones del centro de detenci\u00f3n ubicado en una Reserva de la Biosfera de la UNESCO y Patrimonio Mundial, un \u00e1rea protegida de alta sensibilidad medioambiental y que la tribu nativa de los Miccosukee considera sagrada, violan la ley. \u201cLa Reserva Nacional Big Cypress se cre\u00f3 para proteger esta zona. Desde entonces, todos los gobernadores de Florida, todos los senadores de Florida y un sinf\u00edn de figuras pol\u00edticas locales y nacionales, incluidos presidentes, han prometido p\u00fablicamente su apoyo inequ\u00edvoco a la restauraci\u00f3n, conservaci\u00f3n y protecci\u00f3n de los Everglades. Esta Orden no hace m\u00e1s que cumplir los requisitos b\u00e1sicos de la legislaci\u00f3n dise\u00f1ada para cumplir esas promesas\u201d, dice la sentencia.<\/p>\n<div>\n<div id=\"primisPlayerContainerDiv\" class=\"primisslate\">\n<div id=\"primis_container_div_68a86b199052a\">\n<p class=\"\">Si bien la jueza ya hab\u00eda ordenado\u00a0<a title=\"https:\/\/elpais.com\/us\/migracion\/2025-08-07\/una-jueza-federal-pausa-la-construccion-en-el-centro-de-detencion-alligator-alcatraz.html\" href=\"https:\/\/elpais.com\/us\/migracion\/2025-08-07\/una-jueza-federal-pausa-la-construccion-en-el-centro-de-detencion-alligator-alcatraz.html\" target=\"_self\" rel=\"\" data-link-track-dtm=\"\" data-mrf-link=\"https:\/\/elpais.com\/us\/migracion\/2025-08-07\/una-jueza-federal-pausa-la-construccion-en-el-centro-de-detencion-alligator-alcatraz.html\">hace dos semanas detener temporalmente cualquier construcci\u00f3n<\/a> mientras segu\u00eda la demanda, ahora su decisi\u00f3n es final. Por un lado, proh\u00edbe la expansi\u00f3n del centro y el env\u00edo de m\u00e1s personas detenidas, pero adem\u00e1s dicta que en un plazo de m\u00e1ximo dos meses se desinstalen todas las cercas temporales, luces artificiales, as\u00ed como generadores o sistemas de deshechos. Aunque permite que las estructuras habitacionales permanezcan, en efecto, ordena su desmantelamiento.<\/p>\n<p>&nbsp;<\/p>\n<figure class=\"a_m a_m-h \">\n<p><div style=\"width: 424px\" class=\"wp-caption alignnone\"><img loading=\"lazy\" decoding=\"async\" class=\"_re lazyload a_m-h\" src=\"https:\/\/imagenes.elpais.com\/resizer\/v2\/ZB5NHOU3FZB6JKEDT6IYNMKGXA.jpg?auth=be094bed909e0987c1177c878f79c01acb02c516ddaaef05e6701fd0eb326cce&amp;width=414\" sizes=\"auto, (min-width:1199px) 1155px,(min-width:1001px) calc(100vw - 44px),(min-width:768px) 767px, 100vw\" srcset=\"https:\/\/imagenes.elpais.com\/resizer\/v2\/ZB5NHOU3FZB6JKEDT6IYNMKGXA.jpg?auth=be094bed909e0987c1177c878f79c01acb02c516ddaaef05e6701fd0eb326cce&amp;width=414 414w,https:\/\/imagenes.elpais.com\/resizer\/v2\/ZB5NHOU3FZB6JKEDT6IYNMKGXA.jpg?auth=be094bed909e0987c1177c878f79c01acb02c516ddaaef05e6701fd0eb326cce&amp;width=828 640w,https:\/\/imagenes.elpais.com\/resizer\/v2\/ZB5NHOU3FZB6JKEDT6IYNMKGXA.jpg?auth=be094bed909e0987c1177c878f79c01acb02c516ddaaef05e6701fd0eb326cce&amp;width=980 1000w,https:\/\/imagenes.elpais.com\/resizer\/v2\/ZB5NHOU3FZB6JKEDT6IYNMKGXA.jpg?auth=be094bed909e0987c1177c878f79c01acb02c516ddaaef05e6701fd0eb326cce&amp;width=1960 1960w\" alt=\"Alligator Alcatraz en los Everglades de Florida, el 4 de julio.\" width=\"414\" height=\"233\" \/><p class=\"wp-caption-text\">Alligator Alcatraz en los Everglades de Florida, el 4 de julio.\u00a0 \u00a0 \u00a0 Foto Rebecca Blackwell (AP)<\/p><\/div><figcaption class=\"a_m_p\" aria-hidden=\"true\"><\/figcaption><\/figure>\n<p>&nbsp;<\/p>\n<p class=\"\"><a title=\"https:\/\/elpais.com\/us\/migracion\/2025-08-19\/una-semana-decisiva-para-alligator-alcatraz-dos-demandas-determinaran-el-futuro-del-infame-centro-de-detencion-de-migrantes.html\" href=\"https:\/\/elpais.com\/us\/migracion\/2025-08-19\/una-semana-decisiva-para-alligator-alcatraz-dos-demandas-determinaran-el-futuro-del-infame-centro-de-detencion-de-migrantes.html\" target=\"_self\" rel=\"\" data-link-track-dtm=\"\" data-mrf-link=\"https:\/\/elpais.com\/us\/migracion\/2025-08-19\/una-semana-decisiva-para-alligator-alcatraz-dos-demandas-determinaran-el-futuro-del-infame-centro-de-detencion-de-migrantes.html\">La demanda<\/a>\u00a0de los grupos Amigos de los Everglades, Earthjustice, y el Centro para la Diversidad Biol\u00f3gica, al Departamento de Seguridad Nacional (DHS), el Servicio de Inmigraci\u00f3n y Aduanas (ICE), el Estado de Florida y el Condado Miami-Dade, alegaba que la operaci\u00f3n del centro de detenci\u00f3n causar\u00eda un da\u00f1o irreparable al ecosistema, y que las autoridades violaron leyes federales que exigen estudios de impacto antes de proyectos de este tipo. Los Miccosukee se sumaron al pleito y alegaron tambi\u00e9n que sus comunidades se encuentran a menos de 20 kil\u00f3metros del centro de detenci\u00f3n. Esta tribu considera al extenso sistema de humedales su territorio ancestral. Documentos de la corte muestran mapas de la zona con docenas de sitios identificados por los Miccosukee como sagrados o de importancia.<\/p>\n<p class=\"\">Las reacciones de los demandantes no se han hecho esperar. Eve Samples, directora ejecutiva de Amigos de los Everglades, asegur\u00f3 que \u201ces una victoria hist\u00f3rica para los Everglades y para innumerables estadounidenses que creen que esta \u00e1rea silvestre en peligro debe ser protegida, no explotada\u201d, declar\u00f3. \u201cEnv\u00eda un mensaje claro: los l\u00edderes al m\u00e1s alto nivel de nuestro gobierno deben respetar las leyes ambientales, y su incumplimiento conlleva consecuencias\u201d. Asimismo, Talbert Cypress, jeje de la Tribu Miccosukee, celebr\u00f3 la decisi\u00f3n y dijo que seguir\u00e1n \u201cluchando para garantizar que el gobierno no eluda sus requisitos legales de revisi\u00f3n ambiental en tierras p\u00fablicas confiscadas, sagradas para nuestro pueblo. Siempre defenderemos nuestra cultura, nuestra soberan\u00eda y los Everglades. Cuando se trata de nuestra patria, no hay concesiones\u201d.<\/p>\n<p class=\"\">Alligator Alcatraz fue levantado a finales de junio pasado con carpas de lona, ba\u00f1os port\u00e1tiles y tr\u00e1ileres de la Agencia Federal para el Manejo de Emergencias (FEMA) en la pista del Aeropuerto Dade-Collier, al oeste de Miami, con el objetivo de albergar hasta 5.000 personas. Tras su inauguraci\u00f3n con la visita de espaldarazo del presidente Trump a principios de julio, comenz\u00f3 a recibir detenidos. Un mes despu\u00e9s de abrir, el gobernador de Florida, el tambi\u00e9n republicano Ron DeSantis, asegur\u00f3 que m\u00e1s de un centenar de personas hab\u00edan sido deportadas desde el lugar.<\/p>\n<p>&nbsp;<\/p>\n<figure class=\"a_m a_m-h \">\n<p><div style=\"width: 424px\" class=\"wp-caption alignnone\"><img loading=\"lazy\" decoding=\"async\" class=\"_re lazyload a_m-h\" src=\"https:\/\/imagenes.elpais.com\/resizer\/v2\/YDTT6CVKEROKHGS3I6IIQZBXQ4.jpg?auth=968e2b858294c58202526858efd20a3dc0f6de4f7be128bde1b7715d7c9fded9&amp;width=414\" sizes=\"auto, (min-width:1199px) 1155px,(min-width:1001px) calc(100vw - 44px),(min-width:768px) 767px, 100vw\" srcset=\"https:\/\/imagenes.elpais.com\/resizer\/v2\/YDTT6CVKEROKHGS3I6IIQZBXQ4.jpg?auth=968e2b858294c58202526858efd20a3dc0f6de4f7be128bde1b7715d7c9fded9&amp;width=414 414w,https:\/\/imagenes.elpais.com\/resizer\/v2\/YDTT6CVKEROKHGS3I6IIQZBXQ4.jpg?auth=968e2b858294c58202526858efd20a3dc0f6de4f7be128bde1b7715d7c9fded9&amp;width=828 640w,https:\/\/imagenes.elpais.com\/resizer\/v2\/YDTT6CVKEROKHGS3I6IIQZBXQ4.jpg?auth=968e2b858294c58202526858efd20a3dc0f6de4f7be128bde1b7715d7c9fded9&amp;width=980 1000w,https:\/\/imagenes.elpais.com\/resizer\/v2\/YDTT6CVKEROKHGS3I6IIQZBXQ4.jpg?auth=968e2b858294c58202526858efd20a3dc0f6de4f7be128bde1b7715d7c9fded9&amp;width=1960 1960w\" alt=\"Manifestantes sostienen carteles en apoyo a los inmigrantes detenidos en Alligator Alcatraz, el 10 de agosto de 2025.\" width=\"414\" height=\"276\" \/><p class=\"wp-caption-text\">Manifestantes sostienen carteles en apoyo a los inmigrantes detenidos en Alligator Alcatraz, el 10 de agosto de 2025.\u00a0 \u00a0 \u00a0 \u00a0 \u00a0 \u00a0 \u00a0Foto Marco Bello (REUTERS)<\/p><\/div><figcaption class=\"a_m_p\" aria-hidden=\"true\"><\/figcaption><\/figure>\n<p>&nbsp;<\/p>\n<p class=\"\">Es precisamente lo que las autoridades del Estado pretend\u00edan hacer con el centro: DeSantis lo describi\u00f3 en su momento como un \u201ctodo en uno\u201d que permitir\u00eda deportar r\u00e1pidamente a los detenidos gracias a la larga pista de aterrizaje de 3.200 metros del antiguo Aeropuerto Dade-Collier. Esa pista es lo que quedaba de lo que fue un ambicioso proyecto inconcluso de los a\u00f1os sesenta que buscaba construir el aeropuerto m\u00e1s grande de la regi\u00f3n, pero fue cancelado tras litigios con ambientalistas locales de la zona.<\/p>\n<p class=\"\">Los Everglades son un complejo mosaico de pantanos, marismas y manglares apodado el \u201cr\u00edo de hierba\u201d que transporta el agua desde el lago Okeechobee, al norte de la pen\u00ednsula, hasta la bah\u00eda de Florida. Este ecosistema subtropical sirve de reserva natural de agua dulce, a la vez que regula inundaciones y sequ\u00edas. Desde hace d\u00e9cadas, sin embargo, el flujo natural de su agua se ha visto perjudicado por la agricultura y la urbanizaci\u00f3n de la zona. El Gobierno federal ha asignado millones de d\u00f3lares para restaurarlo.<\/p>\n<p class=\"\">Para la tribu Miccosukee, el nuevo centro de detenci\u00f3n \u201camenaza\u201d todo progreso que se haya logrado en las labores de restauraci\u00f3n respaldadas por el Gobierno, indicaron al sumarse a la demanda. \u201cNo se han estudiado los impactos ambientales\u201d, dijo la tribu en un comunicado. El Departamento de Seguridad Nacional, por su parte, calific\u00f3 la demanda como \u201csin fundamento\u201d.<\/p>\n<p class=\"\">Las quejas por malas condiciones y malos tratos a los detenidos han estado tambi\u00e9n bajo el escrutinio p\u00fablico, tras denuncias de reclusos que aseguran que no tienen higiene y alimentaci\u00f3n adecuadas y que las autoridades los presionan para que acepten ser deportados.\u00a0<a title=\"https:\/\/elpais.com\/us\/migracion\/2025-08-19\/una-semana-decisiva-para-alligator-alcatraz-dos-demandas-determinaran-el-futuro-del-infame-centro-de-detencion-de-migrantes.html\" href=\"https:\/\/elpais.com\/us\/migracion\/2025-08-19\/una-semana-decisiva-para-alligator-alcatraz-dos-demandas-determinaran-el-futuro-del-infame-centro-de-detencion-de-migrantes.html\" target=\"_self\" rel=\"\" data-link-track-dtm=\"\" data-mrf-link=\"https:\/\/elpais.com\/us\/migracion\/2025-08-19\/una-semana-decisiva-para-alligator-alcatraz-dos-demandas-determinaran-el-futuro-del-infame-centro-de-detencion-de-migrantes.html\">Un juez fall\u00f3 esta semana sobre otra demanda<\/a>\u00a0que alegaba que los detenidos no tienen acceso al sistema de justicia, interpuesta por abogados y defensores de los inmigrantes que, al presentar recursos legales para sus clientes en los tribunales en Miami, encontraron que el centro de detenci\u00f3n estaba fuera de su jurisdicci\u00f3n. El juez orden\u00f3 trasladar la demanda a otro tribunal en el centro de Florida para continuar el litigio.<\/p>\n<\/div>\n<\/div>\n<\/div>\n<\/div>\n","protected":false},"excerpt":{"rendered":"<p>&nbsp; &nbsp; &#8211; En la sentencia a una demanda interpuesta por ambientalistas y una tribu nativa de los Everglades, la magistrada proh\u00edbe la expansi\u00f3n del&hellip;<\/p>\n","protected":false},"author":99,"featured_media":535286,"comment_status":"open","ping_status":"open","sticky":false,"template":"","format":"standard","meta":{"footnotes":""},"categories":[24],"tags":[],"class_list":["post-535285","post","type-post","status-publish","format-standard","has-post-thumbnail","hentry","category-mundo"],"_links":{"self":[{"href":"https:\/\/diarioelpopular.com\/index.php\/wp-json\/wp\/v2\/posts\/535285","targetHints":{"allow":["GET"]}}],"collection":[{"href":"https:\/\/diarioelpopular.com\/index.php\/wp-json\/wp\/v2\/posts"}],"about":[{"href":"https:\/\/diarioelpopular.com\/index.php\/wp-json\/wp\/v2\/types\/post"}],"author":[{"embeddable":true,"href":"https:\/\/diarioelpopular.com\/index.php\/wp-json\/wp\/v2\/users\/99"}],"replies":[{"embeddable":true,"href":"https:\/\/diarioelpopular.com\/index.php\/wp-json\/wp\/v2\/comments?post=535285"}],"version-history":[{"count":1,"href":"https:\/\/diarioelpopular.com\/index.php\/wp-json\/wp\/v2\/posts\/535285\/revisions"}],"predecessor-version":[{"id":535287,"href":"https:\/\/diarioelpopular.com\/index.php\/wp-json\/wp\/v2\/posts\/535285\/revisions\/535287"}],"wp:featuredmedia":[{"embeddable":true,"href":"https:\/\/diarioelpopular.com\/index.php\/wp-json\/wp\/v2\/media\/535286"}],"wp:attachment":[{"href":"https:\/\/diarioelpopular.com\/index.php\/wp-json\/wp\/v2\/media?parent=535285"}],"wp:term":[{"taxonomy":"category","embeddable":true,"href":"https:\/\/diarioelpopular.com\/index.php\/wp-json\/wp\/v2\/categories?post=535285"},{"taxonomy":"post_tag","embeddable":true,"href":"https:\/\/diarioelpopular.com\/index.php\/wp-json\/wp\/v2\/tags?post=535285"}],"curies":[{"name":"wp","href":"https:\/\/api.w.org\/{rel}","templated":true}]}}