{"id":535303,"date":"2025-08-25T08:56:51","date_gmt":"2025-08-25T12:56:51","guid":{"rendered":"https:\/\/diarioelpopular.com\/?p=535303"},"modified":"2025-08-25T08:56:51","modified_gmt":"2025-08-25T12:56:51","slug":"la-policia-publica-fotos-de-un-vehiculo-relacionado-con-el-asesinato-de-nino-de-8-anos","status":"publish","type":"post","link":"https:\/\/diarioelpopular.com\/index.php\/2025\/08\/25\/la-policia-publica-fotos-de-un-vehiculo-relacionado-con-el-asesinato-de-nino-de-8-anos\/","title":{"rendered":"La polic\u00eda publica fotos de un veh\u00edculo relacionado con el asesinato de ni\u00f1o de 8 a\u00f1os"},"content":{"rendered":"<div id=\"attachment_535304\" style=\"width: 646px\" class=\"wp-caption alignnone\"><img loading=\"lazy\" decoding=\"async\" aria-describedby=\"caption-attachment-535304\" class=\"wp-image-535304 size-custom-full-size\" src=\"https:\/\/diarioelpopular.com\/wp-content\/uploads\/2025\/08\/Screen-Shot-2025-08-25-at-8.56.08-AM-636x482.png\" alt=\"\" width=\"636\" height=\"482\" srcset=\"https:\/\/diarioelpopular.com\/wp-content\/uploads\/2025\/08\/Screen-Shot-2025-08-25-at-8.56.08-AM-636x482.png 636w, https:\/\/diarioelpopular.com\/wp-content\/uploads\/2025\/08\/Screen-Shot-2025-08-25-at-8.56.08-AM-300x227.png 300w, https:\/\/diarioelpopular.com\/wp-content\/uploads\/2025\/08\/Screen-Shot-2025-08-25-at-8.56.08-AM-768x581.png 768w, https:\/\/diarioelpopular.com\/wp-content\/uploads\/2025\/08\/Screen-Shot-2025-08-25-at-8.56.08-AM-96x73.png 96w, https:\/\/diarioelpopular.com\/wp-content\/uploads\/2025\/08\/Screen-Shot-2025-08-25-at-8.56.08-AM.png 840w\" sizes=\"auto, (max-width: 636px) 100vw, 636px\" \/><p id=\"caption-attachment-535304\" class=\"wp-caption-text\">Foto Polic\u00eda de Toronto<\/p><\/div>\n<p>&nbsp;<\/p>\n<p>&nbsp;<\/p>\n<ul>\n<li><em><strong>La polic\u00eda de Toronto busca lo que se cree que es un Acura blanco vinculado al tiroteo fatal.<\/strong><\/em><\/li>\n<\/ul>\n<p>&nbsp;<\/p>\n<p>M\u00e1s de una semana despu\u00e9s del &#8220;repugnante&#8221; asesinato de un ni\u00f1o de ocho a\u00f1os en North York, la polic\u00eda ha alertado al p\u00fablico sobre un sed\u00e1n blanco relacionado con el caso.<\/p>\n<p>La polic\u00eda de Toronto proporcion\u00f3 informaci\u00f3n actualizada sobre el asesinato de JahVai Roy, quien muri\u00f3 por una bala perdida que atraves\u00f3 el apartamento de su familia mientras estaba acostado en la cama alrededor de la medianoche del 16 de agosto en la zona de Martha Eaton Way-Trethewey Dr.<\/p>\n<p>La polic\u00eda indic\u00f3 que ahora busca lo que se cree que es un Acura blanco, que parece ser un sed\u00e1n seg\u00fan las fotos publicadas por la polic\u00eda.<\/p>\n<p>&#8220;Se solicita a cualquier persona que tenga informaci\u00f3n sobre el paradero del veh\u00edculo que se comunique con los investigadores&#8221;, declar\u00f3 la agente Cindy Chung en un comunicado a los medios. Tambi\u00e9n solicitamos a cualquier persona que tenga videos o grabaciones de la c\u00e1mara del coche del \u00e1rea en el momento del incidente que se comunique con los investigadores.<\/p>\n<p>El asesinato de JahVai, a quien su madre describi\u00f3 durante una vigilia comunitaria el jueves como un &#8220;esp\u00edritu en\u00e9rgico&#8221; y un ni\u00f1o al que le gustaba acurrucarse y acariciarle la espalda, conmocion\u00f3 a la ciudad la semana pasada. Un detective involucrado en el caso lo calific\u00f3 de &#8220;un evento incre\u00edblemente tr\u00e1gico&#8221;.<\/p>\n<p>Los param\u00e9dicos informaron que llegaron al lugar ese d\u00eda y encontraron a un ni\u00f1o que hab\u00eda recibido un disparo. El ni\u00f1o fue trasladado en estado cr\u00edtico a un hospital pedi\u00e1trico antes de ser declarado muerto, seg\u00fan inform\u00f3 la polic\u00eda.<\/p>\n<p>El peri\u00f3dico Toronto Sun inform\u00f3 la semana pasada que se pod\u00edan ver m\u00faltiples impactos de bala a trav\u00e9s de las ventanas de los apartamentos del primer y segundo piso del edificio.<\/p>\n<p>&#8220;Lo que ha sucedido aqu\u00ed es un acto de violencia cobarde y repugnante, y todos los recursos disponibles en la ciudad se est\u00e1n destinando a esto ahora mismo&#8221;, declar\u00f3 el sargento detective Jason Davis a los medios el d\u00eda del asesinato.<\/p>\n<p>El jefe de polic\u00eda de Toronto, Myron Demkiw, declar\u00f3 estar &#8220;desconsolado por la tr\u00e1gica p\u00e9rdida&#8221; y que &#8220;ninguna familia deber\u00eda sufrir esto&#8221;, a la vez que prometi\u00f3 no escatimar recursos para resolver el caso.<\/p>\n<p>Se insta a cualquier persona que tenga informaci\u00f3n a contactar a la polic\u00eda al 416-808-7400 o a Crime Stoppers de forma an\u00f3nima al 416-222-8477 o a trav\u00e9s de 222tips.com.<\/p>\n","protected":false},"excerpt":{"rendered":"<p>&nbsp; &nbsp; La polic\u00eda de Toronto busca lo que se cree que es un Acura blanco vinculado al tiroteo fatal. &nbsp; M\u00e1s de una semana&hellip;<\/p>\n","protected":false},"author":99,"featured_media":535304,"comment_status":"open","ping_status":"open","sticky":false,"template":"","format":"standard","meta":{"footnotes":""},"categories":[11364],"tags":[],"class_list":["post-535303","post","type-post","status-publish","format-standard","has-post-thumbnail","hentry","category-toronto-gta"],"_links":{"self":[{"href":"https:\/\/diarioelpopular.com\/index.php\/wp-json\/wp\/v2\/posts\/535303","targetHints":{"allow":["GET"]}}],"collection":[{"href":"https:\/\/diarioelpopular.com\/index.php\/wp-json\/wp\/v2\/posts"}],"about":[{"href":"https:\/\/diarioelpopular.com\/index.php\/wp-json\/wp\/v2\/types\/post"}],"author":[{"embeddable":true,"href":"https:\/\/diarioelpopular.com\/index.php\/wp-json\/wp\/v2\/users\/99"}],"replies":[{"embeddable":true,"href":"https:\/\/diarioelpopular.com\/index.php\/wp-json\/wp\/v2\/comments?post=535303"}],"version-history":[{"count":1,"href":"https:\/\/diarioelpopular.com\/index.php\/wp-json\/wp\/v2\/posts\/535303\/revisions"}],"predecessor-version":[{"id":535305,"href":"https:\/\/diarioelpopular.com\/index.php\/wp-json\/wp\/v2\/posts\/535303\/revisions\/535305"}],"wp:featuredmedia":[{"embeddable":true,"href":"https:\/\/diarioelpopular.com\/index.php\/wp-json\/wp\/v2\/media\/535304"}],"wp:attachment":[{"href":"https:\/\/diarioelpopular.com\/index.php\/wp-json\/wp\/v2\/media?parent=535303"}],"wp:term":[{"taxonomy":"category","embeddable":true,"href":"https:\/\/diarioelpopular.com\/index.php\/wp-json\/wp\/v2\/categories?post=535303"},{"taxonomy":"post_tag","embeddable":true,"href":"https:\/\/diarioelpopular.com\/index.php\/wp-json\/wp\/v2\/tags?post=535303"}],"curies":[{"name":"wp","href":"https:\/\/api.w.org\/{rel}","templated":true}]}}