{"id":535306,"date":"2025-08-25T09:38:59","date_gmt":"2025-08-25T13:38:59","guid":{"rendered":"https:\/\/diarioelpopular.com\/?p=535306"},"modified":"2025-08-25T09:38:59","modified_gmt":"2025-08-25T13:38:59","slug":"la-batalla-por-washington-dc-un-presidente-contra-una-ciudad","status":"publish","type":"post","link":"https:\/\/diarioelpopular.com\/index.php\/2025\/08\/25\/la-batalla-por-washington-dc-un-presidente-contra-una-ciudad\/","title":{"rendered":"La batalla por Washington DC: un presidente contra una ciudad"},"content":{"rendered":"<div id=\"attachment_535308\" style=\"width: 1210px\" class=\"wp-caption alignnone\"><img loading=\"lazy\" decoding=\"async\" aria-describedby=\"caption-attachment-535308\" class=\"wp-image-535308 size-custom-big-size\" src=\"https:\/\/diarioelpopular.com\/wp-content\/uploads\/2025\/08\/Screen-Shot-2025-08-25-at-9.38.12-AM-1200x798.png\" alt=\"\" width=\"1200\" height=\"798\" srcset=\"https:\/\/diarioelpopular.com\/wp-content\/uploads\/2025\/08\/Screen-Shot-2025-08-25-at-9.38.12-AM-1200x798.png 1200w, https:\/\/diarioelpopular.com\/wp-content\/uploads\/2025\/08\/Screen-Shot-2025-08-25-at-9.38.12-AM-300x200.png 300w, https:\/\/diarioelpopular.com\/wp-content\/uploads\/2025\/08\/Screen-Shot-2025-08-25-at-9.38.12-AM-768x511.png 768w, https:\/\/diarioelpopular.com\/wp-content\/uploads\/2025\/08\/Screen-Shot-2025-08-25-at-9.38.12-AM-636x423.png 636w, https:\/\/diarioelpopular.com\/wp-content\/uploads\/2025\/08\/Screen-Shot-2025-08-25-at-9.38.12-AM-110x73.png 110w, https:\/\/diarioelpopular.com\/wp-content\/uploads\/2025\/08\/Screen-Shot-2025-08-25-at-9.38.12-AM.png 1024w\" sizes=\"auto, (max-width: 1200px) 100vw, 1200px\" \/><p id=\"caption-attachment-535308\" class=\"wp-caption-text\">Soldados de la Guardia Nacional el barrio de Logan Circle en Washington DC, el domingo. Foto Jos\u00e9 Luis Gonz\u00e1lez (REUTERS)<\/p><\/div>\n<p>&nbsp;<\/p>\n<p>&nbsp;<\/p>\n<div class=\"a_e_txt _df\">\n<h4 class=\"a_st\"><em>&#8211; Trump alega que el despliegue de la Guardia Nacional, que lleva armas en la capital estadounidense desde este domingo, ha eliminado la delincuencia en d\u00edas. Sus cr\u00edticos sospechan que es una operaci\u00f3n de venganza<\/em><\/h4>\n<\/div>\n<div class=\"a_e_m\"><\/div>\n<div><\/div>\n<div>\n<p class=\"\">Cuatro polic\u00edas armados, alguno vestido con chaleco antibalas, patrullan un callej\u00f3n en\u00a0<a title=\"https:\/\/elpais.com\/noticias\/estados-unidos\/\" href=\"https:\/\/elpais.com\/noticias\/estados-unidos\/\" target=\"_self\" rel=\"\" data-link-track-dtm=\"\" data-mrf-link=\"https:\/\/elpais.com\/noticias\/estados-unidos\/\">Washington<\/a>, con cara de pocos amigos, y se acercan a un hombre que fuma, sentado en la escalera de su casa. \u201c\u00bfQu\u00e9 pasa, han recibido alg\u00fan aviso por aqu\u00ed cerca o algo? Esta es mi casa, y lo que estoy fumando es un cigarrillo\u201d, dice el vecino. Tras un intercambio de frases, el agente le explica la situaci\u00f3n: \u201cDile a tu gente que todos [todas las agencias de Polic\u00eda] est\u00e1n por las calles. Desde el FBI a la polic\u00eda de parques. As\u00ed que avisa: que no fumen en la calle, que no beban en la calle. Porque Donald Trump se ha cansado de esto\u201d, profiere. La escena fue grabada por testigos y se ha viralizado en las redes sociales.<\/p>\n<p class=\"\">Hace casi dos semanas que el presidente estadounidense \u201cse cans\u00f3 de esto\u201d,\u00a0<a title=\"https:\/\/elpais.com\/internacional\/2025-08-15\/washington-demanda-al-gobierno-de-trump-por-tomar-a-la-fuerza-el-control-del-departamento-de-policia-de-la-ciudad.html\" href=\"https:\/\/elpais.com\/internacional\/2025-08-15\/washington-demanda-al-gobierno-de-trump-por-tomar-a-la-fuerza-el-control-del-departamento-de-policia-de-la-ciudad.html\" target=\"_self\" rel=\"\" data-link-track-dtm=\"\" data-mrf-link=\"https:\/\/elpais.com\/internacional\/2025-08-15\/washington-demanda-al-gobierno-de-trump-por-tomar-a-la-fuerza-el-control-del-departamento-de-policia-de-la-ciudad.html\">tom\u00f3 el control de la Polic\u00eda Local de Washington DC\u00a0<\/a>y orden\u00f3 el despliegue de la Agencia Federal de Investigaciones (FBI) y la Guardia Nacional en la capital estadounidense para mantener el orden, con el argumento de que el Distrito de Columbia se hab\u00eda convertido en una ciudad sin ley. Desde este domingo, ese cuerpo de las fuerzas de seguridad puede llevar armas por la calle, un cambio que fue autorizado el pasado viernes por el secretario de Defensa, Peter Hegseth, seg\u00fan un portavoz de la Guardia Nacional. Las armas solo podr\u00e1n utilizarse \u201ccomo \u00faltimo recurso\u201d y en circunstancias de peligro extremo, de acuerdo con un comunicado divulgado este domingo. Adem\u00e1s, Trump ha amenazado con desplegar tambi\u00e9n a la Guardia Nacional en Baltimore, la principal ciudad del Estado de Maryland.<\/p>\n<div>\n<div id=\"primisPlayerContainerDiv\" class=\"primisslate\">\n<div id=\"primis_container_div_68ac65f3e9071\">\n<p class=\"\">\u201cLa gente no se atrev\u00eda a venir\u2026 llegaban de Iowa o de Indiana y se iban a marchar en bolsas para cad\u00e1veres\u201d, lleg\u00f3 a decir para justificar su ins\u00f3lita medida. \u201cEl nivel de delincuencia estaba entre los peores del mundo. Qu\u00e9 digo: era el peor del mundo\u201d, insisti\u00f3. Ahora\u00a0<a title=\"https:\/\/elpais.com\/internacional\/2025-08-21\/trump-alardea-del-despliegue-de-tropas-y-policia-federal-en-washington.html\" href=\"https:\/\/elpais.com\/internacional\/2025-08-21\/trump-alardea-del-despliegue-de-tropas-y-policia-federal-en-washington.html\" target=\"_self\" rel=\"\" data-link-track-dtm=\"\" data-mrf-link=\"https:\/\/elpais.com\/internacional\/2025-08-21\/trump-alardea-del-despliegue-de-tropas-y-policia-federal-en-washington.html\">se ufana de que ha dado la vuelta a la tortilla y de que la violencia se ha eclipsado<\/a>, y amenaza con ampliar la medida a otras ciudades de mayor\u00eda dem\u00f3crata: la siguiente, hab\u00eda dicho, ser\u00e1 Chicago; este domingo lanzaba un aviso a Baltimore, \u201cfuera de control y plagada de crimen\u201d. Pero la mayor\u00eda de los residentes consultados a pie de calle expresa su preocupaci\u00f3n por el nuevo escenario.<\/p>\n<p class=\"\">Aunque es cierto que la capital padece, como cualquier gran ciudad, incidentes de delincuencia \u2014robos de veh\u00edculos, sobre todo\u2014, las cifras apuntan en realidad a que las cifras son las m\u00e1s bajas en treinta a\u00f1os; Washington tampoco figura en los puestos m\u00e1s altos en las clasificaciones de violencia en EE UU. Los oponentes de Trump sospechan que la medida busca castigar a una ciudad de clara mayor\u00eda dem\u00f3crata, que siempre ha sido hostil al republicano y que no olvida las escenas del asalto al Capitolio el 6 de enero de 2021, cuando una horda de partidarios de Trump trat\u00f3 de impedir la confirmaci\u00f3n de Joe Biden como ganador de las presidenciales de 2020. En las de 2024, un 92,5% del distrito vot\u00f3 a favor de la dem\u00f3crata Kamala Harris. El Ayuntamiento describe la iniciativa como \u201cuna crisis inventada\u201d.<\/p>\n<p>&nbsp;<\/p>\n<figure class=\"a_m a_m-h \">\n<p><div style=\"width: 424px\" class=\"wp-caption alignnone\"><img loading=\"lazy\" decoding=\"async\" class=\"_re lazyload a_m-h\" src=\"https:\/\/imagenes.elpais.com\/resizer\/v2\/CSQ6E7DT3JN37FQTQKHUE2GIFY.jpg?auth=061ae015288c33ab39046edc1ebec96cb1533ead2bbf7700c39ba32dbc2e8e0f&amp;width=414\" sizes=\"auto, (min-width:1199px) 1155px,(min-width:1001px) calc(100vw - 44px),(min-width:768px) 767px, 100vw\" srcset=\"https:\/\/imagenes.elpais.com\/resizer\/v2\/CSQ6E7DT3JN37FQTQKHUE2GIFY.jpg?auth=061ae015288c33ab39046edc1ebec96cb1533ead2bbf7700c39ba32dbc2e8e0f&amp;width=414 414w,https:\/\/imagenes.elpais.com\/resizer\/v2\/CSQ6E7DT3JN37FQTQKHUE2GIFY.jpg?auth=061ae015288c33ab39046edc1ebec96cb1533ead2bbf7700c39ba32dbc2e8e0f&amp;width=828 640w,https:\/\/imagenes.elpais.com\/resizer\/v2\/CSQ6E7DT3JN37FQTQKHUE2GIFY.jpg?auth=061ae015288c33ab39046edc1ebec96cb1533ead2bbf7700c39ba32dbc2e8e0f&amp;width=980 1000w,https:\/\/imagenes.elpais.com\/resizer\/v2\/CSQ6E7DT3JN37FQTQKHUE2GIFY.jpg?auth=061ae015288c33ab39046edc1ebec96cb1533ead2bbf7700c39ba32dbc2e8e0f&amp;width=1960 1960w\" alt=\"Soldados de la Guardia Nacional se toman fotos en una estaci\u00f3n de metro en Washington DC\" width=\"414\" height=\"277\" \/><p class=\"wp-caption-text\">Soldados de la Guardia Nacional se toman fotos en una estaci\u00f3n de metro en Washington DC Foto Jose Luis Gonzalez (REUTERS)<\/p><\/div><figcaption class=\"a_m_p\" aria-hidden=\"true\"><\/figcaption><\/figure>\n<p>&nbsp;<\/p>\n<p class=\"\">Desde el d\u00eda 12 de este mes empezaron a quedar desplegados en la capital\u00a0<a title=\"https:\/\/elpais.com\/internacional\/2025-08-11\/trump-explica-sus-medidas-para-reducir-el-crimen-en-washington-d-c.html\" href=\"https:\/\/elpais.com\/internacional\/2025-08-11\/trump-explica-sus-medidas-para-reducir-el-crimen-en-washington-d-c.html\" target=\"_self\" rel=\"\" data-link-track-dtm=\"\" data-mrf-link=\"https:\/\/elpais.com\/internacional\/2025-08-11\/trump-explica-sus-medidas-para-reducir-el-crimen-en-washington-d-c.html\">800 soldados de la Guardia Nacional<\/a>, reforzados desde entonces por contingentes de seis Estados de mayor\u00eda republicana que han doblado esa cifra. Desde el viernes pasado, est\u00e1n autorizados por el Pent\u00e1gono a portar armas dentro de la ciudad. Ya desde el fin de semana previo a la orden de Trump, los agentes del FBI, la Polic\u00eda federal, hab\u00edan empezado a empotrarse entre los de la Polic\u00eda metropolitana.<\/p>\n<p class=\"\">\u201cEs un uso fant\u00e1stico de nuestro dinero como contribuyentes\u201d, ironiza Belle Shapiro, abogada de 42 a\u00f1os, mientras pasea a su labrador por el Mall, el gran parque que atraviesa el centro de la capital. A unos centenares de metros, un grupo de militares camina hacia la escalinata blanca del monumento a Lincoln, uno de los emblemas de la ciudad. \u201c\u00bfMe siento m\u00e1s segura? No. \u00bfHay un problema de delincuencia en DC? Por supuesto, pero ni m\u00e1s ni menos que en muchos otros sitios, incluidas ciudades de mayor\u00eda republicana. \u00bfHay mejores maneras de resolverlo? Desde luego. Trump no menciona que le quiere quitar fondos federales a la seguridad del distrito, \u00bfa que no?\u201d<\/p>\n<p class=\"\">En la estaci\u00f3n central de Washington, Union Station, junto al Capitolio, cinco tanquetas militares aparcadas a la puerta reciben a los viajeros que llegan \u2014o a los residentes que usan esa parada de metro, y que no se acostumbran a unas im\u00e1genes propias de una pel\u00edcula de cat\u00e1strofes\u2014. Soldados de la Guardia Nacional con aire aburrido patrullan el vest\u00edbulo del edificio. Un pu\u00f1ado de manifestantes agita carteles de protesta: \u201cCrisis Fabricada para Distraer de los Archivos Epstein\u201d (el caso del financiero pederasta con una supuesta lista de clientes muy poderosos), se lee en uno de ellos. \u201c\u00bfD\u00f3nde estaba todo este despliegue el 6 de enero?\u201d, se pregunta un transe\u00fante, en alusi\u00f3n al asalto al Capitolio perpetrado por simpatizantes de Trump en 2021.<\/p>\n<p>&nbsp;<\/p>\n<figure class=\"a_m a_m-h \">\n<p><div style=\"width: 424px\" class=\"wp-caption alignnone\"><img loading=\"lazy\" decoding=\"async\" class=\"_re lazyload a_m-h\" src=\"https:\/\/imagenes.elpais.com\/resizer\/v2\/NMZDKXEUSFNVTGHC3TFMURGCKI.jpg?auth=ed6f53aab3a682195f33a201771b9870577545be78f3596949b1b7fd0ad0ae45&amp;width=414\" sizes=\"auto, (min-width:1199px) 1155px,(min-width:1001px) calc(100vw - 44px),(min-width:768px) 767px, 100vw\" srcset=\"https:\/\/imagenes.elpais.com\/resizer\/v2\/NMZDKXEUSFNVTGHC3TFMURGCKI.jpg?auth=ed6f53aab3a682195f33a201771b9870577545be78f3596949b1b7fd0ad0ae45&amp;width=414 414w,https:\/\/imagenes.elpais.com\/resizer\/v2\/NMZDKXEUSFNVTGHC3TFMURGCKI.jpg?auth=ed6f53aab3a682195f33a201771b9870577545be78f3596949b1b7fd0ad0ae45&amp;width=828 640w,https:\/\/imagenes.elpais.com\/resizer\/v2\/NMZDKXEUSFNVTGHC3TFMURGCKI.jpg?auth=ed6f53aab3a682195f33a201771b9870577545be78f3596949b1b7fd0ad0ae45&amp;width=980 1000w,https:\/\/imagenes.elpais.com\/resizer\/v2\/NMZDKXEUSFNVTGHC3TFMURGCKI.jpg?auth=ed6f53aab3a682195f33a201771b9870577545be78f3596949b1b7fd0ad0ae45&amp;width=1960 1960w\" alt=\"Agentes del Departamento de Seguridad Nacional interrogan a un repartidor de comida en Washington DC\" width=\"414\" height=\"276\" \/><p class=\"wp-caption-text\">Agentes del Departamento de Seguridad Nacional interrogan a un repartidor de comida en Washington DC Foto Aaron Schwartz (REUTERS)<\/p><\/div><figcaption class=\"a_m_p\" aria-hidden=\"true\"><\/figcaption><\/figure>\n<p>&nbsp;<\/p>\n<p class=\"\">En Mount Pleasant, un barrio muy diverso y con m\u00e1s de un 20% de poblaci\u00f3n latina, el viernes por la noche las calles parec\u00edan algo menos animadas que de costumbre. En los \u00faltimos d\u00edas, patrullas a pie han ido buscando a repartidores de comida a domicilio, que sol\u00edan aparcar en grupos a la espera de comandas y ahora han desaparecido de la vista. Despu\u00e9s de que v\u00eddeos que lo mostraban se hayan viralizado, ahora no se ven agentes a pie. Pero abundan los autom\u00f3viles de polic\u00eda local, y no escasean grandes SUV negros de uso federal. En una avenida cercana, un veh\u00edculo de polic\u00eda cruza a toda velocidad, con las luces y la sirena a todo trapo. \u201cTodo est\u00e1 tranquilo, \u00bfqu\u00e9 necesidad hay de este espect\u00e1culo?\u201c, se pregunta Leo, un residente local que ha salido a comprar leche.<\/p>\n<p class=\"\">Trump presume de que, desde que ha puesto el dispositivo en marcha, los incidentes de violencia han desaparecido casi por completo: \u201cUn 87%, y no s\u00e9 de d\u00f3nde sacan el otro 13%\u2026 yo creo que es el 100%\u201d, aseguraba el viernes en comentarios desde el Despacho Oval.<\/p>\n<p class=\"\">Algunos datos le dan la raz\u00f3n. Un\u00a0<a title=\"https:\/\/www.cnn.com\/2025\/08\/23\/politics\/dc-crime-immigration-arrests-trump\" href=\"https:\/\/www.cnn.com\/2025\/08\/23\/politics\/dc-crime-immigration-arrests-trump\" target=\"_self\" rel=\"\" data-link-track-dtm=\"\" data-mrf-link=\"https:\/\/www.cnn.com\/2025\/08\/23\/politics\/dc-crime-immigration-arrests-trump\">an\u00e1lisis de CNN<\/a>\u00a0encuentra que desde el d\u00eda 12 los delitos contra la propiedad en Washington se han reducido un 19%; los cr\u00edmenes violentos, un 17%. Pero en cambio han aumentado un 6% los robos en viviendas, y un 14% los atracos a mano armada.<\/p>\n<p class=\"\">Tambi\u00e9n se han disparado las detenciones de inmigrantes irregulares: unas 300 personas, o algo menos de la mitad del total de arrestos practicados, frente a doce interceptaciones en los seis meses previos en esta ciudad autodeclarada santuario para los migrantes. Ese dato hace sospechar a parte de los residentes, incluida la alcaldesa Muriel Bowser, que el verdadero objetivo de la operaci\u00f3n no es la lucha contra la delincuencia sino la caza del migrante sin permisos. Seg\u00fan apuntaba la regidora en una rueda de prensa la semana pasada, la orden de colaboraci\u00f3n emitida por el Departamento de Justicia a la Polic\u00eda local \u201cse centra casi exclusivamente en la inmigraci\u00f3n y en los campamentos de sin techo\u201d. \u201cLes dejo que saquen sus propias conclusiones\u201d, apostillaba.<\/p>\n<p class=\"\">La Casa Blanca lo niega: \u201cLa prioridad de esta operaci\u00f3n sigue siendo sacar a los delincuentes violentos de las calles, con independencia de cu\u00e1l sea su estatus migratorio\u201d, indica en un comunicado.<\/p>\n<p>&nbsp;<\/p>\n<figure class=\"a_m a_m-h \">\n<p><div style=\"width: 424px\" class=\"wp-caption alignnone\"><img loading=\"lazy\" decoding=\"async\" class=\"_re lazyload a_m-h\" src=\"https:\/\/imagenes.elpais.com\/resizer\/v2\/XC4KSOIHQRKCTLV74EERJYHZPA.jpg?auth=6854772bcb073292294161dd4e1fbc851a2b9292bddffeab4ce7cd6a5a19b8a6&amp;width=414\" sizes=\"auto, (min-width:1199px) 1155px,(min-width:1001px) calc(100vw - 44px),(min-width:768px) 767px, 100vw\" srcset=\"https:\/\/imagenes.elpais.com\/resizer\/v2\/XC4KSOIHQRKCTLV74EERJYHZPA.jpg?auth=6854772bcb073292294161dd4e1fbc851a2b9292bddffeab4ce7cd6a5a19b8a6&amp;width=414 414w,https:\/\/imagenes.elpais.com\/resizer\/v2\/XC4KSOIHQRKCTLV74EERJYHZPA.jpg?auth=6854772bcb073292294161dd4e1fbc851a2b9292bddffeab4ce7cd6a5a19b8a6&amp;width=828 640w,https:\/\/imagenes.elpais.com\/resizer\/v2\/XC4KSOIHQRKCTLV74EERJYHZPA.jpg?auth=6854772bcb073292294161dd4e1fbc851a2b9292bddffeab4ce7cd6a5a19b8a6&amp;width=980 1000w,https:\/\/imagenes.elpais.com\/resizer\/v2\/XC4KSOIHQRKCTLV74EERJYHZPA.jpg?auth=6854772bcb073292294161dd4e1fbc851a2b9292bddffeab4ce7cd6a5a19b8a6&amp;width=1960 1960w\" alt=\"Protestas en Washington contra el despliegue de la Guardia Nacional y las medidas de toma de control ordenadas por el presidente Donald Trump\" width=\"414\" height=\"276\" \/><p class=\"wp-caption-text\">Protestas en Washington contra el despliegue de la Guardia Nacional y las medidas de toma de control ordenadas por el presidente Donald Trump Foto Jose Luis Magana (AP)<\/p><\/div><figcaption class=\"a_m_p\" aria-hidden=\"true\"><\/figcaption><\/figure>\n<p>&nbsp;<\/p>\n<p class=\"\">Los datos oficiales del Departamento de Justicia contradicen la narrativa de Trump. Aunque el nivel de delincuencia se encuentra por encima de la media nacional, en los dos \u00faltimos a\u00f1os se ha registrado un descenso. En 2024, los incidentes cayeron un 35% y alcanzaron sus cifras m\u00e1s bajas en treinta a\u00f1os. La Administraci\u00f3n republicana insin\u00faa que esos datos est\u00e1n ama\u00f1ados y asegura que va a abrir una investigaci\u00f3n.<\/p>\n<p class=\"\">Los datos tambi\u00e9n apuntan una\u00a0<a title=\"https:\/\/elpais.com\/internacional\/2025-08-15\/washington-demanda-al-gobierno-de-trump-por-tomar-a-la-fuerza-el-control-del-departamento-de-policia-de-la-ciudad.html\" href=\"https:\/\/elpais.com\/internacional\/2025-08-15\/washington-demanda-al-gobierno-de-trump-por-tomar-a-la-fuerza-el-control-del-departamento-de-policia-de-la-ciudad.html\" target=\"_self\" rel=\"\" data-link-track-dtm=\"\" data-mrf-link=\"https:\/\/elpais.com\/internacional\/2025-08-15\/washington-demanda-al-gobierno-de-trump-por-tomar-a-la-fuerza-el-control-del-departamento-de-policia-de-la-ciudad.html\">oposici\u00f3n frontal de los residentes en Washington<\/a>\u00a0(700.000 en la ciudad, y seis millones en el \u00e1rea metropolitana, que se extiende a zonas de los Estados vecinos de Virginia y Maryland). Una encuesta publicada por el\u00a0<i>Washington Post<\/i>\u00a0refleja que el 79% de la poblaci\u00f3n rechaza la medida. Casi el mismo n\u00famero, un 78%, declara que se sent\u00eda muy o bastante seguro en su barrio antes del despliegue. Ahora, un 61% opina que la presencia de los agentes federales y los militares les hace sentirse menos tranquilos. Por contra, solo un 17% declara apoyar las medidas aprobadas por el presidente, y un 21% reconoce no sentirse demasiado seguro donde vive.<\/p>\n<p class=\"\">Esa oposici\u00f3n es visible incluso gr\u00e1ficamente. Un grafiti al estilo Banksy, de un guerrero urbano enmascarado que lanza un bocadillo, empez\u00f3 a verse en el barrio de Adams Morgan, uno de los centros de ocio nocturno de la ciudad; ya se ha extendido a otras zonas. El dibujo es un retrato de un empleado del Departamento de Justicia, ahora despedido, que lanz\u00f3 un emparedado contra un agente federal y se ha convertido en h\u00e9roe de la resistencia.<\/p>\n<p>&nbsp;<\/p>\n<figure class=\"a_m a_m-h \">\n<p><div style=\"width: 424px\" class=\"wp-caption alignnone\"><img loading=\"lazy\" decoding=\"async\" class=\"_re lazyload a_m-h\" src=\"https:\/\/imagenes.elpais.com\/resizer\/v2\/5UYQTEDDDNLXNGX7E7DWORKEOQ.jpg?auth=ad5985706b84209e9bd8eb5ddd6ddeb9402ea188180fdcd6cb8f92061128e683&amp;width=414\" sizes=\"auto, (min-width:1199px) 1155px,(min-width:1001px) calc(100vw - 44px),(min-width:768px) 767px, 100vw\" srcset=\"https:\/\/imagenes.elpais.com\/resizer\/v2\/5UYQTEDDDNLXNGX7E7DWORKEOQ.jpg?auth=ad5985706b84209e9bd8eb5ddd6ddeb9402ea188180fdcd6cb8f92061128e683&amp;width=414 414w,https:\/\/imagenes.elpais.com\/resizer\/v2\/5UYQTEDDDNLXNGX7E7DWORKEOQ.jpg?auth=ad5985706b84209e9bd8eb5ddd6ddeb9402ea188180fdcd6cb8f92061128e683&amp;width=828 640w,https:\/\/imagenes.elpais.com\/resizer\/v2\/5UYQTEDDDNLXNGX7E7DWORKEOQ.jpg?auth=ad5985706b84209e9bd8eb5ddd6ddeb9402ea188180fdcd6cb8f92061128e683&amp;width=980 1000w,https:\/\/imagenes.elpais.com\/resizer\/v2\/5UYQTEDDDNLXNGX7E7DWORKEOQ.jpg?auth=ad5985706b84209e9bd8eb5ddd6ddeb9402ea188180fdcd6cb8f92061128e683&amp;width=1960 1960w\" alt=\"Grafitti de protesta en Washington contra las medidas de control federal y el despliegue de soldados de la Guardia Nacional\" width=\"414\" height=\"276\" \/><p class=\"wp-caption-text\">Grafiti de protesta en Washington contra las medidas de control federal y el despliegue de soldados de la Guardia Nacional.\u00a0 \u00a0 \u00a0 \u00a0 \u00a0Foto Jose Luis Gonzalez (REUTERS)<\/p><\/div><figcaption class=\"a_m_p\" aria-hidden=\"true\"><\/figcaption><\/figure>\n<p>&nbsp;<\/p>\n<p class=\"\">Las medidas de Trump en Washington son posibles debido al estatus de la capital, que no tiene las mismas protecciones a su autonom\u00eda que un Estado. Las leyes locales permiten que el presidente se haga con el control de la polic\u00eda local por motivos de emergencia nacional \u2014la Casa Blanca alega que los niveles de delincuencia lo son\u2014, aunque le imponen un l\u00edmite de treinta d\u00edas.<\/p>\n<p class=\"\">El presidente y su Administraci\u00f3n, por el momento, alardean en p\u00fablico casi cada d\u00eda de la medida. El jueves, Trump acudi\u00f3 al cuartel general de la operaci\u00f3n para felicitar a los participantes, y repartirles pizza y hamburguesas. Washington ya \u201ces una ciudad diferente\u201d, dijo. \u201cY va a ser la mejor del mundo\u201d, proclamaba.<\/p>\n<p class=\"\">Trump asegura que los cambios no se van a quedar ah\u00ed. Esta semana anunciaba que ha pedido al Congreso 2.000 millones de d\u00f3lares para \u201cembellecer\u201d la capital. Tambi\u00e9n ha apuntado que tiene en el punto de mira a otras ciudades de mayor\u00eda dem\u00f3crata para controlarlas como a Washington. Chicago, ha precisado, ser\u00e1 la siguiente.<\/p>\n<p class=\"\">El l\u00edmite de 30 d\u00edas tambi\u00e9n puede quedar en agua de borrajas. El presidente ha deslizado que puede examinar v\u00edas para prorrogarlo. Y que, en cualquier caso, ese plazo no afecta a la Guardia Nacional, que puede mantener desplegada el tiempo que le plazca. En su visita del jueves a los soldados y agentes lanzaba un pron\u00f3stico: \u201cVan a estar aqu\u00ed mucho tiempo\u201d.<\/p>\n<\/div>\n<\/div>\n<\/div>\n<\/div>\n","protected":false},"excerpt":{"rendered":"<p>&nbsp; &nbsp; &#8211; Trump alega que el despliegue de la Guardia Nacional, que lleva armas en la capital estadounidense desde este domingo, ha eliminado la&hellip;<\/p>\n","protected":false},"author":99,"featured_media":535308,"comment_status":"open","ping_status":"open","sticky":false,"template":"","format":"standard","meta":{"footnotes":""},"categories":[24],"tags":[],"class_list":["post-535306","post","type-post","status-publish","format-standard","has-post-thumbnail","hentry","category-mundo"],"_links":{"self":[{"href":"https:\/\/diarioelpopular.com\/index.php\/wp-json\/wp\/v2\/posts\/535306","targetHints":{"allow":["GET"]}}],"collection":[{"href":"https:\/\/diarioelpopular.com\/index.php\/wp-json\/wp\/v2\/posts"}],"about":[{"href":"https:\/\/diarioelpopular.com\/index.php\/wp-json\/wp\/v2\/types\/post"}],"author":[{"embeddable":true,"href":"https:\/\/diarioelpopular.com\/index.php\/wp-json\/wp\/v2\/users\/99"}],"replies":[{"embeddable":true,"href":"https:\/\/diarioelpopular.com\/index.php\/wp-json\/wp\/v2\/comments?post=535306"}],"version-history":[{"count":1,"href":"https:\/\/diarioelpopular.com\/index.php\/wp-json\/wp\/v2\/posts\/535306\/revisions"}],"predecessor-version":[{"id":535309,"href":"https:\/\/diarioelpopular.com\/index.php\/wp-json\/wp\/v2\/posts\/535306\/revisions\/535309"}],"wp:featuredmedia":[{"embeddable":true,"href":"https:\/\/diarioelpopular.com\/index.php\/wp-json\/wp\/v2\/media\/535308"}],"wp:attachment":[{"href":"https:\/\/diarioelpopular.com\/index.php\/wp-json\/wp\/v2\/media?parent=535306"}],"wp:term":[{"taxonomy":"category","embeddable":true,"href":"https:\/\/diarioelpopular.com\/index.php\/wp-json\/wp\/v2\/categories?post=535306"},{"taxonomy":"post_tag","embeddable":true,"href":"https:\/\/diarioelpopular.com\/index.php\/wp-json\/wp\/v2\/tags?post=535306"}],"curies":[{"name":"wp","href":"https:\/\/api.w.org\/{rel}","templated":true}]}}