{"id":535371,"date":"2025-08-27T08:50:26","date_gmt":"2025-08-27T12:50:26","guid":{"rendered":"https:\/\/diarioelpopular.com\/?p=535371"},"modified":"2025-08-27T08:50:26","modified_gmt":"2025-08-27T12:50:26","slug":"par-de-adolescentes-arrestados-tras-recibir-un-disparo-en-la-pierna-de-otro-en-un-autobus-de-la-ttc-en-scarborough","status":"publish","type":"post","link":"https:\/\/diarioelpopular.com\/index.php\/2025\/08\/27\/par-de-adolescentes-arrestados-tras-recibir-un-disparo-en-la-pierna-de-otro-en-un-autobus-de-la-ttc-en-scarborough\/","title":{"rendered":"Par de adolescentes arrestados \u200b\u200btras recibir un disparo en la pierna de otro en un autob\u00fas de la TTC en Scarborough"},"content":{"rendered":"<p><img loading=\"lazy\" decoding=\"async\" class=\"alignnone size-custom-full-size wp-image-535372\" src=\"https:\/\/diarioelpopular.com\/wp-content\/uploads\/2025\/08\/Screen-Shot-2025-08-27-at-8.49.56-AM-636x479.png\" alt=\"\" width=\"636\" height=\"479\" srcset=\"https:\/\/diarioelpopular.com\/wp-content\/uploads\/2025\/08\/Screen-Shot-2025-08-27-at-8.49.56-AM-636x479.png 636w, https:\/\/diarioelpopular.com\/wp-content\/uploads\/2025\/08\/Screen-Shot-2025-08-27-at-8.49.56-AM-300x226.png 300w, https:\/\/diarioelpopular.com\/wp-content\/uploads\/2025\/08\/Screen-Shot-2025-08-27-at-8.49.56-AM-97x73.png 97w, https:\/\/diarioelpopular.com\/wp-content\/uploads\/2025\/08\/Screen-Shot-2025-08-27-at-8.49.56-AM.png 642w\" sizes=\"auto, (max-width: 636px) 100vw, 636px\" \/><\/p>\n<p>&nbsp;<\/p>\n<ul>\n<li><em><strong>Luego de la investigaci\u00f3n, dos adolescentes fueron acusados \u200b\u200btras recibir un disparo en la pierna de otro muchacho durante una disputa en un autob\u00fas de la TTC en Scarborough a principios de este mes.<\/strong><\/em><\/li>\n<\/ul>\n<p>&nbsp;<\/p>\n<p>La Polic\u00eda de Toronto respondi\u00f3 el mi\u00e9rcoles 6 de agosto a las 15:50 h a informes de disparos en la zona de Lawrence Ave. y Warden.<\/p>\n<p>La polic\u00eda inform\u00f3 que la v\u00edctima subi\u00f3 a un autob\u00fas cuando se produjo un altercado verbal entre uno y los dos acusados.<\/p>\n<p>Los tres salieron del autob\u00fas y la polic\u00eda dijo que uno de los acusados \u200b\u200bblandi\u00f3 un arma de fuego y dispar\u00f3 varias veces contra la v\u00edctima. La v\u00edctima sufri\u00f3 una herida de bala en la pierna.<\/p>\n<p>La polic\u00eda inform\u00f3 que la v\u00edctima intent\u00f3 huir del lugar y fue seguida por los dos atacantes, quienes lo agredieron f\u00edsicamente antes de que pudiera huir.<\/p>\n<p>La v\u00edctima, un joven de 14 a\u00f1os, fue trasladado al hospital con una lesi\u00f3n leve.<\/p>\n<p>Este martes, se ejecutaron \u00f3rdenes de allanamiento en residencias en la zona de Victoria Park Ave. y Finch Ave.<\/p>\n<p>Un adolescente de 15 a\u00f1os fue arrestado por disparar un arma de fuego con intenci\u00f3n, posesi\u00f3n de un arma de fuego a sabiendas de que su posesi\u00f3n no estaba autorizada, posesi\u00f3n de un arma de fuego prohibida\/restringida, agresi\u00f3n con agravantes y agresi\u00f3n.<\/p>\n<p>Un adolescente de 16 a\u00f1os fue acusado de agresi\u00f3n e incumplimiento de la sentencia de la YCJA, por otros delitos.<\/p>\n<p>El acusado no puede ser identificado seg\u00fan la Ley de Justicia Penal Juvenil.<\/p>\n<p>Se solicita a cualquier persona que tenga informaci\u00f3n que se comunique con la polic\u00eda al 416-808-2510, o con Crime Stoppers de forma an\u00f3nima al 416-222-TIPS (8477) o en 222tips.com.<\/p>\n","protected":false},"excerpt":{"rendered":"<p>&nbsp; Luego de la investigaci\u00f3n, dos adolescentes fueron acusados \u200b\u200btras recibir un disparo en la pierna de otro muchacho durante una disputa en un autob\u00fas&hellip;<\/p>\n","protected":false},"author":99,"featured_media":535372,"comment_status":"open","ping_status":"open","sticky":false,"template":"","format":"standard","meta":{"footnotes":""},"categories":[11364],"tags":[],"class_list":["post-535371","post","type-post","status-publish","format-standard","has-post-thumbnail","hentry","category-toronto-gta"],"_links":{"self":[{"href":"https:\/\/diarioelpopular.com\/index.php\/wp-json\/wp\/v2\/posts\/535371","targetHints":{"allow":["GET"]}}],"collection":[{"href":"https:\/\/diarioelpopular.com\/index.php\/wp-json\/wp\/v2\/posts"}],"about":[{"href":"https:\/\/diarioelpopular.com\/index.php\/wp-json\/wp\/v2\/types\/post"}],"author":[{"embeddable":true,"href":"https:\/\/diarioelpopular.com\/index.php\/wp-json\/wp\/v2\/users\/99"}],"replies":[{"embeddable":true,"href":"https:\/\/diarioelpopular.com\/index.php\/wp-json\/wp\/v2\/comments?post=535371"}],"version-history":[{"count":1,"href":"https:\/\/diarioelpopular.com\/index.php\/wp-json\/wp\/v2\/posts\/535371\/revisions"}],"predecessor-version":[{"id":535373,"href":"https:\/\/diarioelpopular.com\/index.php\/wp-json\/wp\/v2\/posts\/535371\/revisions\/535373"}],"wp:featuredmedia":[{"embeddable":true,"href":"https:\/\/diarioelpopular.com\/index.php\/wp-json\/wp\/v2\/media\/535372"}],"wp:attachment":[{"href":"https:\/\/diarioelpopular.com\/index.php\/wp-json\/wp\/v2\/media?parent=535371"}],"wp:term":[{"taxonomy":"category","embeddable":true,"href":"https:\/\/diarioelpopular.com\/index.php\/wp-json\/wp\/v2\/categories?post=535371"},{"taxonomy":"post_tag","embeddable":true,"href":"https:\/\/diarioelpopular.com\/index.php\/wp-json\/wp\/v2\/tags?post=535371"}],"curies":[{"name":"wp","href":"https:\/\/api.w.org\/{rel}","templated":true}]}}