{"id":535379,"date":"2025-08-27T09:12:02","date_gmt":"2025-08-27T13:12:02","guid":{"rendered":"https:\/\/diarioelpopular.com\/?p=535379"},"modified":"2025-08-27T09:12:02","modified_gmt":"2025-08-27T13:12:02","slug":"el-cuadro-identificado-en-una-casa-en-argentina-que-fue-robado-por-los-nazis-en-amsterdam-hace-8-decadas","status":"publish","type":"post","link":"https:\/\/diarioelpopular.com\/index.php\/2025\/08\/27\/el-cuadro-identificado-en-una-casa-en-argentina-que-fue-robado-por-los-nazis-en-amsterdam-hace-8-decadas\/","title":{"rendered":"El cuadro identificado en una casa en Argentina que fue robado por los nazis en \u00c1msterdam hace 8 d\u00e9cadas"},"content":{"rendered":"<p><img loading=\"lazy\" decoding=\"async\" class=\"alignnone size-custom-full-size wp-image-535380\" src=\"https:\/\/diarioelpopular.com\/wp-content\/uploads\/2025\/08\/Screen-Shot-2025-08-27-at-9.10.06-AM-636x359.png\" alt=\"\" width=\"636\" height=\"359\" srcset=\"https:\/\/diarioelpopular.com\/wp-content\/uploads\/2025\/08\/Screen-Shot-2025-08-27-at-9.10.06-AM-636x359.png 636w, https:\/\/diarioelpopular.com\/wp-content\/uploads\/2025\/08\/Screen-Shot-2025-08-27-at-9.10.06-AM-300x170.png 300w, https:\/\/diarioelpopular.com\/wp-content\/uploads\/2025\/08\/Screen-Shot-2025-08-27-at-9.10.06-AM-768x434.png 768w, https:\/\/diarioelpopular.com\/wp-content\/uploads\/2025\/08\/Screen-Shot-2025-08-27-at-9.10.06-AM-129x73.png 129w, https:\/\/diarioelpopular.com\/wp-content\/uploads\/2025\/08\/Screen-Shot-2025-08-27-at-9.10.06-AM.png 860w\" sizes=\"auto, (max-width: 636px) 100vw, 636px\" \/><\/p>\n<p>&nbsp;<\/p>\n<div class=\"bbc-19j92fr ebmt73l0\" dir=\"ltr\">\n<h4 class=\"bbc-hhl7in e17g058b0\" dir=\"ltr\"><em><b>&#8211; Un cuadro robado por los nazis a un comerciante de arte jud\u00edo en \u00c1msterdam fue localizado en el sitio web de una agencia inmobiliaria que vende una casa en Argentina, m\u00e1s de 80 a\u00f1os despu\u00e9s de su desaparici\u00f3n. La justicia se demor\u00f3 en allanar la vivienda y la pintura despareci\u00f3<\/b><\/em><\/h4>\n<\/div>\n<div class=\"bbc-19j92fr ebmt73l0\" dir=\"ltr\">\n<p dir=\"ltr\">\n<p class=\"bbc-hhl7in e17g058b0\" dir=\"ltr\">Una de las fotograf\u00edas del anuncio muestra el retrato de una dama del maestro italiano Giuseppe Ghislandi (1655-1743) colgado sobre un sof\u00e1 dentro de una casa de Mar del Plata, una ciudad a unos 400 kil\u00f3metros al sur de la ciudad de Buenos Aires.<\/p>\n<\/div>\n<div class=\"bbc-19j92fr ebmt73l0\" dir=\"ltr\">\n<p class=\"bbc-hhl7in e17g058b0\" dir=\"ltr\">La casa fue propiedad del oficial de las SS y alto asesor financiero del criminal de guerra Hermann G\u00f6ring, Friedrich Kadgien, quien se escap\u00f3 a Sudam\u00e9rica, junto a otro centenar de nazis, despu\u00e9s de la Segunda Guerra Mundial.<\/p>\n<\/div>\n<div class=\"bbc-19j92fr ebmt73l0\" dir=\"ltr\">\n<p class=\"bbc-hhl7in e17g058b0\" dir=\"ltr\">La pintura, que figura en una base de datos de arte perdido de tiempos de guerra, fue localizada cuando la casa fue puesta a la venta por la hija del funcionario nazi, seg\u00fan inform\u00f3 el peri\u00f3dico holand\u00e9s Algemeen Dagblad (AD).<\/p>\n<\/div>\n<div class=\"bbc-19j92fr ebmt73l0\" dir=\"ltr\">\n<p class=\"bbc-hhl7in e17g058b0\" dir=\"ltr\">La empresa inmobiliaria que public\u00f3 el anuncio sobre la venta del inmueble lo mantuvo en su p\u00e1gina web hasta este lunes, cuando lo retir\u00f3 luego de que se propagara la investigaci\u00f3n del diario AD.<\/p>\n<\/div>\n<div class=\"bbc-19j92fr ebmt73l0\" dir=\"ltr\">\n<p class=\"bbc-hhl7in e17g058b0\" dir=\"ltr\">Al d\u00eda siguiente, la justicia argentina allan\u00f3 la casa, pero el cuadro ya no estaba.<\/p>\n<\/div>\n<div class=\"bbc-19j92fr ebmt73l0\" dir=\"ltr\">\n<p class=\"bbc-hhl7in e17g058b0\" dir=\"ltr\">&#8220;No est\u00e1 el cuadro, solo se secuestr\u00f3 una carabina y un rev\u00f3lver calibre 32&#8221;, dijo el fiscal Carlos Mart\u00ednez a la prensa local tras salir del domicilio de Padre Cardiel al 4100.<\/p>\n<\/div>\n<div class=\"bbc-19j92fr ebmt73l0\" dir=\"ltr\">\n<p class=\"bbc-hhl7in e17g058b0\" dir=\"ltr\">Los funcionarios judiciales esperan que los due\u00f1os de la casa, Patricia Kadgien \u2014una empresaria textil de 59 a\u00f1os\u2014 y su marido, se presenten ante los tribunales pr\u00f3ximamente.<\/p>\n<\/div>\n<div class=\"bbc-19j92fr ebmt73l0\" dir=\"ltr\">\n<p class=\"bbc-hhl7in e17g058b0\" dir=\"ltr\">La obra de arte se encuentra entre los cientos de objetos saqueados al comerciante de arte Jacques Goudstikker, quien ayud\u00f3 a otros jud\u00edos a escapar durante la guerra.<\/p>\n<\/div>\n<div class=\"bbc-19j92fr ebmt73l0\" dir=\"ltr\">\n<p class=\"bbc-hhl7in e17g058b0\" dir=\"ltr\">Goudstikker muri\u00f3 en un accidente en un barco mientras escapaba de los Pa\u00edses Bajos y est\u00e1 enterrado en Inglaterra.<\/p>\n<\/div>\n<div class=\"bbc-19j92fr ebmt73l0\" dir=\"ltr\">\n<p class=\"bbc-hhl7in e17g058b0\" dir=\"ltr\">Despu\u00e9s de su muerte, m\u00e1s de 1.100 obras de la colecci\u00f3n de Goudstikker fueron adquiridas en una venta forzada por l\u00edderes nazis, entre ellos el mariscal del Reich Hermann G\u00f6ring.<\/p>\n<\/div>\n<div class=\"bbc-19j92fr ebmt73l0\" dir=\"ltr\">\n<p class=\"bbc-hhl7in e17g058b0\" dir=\"ltr\">Tras la guerra, algunas obras fueron recuperadas en Alemania y expuestas en el Rijkmuseum de \u00c1msterdam como parte de la colecci\u00f3n nacional holandesa.<\/p>\n<\/div>\n<div class=\"bbc-19j92fr ebmt73l0\" dir=\"ltr\">\n<p class=\"bbc-hhl7in e17g058b0\" dir=\"ltr\">La \u00fanica heredera superviviente de Goudstikker, su nuera Marei von Saher, recuper\u00f3 202 piezas en 2006, seg\u00fan informa AD.<\/p>\n<\/div>\n<div class=\"bbc-19j92fr ebmt73l0\" dir=\"ltr\">\n<p class=\"bbc-hhl7in e17g058b0\" dir=\"ltr\">Pero un cuadro, un retrato de la condesa Colleoni realizado por el retratista del barroco tard\u00edo Giuseppe Ghislandi, continuaba desaparecido hasta ahora.<\/p>\n<p dir=\"ltr\">\n<\/div>\n<figure class=\"bbc-1qn0xuy\">\n<div class=\"bbc-1gbs0ve\">\n<div style=\"width: 650px\" class=\"wp-caption alignnone\"><img loading=\"lazy\" decoding=\"async\" class=\"bbc-139onq\" src=\"https:\/\/ichef.bbci.co.uk\/ace\/ws\/640\/cpsprodpb\/eb51\/live\/2ce42660-832a-11f0-a34f-318be3fb0481.jpg.webp\" sizes=\"auto, (min-width: 1008px) 760px, 100vw\" srcset=\"https:\/\/ichef.bbci.co.uk\/ace\/ws\/240\/cpsprodpb\/eb51\/live\/2ce42660-832a-11f0-a34f-318be3fb0481.jpg.webp 240w, https:\/\/ichef.bbci.co.uk\/ace\/ws\/320\/cpsprodpb\/eb51\/live\/2ce42660-832a-11f0-a34f-318be3fb0481.jpg.webp 320w, https:\/\/ichef.bbci.co.uk\/ace\/ws\/480\/cpsprodpb\/eb51\/live\/2ce42660-832a-11f0-a34f-318be3fb0481.jpg.webp 480w, https:\/\/ichef.bbci.co.uk\/ace\/ws\/624\/cpsprodpb\/eb51\/live\/2ce42660-832a-11f0-a34f-318be3fb0481.jpg.webp 624w, https:\/\/ichef.bbci.co.uk\/ace\/ws\/640\/cpsprodpb\/eb51\/live\/2ce42660-832a-11f0-a34f-318be3fb0481.jpg.webp 640w\" alt=\"Retrato de una dama del pintor italiano Giuseppe Ghislandi.\" width=\"640\" height=\"883\" \/><p class=\"wp-caption-text\">Fuente de la imagen,Wikimedia Commons.\u00a0 Retrato de una dama del maestro italiano Giuseppe Ghislandi<\/p><\/div>\n<p class=\"bbc-by8ykd\" role=\"text\">\n<\/div>\n<\/figure>\n<div class=\"bbc-19j92fr ebmt73l0\" dir=\"ltr\">\n<p dir=\"ltr\">\n<p class=\"bbc-hhl7in e17g058b0\" dir=\"ltr\">Una investigaci\u00f3n de AD sac\u00f3 a la luz documentos de la \u00e9poca de la guerra que sugieren que el cuadro estaba en posesi\u00f3n de Friedrich Kadgien, quien era considerado como la mano derecha de G\u00f6ring.<\/p>\n<\/div>\n<div class=\"bbc-19j92fr ebmt73l0\" dir=\"ltr\">\n<p class=\"bbc-hhl7in e17g058b0\" dir=\"ltr\">El funcionario nazi huy\u00f3 a Suiza en 1945, luego se mud\u00f3 a Brasil, antes de acabar en Argentina, donde se convirti\u00f3 en un exitoso hombre de negocios.<\/p>\n<\/div>\n<div class=\"bbc-19j92fr ebmt73l0\" dir=\"ltr\">\n<p class=\"bbc-hhl7in e17g058b0\" dir=\"ltr\">Kadgien fue descrito como una &#8220;serpiente de la m\u00e1s baja cala\u00f1a&#8221; por interrogadores estadounidenses y muri\u00f3 en 1979.<\/p>\n<\/div>\n<div class=\"bbc-19j92fr ebmt73l0\" dir=\"ltr\">\n<p class=\"bbc-hhl7in e17g058b0\" dir=\"ltr\">Un archivo estadounidense visto por AD tambi\u00e9n indica que las notas sobre Kadgien de la \u00e9poca incluyen la frase: &#8220;Parece poseer activos sustanciales, que a\u00fan podr\u00edan sernos valiosos&#8221;.<\/p>\n<\/div>\n<div class=\"bbc-19j92fr ebmt73l0\" dir=\"ltr\">\n<h2 id=\"Un-golpe-de-suerte\" class=\"bbc-1lgzob2 eglt09e0\" tabindex=\"-1\">Un golpe de suerte<\/h2>\n<\/div>\n<div class=\"bbc-19j92fr ebmt73l0\" dir=\"ltr\">\n<p class=\"bbc-hhl7in e17g058b0\" dir=\"ltr\">El diario AD cuenta que durante varios a\u00f1os ha intentado hablar de Kadgien con las dos hijas del difunto l\u00edder nazi en Buenos Aires y sobre las obras de arte desaparecidas, pero sin \u00e9xito.<\/p>\n<\/div>\n<div class=\"bbc-19j92fr ebmt73l0\" dir=\"ltr\">\n<p class=\"bbc-hhl7in e17g058b0\" dir=\"ltr\">Sin embargo, los periodistas tuvieron un golpe de suerte cuando una de las hijas de Kadgien puso a la venta la casa, que fue propiedad del nazi, a trav\u00e9s de un agente inmobiliario especializado en propiedades argentinas caras.<\/p>\n<\/div>\n<div class=\"bbc-19j92fr ebmt73l0\" dir=\"ltr\">\n<p class=\"bbc-hhl7in e17g058b0\" dir=\"ltr\">&#8220;No hay motivos para pensar que pueda ser una copia&#8221;, afirmaron Annelies Kool y Perry Schrier, de la Agencia de Patrimonio Cultural de los Pa\u00edses Bajos (RCE), quienes revisaron las fotograf\u00edas para AD.<\/p>\n<\/div>\n<div class=\"bbc-19j92fr ebmt73l0\" dir=\"ltr\">\n<p class=\"bbc-hhl7in e17g058b0\" dir=\"ltr\">Otra obra de arte robada, un bodeg\u00f3n floral del pintor holand\u00e9s del siglo XVII Abraham Mignon, tambi\u00e9n fue vista en una de las redes sociales de la hermana, informa AD.<\/p>\n<\/div>\n<div class=\"bbc-19j92fr ebmt73l0\" dir=\"ltr\">\n<p class=\"bbc-hhl7in e17g058b0\" dir=\"ltr\">Todos los intentos de hablar con las hermanas desde que se vio la foto han fracasado, seg\u00fan AD, y una de ellas le dijo al peri\u00f3dico: &#8220;No s\u00e9 qu\u00e9 informaci\u00f3n quieren de m\u00ed y no s\u00e9 de qu\u00e9 pintura est\u00e1n hablando&#8221;.<\/p>\n<\/div>\n<div class=\"bbc-19j92fr ebmt73l0\" dir=\"ltr\">\n<p class=\"bbc-hhl7in e17g058b0\" dir=\"ltr\">Los abogados del patrimonio de Goudstikker dijeron que har\u00edan todo lo posible para recuperar la pintura, que fue retirada y escondida.<\/p>\n<\/div>\n<div class=\"bbc-19j92fr ebmt73l0\" dir=\"ltr\">\n<p class=\"bbc-hhl7in e17g058b0\" dir=\"ltr\">&#8220;Mi familia aspira a recuperar cada una de las obras de arte robadas de la colecci\u00f3n de Jacques y restaurar su legado&#8221;, afirm\u00f3 von Saher.<\/p>\n<\/div>\n","protected":false},"excerpt":{"rendered":"<p>&nbsp; &#8211; Un cuadro robado por los nazis a un comerciante de arte jud\u00edo en \u00c1msterdam fue localizado en el sitio web de una agencia&hellip;<\/p>\n","protected":false},"author":99,"featured_media":535380,"comment_status":"open","ping_status":"open","sticky":false,"template":"","format":"standard","meta":{"footnotes":""},"categories":[23],"tags":[],"class_list":["post-535379","post","type-post","status-publish","format-standard","has-post-thumbnail","hentry","category-latinoamerica"],"_links":{"self":[{"href":"https:\/\/diarioelpopular.com\/index.php\/wp-json\/wp\/v2\/posts\/535379","targetHints":{"allow":["GET"]}}],"collection":[{"href":"https:\/\/diarioelpopular.com\/index.php\/wp-json\/wp\/v2\/posts"}],"about":[{"href":"https:\/\/diarioelpopular.com\/index.php\/wp-json\/wp\/v2\/types\/post"}],"author":[{"embeddable":true,"href":"https:\/\/diarioelpopular.com\/index.php\/wp-json\/wp\/v2\/users\/99"}],"replies":[{"embeddable":true,"href":"https:\/\/diarioelpopular.com\/index.php\/wp-json\/wp\/v2\/comments?post=535379"}],"version-history":[{"count":1,"href":"https:\/\/diarioelpopular.com\/index.php\/wp-json\/wp\/v2\/posts\/535379\/revisions"}],"predecessor-version":[{"id":535381,"href":"https:\/\/diarioelpopular.com\/index.php\/wp-json\/wp\/v2\/posts\/535379\/revisions\/535381"}],"wp:featuredmedia":[{"embeddable":true,"href":"https:\/\/diarioelpopular.com\/index.php\/wp-json\/wp\/v2\/media\/535380"}],"wp:attachment":[{"href":"https:\/\/diarioelpopular.com\/index.php\/wp-json\/wp\/v2\/media?parent=535379"}],"wp:term":[{"taxonomy":"category","embeddable":true,"href":"https:\/\/diarioelpopular.com\/index.php\/wp-json\/wp\/v2\/categories?post=535379"},{"taxonomy":"post_tag","embeddable":true,"href":"https:\/\/diarioelpopular.com\/index.php\/wp-json\/wp\/v2\/tags?post=535379"}],"curies":[{"name":"wp","href":"https:\/\/api.w.org\/{rel}","templated":true}]}}